{"id":402828,"date":"2018-11-12T00:07:14","date_gmt":"2018-11-12T06:07:14","guid":{"rendered":"https:\/\/www.diarioimagen.net\/?p=402828"},"modified":"2018-11-12T06:36:33","modified_gmt":"2018-11-12T12:36:33","slug":"huixquilucan-atiende-a-poblacion-de-todas-las-edades-toca-a-jovenes","status":"publish","type":"post","link":"https:\/\/www.diarioimagen.net\/?p=402828","title":{"rendered":"Huixquilucan atiende a poblaci\u00f3n de todas las edades; toca a j\u00f3venes"},"content":{"rendered":"<ul>\n<li><strong><em>Tratamiento psicol\u00f3gico a adolescentes<\/em><\/strong><\/li>\n<\/ul>\n<p>&nbsp;<\/p>\n<div id=\"attachment_402934\" style=\"width: 470px\" class=\"wp-caption aligncenter\"><a href=\"https:\/\/www.diarioimagen.net\/?attachment_id=402934\" rel=\"attachment wp-att-402934\"><img loading=\"lazy\" decoding=\"async\" aria-describedby=\"caption-attachment-402934\" class=\"size-large wp-image-402934\" src=\"https:\/\/www.diarioimagen.net\/wp-content\/uploads\/2018\/11\/HUIXQUILUCAN-3496-460x259.jpg\" alt=\"\" width=\"460\" height=\"259\" srcset=\"https:\/\/www.diarioimagen.net\/wp-content\/uploads\/2018\/11\/HUIXQUILUCAN-3496-460x259.jpg 460w, https:\/\/www.diarioimagen.net\/wp-content\/uploads\/2018\/11\/HUIXQUILUCAN-3496-240x135.jpg 240w, https:\/\/www.diarioimagen.net\/wp-content\/uploads\/2018\/11\/HUIXQUILUCAN-3496-235x132.jpg 235w, https:\/\/www.diarioimagen.net\/wp-content\/uploads\/2018\/11\/HUIXQUILUCAN-3496-202x114.jpg 202w, https:\/\/www.diarioimagen.net\/wp-content\/uploads\/2018\/11\/HUIXQUILUCAN-3496-350x196.jpg 350w, https:\/\/www.diarioimagen.net\/wp-content\/uploads\/2018\/11\/HUIXQUILUCAN-3496-220x123.jpg 220w, https:\/\/www.diarioimagen.net\/wp-content\/uploads\/2018\/11\/HUIXQUILUCAN-3496-237x132.jpg 237w, https:\/\/www.diarioimagen.net\/wp-content\/uploads\/2018\/11\/HUIXQUILUCAN-3496.jpg 480w\" sizes=\"auto, (max-width: 460px) 100vw, 460px\" \/><\/a><p id=\"caption-attachment-402934\" class=\"wp-caption-text\">Mar\u00eda Isabel Cerezo precis\u00f3 que establecer l\u00edmites y demostrarles amor, respetando sus espacios, permite a los adolescentes adaptarse.<\/p><\/div>\n<p>&nbsp;<\/p>\n<p><strong>Huixquilucan, Estado de M\u00e9xico<\/strong>.- Para proporcionar a los padres de familia informaci\u00f3n clara acerca de los cambios a los que se enfrentan los j\u00f3venes durante su desarrollo, el Sistema Municipal para el Desarrollo Integral de la Familia (DIF) Huixquilucan, realiz\u00f3 una pl\u00e1tica con el tema \u201cAdolescencia\u201d, en el Centro de Rehabilitaci\u00f3n Integral contra las Adicciones (CRIA).<\/p>\n<p>Mar\u00eda Isabel Cerezo Corredera, especialista en temas de familia, record\u00f3 que durante esta etapa, los adolescentes est\u00e1n en un proceso de adaptaci\u00f3n con su cuerpo y entorno, por lo que es de vital importancia la comunicaci\u00f3n con sus padres.<\/p>\n<p>Precis\u00f3 que establecer l\u00edmites y demostrarles amor, respetando sus espacios, permite a los adolescentes transitar por esta etapa de su vida de una manera m\u00e1s sencilla.<\/p>\n<p>La subdirectora de Atenci\u00f3n Psicol\u00f3gica del DIF, Ana Luisa P\u00e9rez Aguilar, mencion\u00f3 a los asistentes que como parte del tratamiento de las personas internadas en el CRIA, est\u00e1 el atender a las familias para poder interactuar con nuevos conocimientos y contribuir a que la reintegraci\u00f3n a la sociedad de los j\u00f3venes sea m\u00e1s f\u00e1cil.<\/p>\n<p>Durante la pl\u00e1tica, se record\u00f3 que los cambios f\u00edsicos, mentales y emocionales, caracter\u00edsticos de la adolescencia, culminan pasando los veinte a\u00f1os, por lo que se invit\u00f3 a los padres de familia acompa\u00f1ar a sus hijos, para que al transitar por esta etapa eviten caer en alg\u00fan tipo de adicci\u00f3n.<\/p>\n","protected":false},"excerpt":{"rendered":"<p>Para proporcionar a los padres de familia informaci\u00f3n clara acerca de los cambios a los que se enfrentan los j\u00f3venes durante su desarrollo, el Sistema Municipal para el Desarrollo Integral de la Familia (DIF) Huixquilucan, realiz\u00f3 una pl\u00e1tica con el tema \u201cAdolescencia\u201d, en el Centro de Rehabilitaci\u00f3n Integral contra las Adicciones (CRIA). <\/p>\n","protected":false},"author":3,"featured_media":402934,"comment_status":"open","ping_status":"open","sticky":false,"template":"","format":"standard","meta":{"_monsterinsights_skip_tracking":false,"_monsterinsights_sitenote_active":false,"_monsterinsights_sitenote_note":"","_monsterinsights_sitenote_category":0,"footnotes":""},"categories":[35155],"tags":[79999,43675,1097],"class_list":["post-402828","post","type-post","status-publish","format-standard","has-post-thumbnail","hentry","category-estado-de-mexico-estado-de-mexico","tag-centro-de-rehabilitacion-integral-contra-las-adicciones","tag-estado-de-mexico","tag-huixquilucan"],"_links":{"self":[{"href":"https:\/\/www.diarioimagen.net\/index.php?rest_route=\/wp\/v2\/posts\/402828","targetHints":{"allow":["GET"]}}],"collection":[{"href":"https:\/\/www.diarioimagen.net\/index.php?rest_route=\/wp\/v2\/posts"}],"about":[{"href":"https:\/\/www.diarioimagen.net\/index.php?rest_route=\/wp\/v2\/types\/post"}],"author":[{"embeddable":true,"href":"https:\/\/www.diarioimagen.net\/index.php?rest_route=\/wp\/v2\/users\/3"}],"replies":[{"embeddable":true,"href":"https:\/\/www.diarioimagen.net\/index.php?rest_route=%2Fwp%2Fv2%2Fcomments&post=402828"}],"version-history":[{"count":0,"href":"https:\/\/www.diarioimagen.net\/index.php?rest_route=\/wp\/v2\/posts\/402828\/revisions"}],"wp:featuredmedia":[{"embeddable":true,"href":"https:\/\/www.diarioimagen.net\/index.php?rest_route=\/wp\/v2\/media\/402934"}],"wp:attachment":[{"href":"https:\/\/www.diarioimagen.net\/index.php?rest_route=%2Fwp%2Fv2%2Fmedia&parent=402828"}],"wp:term":[{"taxonomy":"category","embeddable":true,"href":"https:\/\/www.diarioimagen.net\/index.php?rest_route=%2Fwp%2Fv2%2Fcategories&post=402828"},{"taxonomy":"post_tag","embeddable":true,"href":"https:\/\/www.diarioimagen.net\/index.php?rest_route=%2Fwp%2Fv2%2Ftags&post=402828"}],"curies":[{"name":"wp","href":"https:\/\/api.w.org\/{rel}","templated":true}]}}