{"id":402843,"date":"2018-11-12T00:02:41","date_gmt":"2018-11-12T06:02:41","guid":{"rendered":"https:\/\/www.diarioimagen.net\/?p=402843"},"modified":"2018-11-12T01:28:14","modified_gmt":"2018-11-12T07:28:14","slug":"solo-mexicanos-en-mision-de-exploracion-a-marte","status":"publish","type":"post","link":"https:\/\/www.diarioimagen.net\/?p=402843","title":{"rendered":"S\u00f3lo mexicanos en misi\u00f3n de exploraci\u00f3n a Marte"},"content":{"rendered":"<h2>\u201cHora 14\u201d<\/h2>\n<h5>Mauricio Conde Olivares<\/h5>\n<p>&nbsp;<\/p>\n<p>La Asociaci\u00f3n Nacional de Alcaldes (ANAC) invit\u00f3 a una rueda de prensa para dar a conocer la realizaci\u00f3n de la Conferencia Anual de Municipios 2018, Encuentro Nacional de Presidentes Municipales y Autoridades Locales, que tendr\u00e1 lugar 26 y 27 de noviembre en el Hotel Hilton City Reforma.<\/p>\n<p>Al efecto, este lunes a las 12:30 horas, en la Torre Azul, ubicada en Paseo de la Reforma 136, Colonia Ju\u00e1rez, C.P. 0660 Ciudad de M\u00e9xico, en el piso 3, se dar\u00e1n los pormenores.<\/p>\n<p>Por otra parte, le comento que la Procuradur\u00eda Federal de Protecci\u00f3n al Ambiente clausur\u00f3 cuatro predios, localizados en el \u00c1rea Natural Protegida con car\u00e1cter de \u00c1rea de Protecci\u00f3n de Flora y Fauna Yum Balam, en Isla Holbox, Quintana Roo. Donde se afect\u00f3 una superficie de cuatro mil 408 metros cuadrados de un ecosistema de vegetaci\u00f3n de manglar.<\/p>\n<p>Personal actuante verific\u00f3 la tala y desmonte de vegetaci\u00f3n de mangle botoncillo (Conacorpus erectus) mangle blanco (Laguncularia racemosa), mangle negro (Avicenia germinans) y palma chit (thrinax radiata), especies consideradas en la norma oficial mexicana, NOM-059-Semarnat-2010, en la categor\u00eda de Amenazada (A), as\u00ed como vegetaci\u00f3n secundaria.<\/p>\n<p>Los inspectores atendieron una denuncia popular interpuesta ante la Profepa por actividades relacionadas con el cambio de uso de suelo en terrenos forestales a predios o conjunto de predios al interior del Yum Balam en la Isla de Holbox, municipio de L\u00e1zaro C\u00e1rdenas, Quintana Roo.<\/p>\n<p>En la visita se verific\u00f3 que la remoci\u00f3n de vegetaci\u00f3n natural corresponde a un ecosistema de vegetaci\u00f3n arb\u00f3rea de manglar, misma que afect\u00f3 una superficie de cuatro mil 408 metros cuadrados.<\/p>\n<p>Tambi\u00e9n se observaron actividades antropog\u00e9nicas en otros espacios que da\u00f1aron la vegetaci\u00f3n natural; el segundo, en un terreno de mil 276 metros cuadrados; y otro m\u00e1s de 916 metros cuadrados.<\/p>\n<p>Se sum\u00f3 a la afectaci\u00f3n un \u00e1rea de 583.12 m2, aparentemente motivada por la apertura de un camino de acceso en el que tambi\u00e9n se registr\u00f3 un \u00e1rea desprovista de vegetaci\u00f3n de manglar.<\/p>\n<p>Las actividades anteriores, se realizaron sin contar con la autorizaci\u00f3n de la Secretar\u00eda de Medio Ambiente y Recursos Naturales en materia de cambio de uso de suelo en terrenos forestales.<\/p>\n<p>Con fundamento en el art\u00edculo 170, fracci\u00f3n I, de la Ley General de Equilibrio Ecol\u00f3gico y la Protecci\u00f3n al Ambiente se impuso como medida de seguridad la Clausura Temporal Total de las actividades y trabajos de remoci\u00f3n de la cobertura vegetal en los predios o el conjunto de predios inspeccionados.<\/p>\n<p>De acuerdo con lo establecido en la Ley General de Desarrollo Forestal Sustentable, los presuntos responsables de las violaciones cometidas podr\u00e1n ser sancionados con la imposici\u00f3n de una multa por el equivalente de 100 a 20,000 veces la Unidad de Medida y Actualizaci\u00f3n, as\u00ed como ser obligados a llevar a cabo las actividades de restauraci\u00f3n de los sitios afectados, independientemente de las sanciones penales que resulten.<\/p>\n<p>Conforme a lo previsto en el art\u00edculo 418 del C\u00f3digo Penal Federal, dichas conductas pueden derivar en un delito penal y considera una pena de seis meses a nueve a\u00f1os de prisi\u00f3n y por equivalente de cien a tres mil d\u00edas multa.<\/p>\n<p>Usted debe saber que la Agencia Espacial Mexicana (AEM), organismo descentralizado de la Secretar\u00eda de Comunicaciones y Transportes (SCT), inform\u00f3 de la pr\u00f3xima realizaci\u00f3n de la Misi\u00f3n de Exploraci\u00f3n 1 (MEx-1), en lo que ser\u00e1 la primera Misi\u00f3n An\u00e1loga a Marte con tripulaci\u00f3n compuesta totalmente por j\u00f3venes mexicanos en la historia del pa\u00eds, ello en coordinaci\u00f3n con la \u201cMars Society\u201d (MS), de los Estados Unidos.<\/p>\n<p>El Director General de AEM, Dr. Javier Mendieta Jim\u00e9nez, explic\u00f3 que este suceso tendr\u00e1 lugar del 15 al 30 de diciembre de este a\u00f1o, en la estaci\u00f3n de investigaci\u00f3n \u201cMars Desert Research Station\u201c (MDRS) de la MS en Utah, EU, y destac\u00f3 que estos j\u00f3venes se convierten en gran motivo de orgullo para nuestro pa\u00eds, continuando su incansable esfuerzo para traer los beneficios sociales de la ciencia y tecnolog\u00eda espacial a nuestra poblaci\u00f3n, articulando industria, academia, y gobierno.<\/p>\n<p>Este in\u00e9dito entrenamiento espacial, con apoyo de la AEM, la Sociedad de Cient\u00edficos An\u00f3nimos y The Mars Archive, tendr\u00e1 seis tripulantes in situ, en EU, con un equipo de acompa\u00f1amiento y soporte \u201cen Tierra\u201d desde M\u00e9xico, y ser\u00e1 orgullosamente liderado por una mujer, Tania Mar\u00eda Robles Hern\u00e1ndez, estudiante de Ingenier\u00eda Mec\u00e1nica (comandante de la tripulaci\u00f3n), con Juan Carlos Mariscal G\u00f3mez, Ingeniero en Computaci\u00f3n, como su Oficial Ejecutivo.<\/p>\n<p>Al igual que por C\u00e9sar Augusto Serrano Baza, Ingeniero Mecatr\u00f3nico e Ingeniero Mec\u00e1nico (Tripulante Ingeniero); Genaro Grajeda L\u00f3pez, Ingeniero Aeroespacial (Oficial de Seguridad y Salud); Federico Mart\u00ednez Espinoza, Ingeniero Mecatr\u00f3nico (Tripulante Astr\u00f3nomo), y Walter Abd\u00edas Calles Glass, Ingeniero en Comunicaciones y Electr\u00f3nica (Oficial de H\u00e1bitat Verde); j\u00f3venes que son ejemplo del capital humano que se ha logrado formar en muchas actividades coorganizadas por la AEM desde 2013, y de quienes sus historias son altamente inspiradoras.<\/p>\n<p>A su regreso a M\u00e9xico, estos j\u00f3venes pioneros, ingenieros inspirados hacia el espacio por la AEM, desean a su vez acercar m\u00e1s vocaciones tempranas de ni\u00f1os y j\u00f3venes a nuestro sector aeroespacial, e incentivar a estudiantes y emprendedores a desarrollar actividades empresariales enfocadas en la creaci\u00f3n e integraci\u00f3n de proyectos mediante recursos espaciales o de alta tecnolog\u00eda.<\/p>\n<p>Esta misi\u00f3n MEx-1 tambi\u00e9n validar\u00e1 tecnolog\u00eda de exploraci\u00f3n espacial desarrollada por emprendedores mexicanos, documentando y generando la informaci\u00f3n hist\u00f3rica necesaria para poder realizar iteraciones posteriores de este hito, en preparaci\u00f3n de una MEx-2, e incluso, para llegar a lograr el proyecto de construir una estaci\u00f3n de entrenamiento an\u00e1loga de astronautas en nuestro pa\u00eds; empero, lo anterior ser\u00e1 motivo de posterior an\u00e1lisis en otra entrega de <strong><em>Hora 14<\/em><\/strong>.<\/p>\n<p><em><a href=\"mailto:%20mauricio_conde@msn.com\" target=\"_blank\" rel=\"noopener\">mauricioconde59@outlook.com<\/a><\/em><br \/>\n<a href=\"https:\/\/mauriciocondeblog.wordpress.com\" target=\"_blank\" rel=\"noopener\"><em>https:\/\/mauriciocondeblog.wordpress.com<\/em><\/a><\/p>\n","protected":false},"excerpt":{"rendered":"<p><span style=\"color: #005497;\"><strong>Mauricio Conde Olivares<\/strong><\/span><\/p>\n","protected":false},"author":3,"featured_media":0,"comment_status":"open","ping_status":"open","sticky":false,"template":"","format":"standard","meta":{"_monsterinsights_skip_tracking":false,"_monsterinsights_sitenote_active":false,"_monsterinsights_sitenote_note":"","_monsterinsights_sitenote_category":0,"footnotes":""},"categories":[35889],"tags":[43712,43674,44860],"class_list":["post-402843","post","type-post","status-publish","format-standard","hentry","category-mauricio-conde-olivares","tag-mauricio-conde-olivares","tag-opinion","tag-hora-14"],"_links":{"self":[{"href":"https:\/\/www.diarioimagen.net\/index.php?rest_route=\/wp\/v2\/posts\/402843","targetHints":{"allow":["GET"]}}],"collection":[{"href":"https:\/\/www.diarioimagen.net\/index.php?rest_route=\/wp\/v2\/posts"}],"about":[{"href":"https:\/\/www.diarioimagen.net\/index.php?rest_route=\/wp\/v2\/types\/post"}],"author":[{"embeddable":true,"href":"https:\/\/www.diarioimagen.net\/index.php?rest_route=\/wp\/v2\/users\/3"}],"replies":[{"embeddable":true,"href":"https:\/\/www.diarioimagen.net\/index.php?rest_route=%2Fwp%2Fv2%2Fcomments&post=402843"}],"version-history":[{"count":0,"href":"https:\/\/www.diarioimagen.net\/index.php?rest_route=\/wp\/v2\/posts\/402843\/revisions"}],"wp:attachment":[{"href":"https:\/\/www.diarioimagen.net\/index.php?rest_route=%2Fwp%2Fv2%2Fmedia&parent=402843"}],"wp:term":[{"taxonomy":"category","embeddable":true,"href":"https:\/\/www.diarioimagen.net\/index.php?rest_route=%2Fwp%2Fv2%2Fcategories&post=402843"},{"taxonomy":"post_tag","embeddable":true,"href":"https:\/\/www.diarioimagen.net\/index.php?rest_route=%2Fwp%2Fv2%2Ftags&post=402843"}],"curies":[{"name":"wp","href":"https:\/\/api.w.org\/{rel}","templated":true}]}}