{"id":402857,"date":"2018-11-12T00:09:37","date_gmt":"2018-11-12T06:09:37","guid":{"rendered":"https:\/\/www.diarioimagen.net\/?p=402857"},"modified":"2018-11-12T06:57:59","modified_gmt":"2018-11-12T12:57:59","slug":"juicio-y-condena-a-epn-exigencia-de-30-millones-de-mexicanos","status":"publish","type":"post","link":"https:\/\/www.diarioimagen.net\/?p=402857","title":{"rendered":"Juicio y condena a EPN. Exigencia de 30 millones de mexicanos"},"content":{"rendered":"<h2>\u00cdndice pol\u00edtico<\/h2>\n<h5>Francisco Rodr\u00edguez<\/h5>\n<p>&nbsp;<\/p>\n<div id=\"attachment_402946\" style=\"width: 470px\" class=\"wp-caption aligncenter\"><a href=\"https:\/\/www.diarioimagen.net\/?attachment_id=402946\" rel=\"attachment wp-att-402946\"><img loading=\"lazy\" decoding=\"async\" aria-describedby=\"caption-attachment-402946\" class=\"size-large wp-image-402946\" src=\"https:\/\/www.diarioimagen.net\/wp-content\/uploads\/2018\/11\/promoviendo-la-mota-MARAL-460x262.jpg\" alt=\"\" width=\"460\" height=\"262\" srcset=\"https:\/\/www.diarioimagen.net\/wp-content\/uploads\/2018\/11\/promoviendo-la-mota-MARAL-460x262.jpg 460w, https:\/\/www.diarioimagen.net\/wp-content\/uploads\/2018\/11\/promoviendo-la-mota-MARAL-240x137.jpg 240w, https:\/\/www.diarioimagen.net\/wp-content\/uploads\/2018\/11\/promoviendo-la-mota-MARAL-768x438.jpg 768w, https:\/\/www.diarioimagen.net\/wp-content\/uploads\/2018\/11\/promoviendo-la-mota-MARAL-202x114.jpg 202w, https:\/\/www.diarioimagen.net\/wp-content\/uploads\/2018\/11\/promoviendo-la-mota-MARAL.jpg 1200w\" sizes=\"auto, (max-width: 460px) 100vw, 460px\" \/><\/a><p id=\"caption-attachment-402946\" class=\"wp-caption-text\">Promoviendo la \u00abmota\u00bb&#8230;| Maral<\/p><\/div>\n<p>&nbsp;<\/p>\n<p>El pripanismo perdi\u00f3 todo el sentido, la br\u00fajula y la direcci\u00f3n de un aparato pol\u00edtico que fue emblema de estabilidad y manejo de la cosa p\u00fablica. Tiene muchos a\u00f1os que el pa\u00eds se manosea desde la sospecha y la comprobaci\u00f3n del despojo, la entrega de la soberan\u00eda nacional y la traici\u00f3n. El nuevo r\u00e9gimen no debe cargar con ese fardo.<\/p>\n<p>Ni en sus momentos m\u00e1s execrables, el sistema mexicano lleg\u00f3, como ahora, al abismo de la ingobernabilidad, la falta de credibilidad y la p\u00e9rdida absoluta de la confianza ciudadana. Es el desierto o el infierno, donde al llegar se pierde toda esperanza. Llegamos al fondo de un pa\u00eds burlado por sus usufructuarios dizque gobernantes.<\/p>\n<p>En sus \u00e9pocas de relativo equilibrio, al sistema se le acus\u00f3 de haber optado por un modelo de modernizaci\u00f3n horizontal, sustentado en una gran concentraci\u00f3n de la riqueza para unos pocos, lo que produjo dos M\u00e9xicos, uno, aparentemente moderno, otro, en la desgracia.<\/p>\n<p>Perdimos los puntos de referencia, los rasgos de identidad como naci\u00f3n desde que los gorilas masacraron a los que s\u00f3lo ped\u00edan elementales respetos por las diferencias y las desigualdades y abogaban por las m\u00ednimas aperturas. Los jen\u00edzaros sin escr\u00fapulos, nuestras joyas <em>Litempo<\/em> (agentes de la CIA) liquidaron toda soluci\u00f3n.<\/p>\n<p>Pero la desregulaci\u00f3n normativa, el permisionismo del embute, la entrega sin cuartel a los financieros neoyorquinos, la apertura comercial indiscriminada y el esquema de privatizaci\u00f3n de empresas productivas estatales sepult\u00f3 la capacidad de mejorar el nivel de vida de las clases m\u00e1s necesitadas. No tiene comparaci\u00f3n alguna.<\/p>\n<p>Su resultado fue la dependencia cr\u00f3nica en todos los terrenos de la vida nacional. La v\u00eda inflacionaria y el endeudamiento bestial provocaron el naufragio y el desplome. Desplazaron a los operadores pol\u00edticos y sociales para sustituirlos por patanes y simuladores de toda laya cuyas recetas copiadas del extranjero no ten\u00edan nada que ver con la realidad.<\/p>\n<p>Acabaron con liderazgos regionales para poder desmontar la producci\u00f3n industrial y agropecuaria. Los gobernantes perdieron no s\u00f3lo la br\u00fajula y el decoro, sino el equilibrio emocional, descomponiendo totalmente el escenario. Abarrotando de favoritos el cotarro.<\/p>\n<p>Impusieron las reformas precipitadas y anexionistas impuestas desde el exterior para cumplir todos los caprichos de agencias e infiltrados internacionales en la c\u00fapula presidencial. Pagaron todas las deudas de la imposici\u00f3n a rajatabla.<\/p>\n<p>Los errores fundamentales y la traici\u00f3n al pueblo fueron los dos extremos de una pinza en la que se ha fraguado la naturaleza desp\u00f3tica y autoritaria de un sistema pol\u00edtico que sobrevivi\u00f3 cien a\u00f1os en medio del robo, del esc\u00e1ndalo, pasando encima de sus detractores.<\/p>\n<p>Sin embargo, ninguna claque gobernante ha sido tan ominosamente desnudada en sus objetivos de rapi\u00f1a descomunal como la pandilla. Nadie hab\u00eda sido se\u00f1alado por llegar al poder con el \u00fanico objetivo de robar. Nadie, ninguna claque hab\u00eda pasado sin dejar huella de obra alguna.<\/p>\n<p>Nunca hab\u00edan saqueado todos al mismo tiempo. Ning\u00fan r\u00e9gimen hab\u00eda sido preparado maquinadamente para destruir al pa\u00eds y burlarse de sus dolorosos saldos. Nunca, nadie, hab\u00eda enterrado la esperanza. No existe registro nacional de un r\u00e9gimen tan desastroso y proditorio.<\/p>\n<p>El pe\u00f1ato tampoco tiene comparaci\u00f3n, en su ca\u00edda vertiginosa, con ning\u00fan otro r\u00e9gimen del siglo, por decirlo abiertamente. Aun si se mide con par\u00e1metros del siglo anterior.<\/p>\n<p>Ni durante la noche demag\u00f3gica del echeverriato, ni en el gorilato diazordacista, ni en la fan\u00e1tica ambici\u00f3n desaforada de alemanismo, ni durante el catatonismo avilacamachista, ni con los pasmarotes del Maximato, fueron tan demoledoramente criticados y expuestos.<\/p>\n<p>Ni en los momentos m\u00e1s pasmados y grises de Miguel de la Madrid, ni en la frivolidad del lopezportillismo, ni bajo el codicioso y voraz cordobismo-salinismo-zedillismo, los riscos de la ignorancia y la infamia, vimos algo siquiera parecido a la verg\u00fcenza de los <em>atlacomulcas<\/em>, s\u00edmbolo de lo peor que le pudo haber pasado a este pa\u00eds.<\/p>\n<p>En todos los puntos geogr\u00e1ficos del territorio nacional se oye el murmullo y la voz en pecho abierto que reclama y demanda la consulta popular para decidir una cuesti\u00f3n que se ha vuelto de seguridad nacional: llevar a juicio y condenar a Enrique Pe\u00f1a Nieto y sus c\u00f3mplices, para restaurar la dignidad del pa\u00eds.<\/p>\n<p>Nunca una petici\u00f3n como la anterior ha tenido el consenso mayoritario de una poblaci\u00f3n despreciada y explotada durante seis largos a\u00f1os. Lo relevante es que el tufo del <em>atracomulquismo<\/em> es tan penetrante que nunca se hab\u00eda pedido algo as\u00ed como una condici\u00f3n previa al inicio de un nuevo r\u00e9gimen.<\/p>\n<p>Pocas veces en nuestro trayecto, una necesidad inaplazable, un reclamo indeclinable ha tenido la fuerza para concitar tantas voluntades. Se afirma que fue mucho m\u00e1s dif\u00edcil echarlos del poder el pasado primero de julio, que aplicar decididamente la ley para los casos de corrupci\u00f3n y asesinato colectivo que han enlutado a los mexicanos.<\/p>\n<p>No se quiere que \u00e9sta sea una tarea de tribunales extranjeros, sino que se adopte casi como un programa de gobierno, como una decisi\u00f3n colectiva que no admite demora ni participaci\u00f3n externa en algo que s\u00f3lo compete a los mexicanos en pleno uso de su soberan\u00eda constitucional, jur\u00eddica y judicial.<\/p>\n<p>Es m\u00e1s, se afirma en diversos c\u00edrculos pol\u00edticos que \u00e9sa ser\u00eda la \u00fanica manera para que el nuevo r\u00e9gimen tuviera la credibilidad y la confianza de los mexicanos para decidir lo que a su derecho convenga. En caso de negarse, en cualquiera de sus formas y acepciones, regresar\u00edamos a la etapa cancelada.<\/p>\n<p>Llegamos a un nuevo gobierno, un nuevo sistema, nuevo r\u00e9gimen y nuevas maneras de abordar las soluciones urgentes e inaplazables. Los que llegan no tienen por qu\u00e9 cargar con tan pesado fardo.<\/p>\n<p>Este es el momento esperado. Deben demostrar con el ejemplo que efectivamente son diferentes. Que el pueblo no se equivoc\u00f3.<\/p>\n<p>\u00bfNo cree usted?<\/p>\n<p><strong><em>\u00cdndice Flam\u00edgero<\/em><\/strong><em>:<\/em> Mientras lo poco que queda de la CTM se dedica a elogiar al pe\u00f1ato \u2013al tiempo que pierde afiliados\u2014, ya hay quienes impulsan la creaci\u00f3n de una nueva organizaci\u00f3n obrera para acompa\u00f1ar la Cuarta Transformaci\u00f3n. Reci\u00e9n se conform\u00f3, en efecto, la Confederaci\u00f3n Aut\u00f3noma de Trabajadores y Empleados de M\u00e9xico (CATEM) que encabeza Pedro Haces Barba, senador suplente de Germ\u00e1n Mart\u00ednez, quien dijo que la confederaci\u00f3n aglutina a diversas organizaciones sindicales y que buscan dar un nuevo enfoque a las relaciones sindicales en el pa\u00eds, privilegiando la democracia interna y por ello celebr\u00f3 que el Estado mexicano reconozca el convenio 98 de la Organizaci\u00f3n Internacional del Trabajo (OIT), que garantiza que ning\u00fan trabajador puede ser despedido por su filiaci\u00f3n sindical. Por su parte, Patricia Sosa Castellanos, quien este lunes 12 de noviembre rendir\u00e1 protesta como dirigente de la Federaci\u00f3n Aut\u00f3noma de Trabajadores y Empleados del Estado de Baja California (FATEBC) que forma parte de CATEM ha dicho trabajar\u00e1 con el gobierno de L\u00f3pez Obrador para mejorar las condiciones de los trabajadores de esa entidad. En entrevista dej\u00f3 en claro que no est\u00e1n afiliados a ning\u00fan partido y la bandera la federaci\u00f3n que encabeza es analizar y resolver problemas que est\u00e1n afectando a los trabajadores de Baja California como el avance de las tecnolog\u00edas digitales y la robotizaci\u00f3n de los procesos productivos est\u00e1n ya desplazando a miles de trabajadores. \u201cEstos fen\u00f3menos asociados a la globalizaci\u00f3n son el principal desaf\u00edo para la clase trabajadora\u201d, dijo Sosa Castellanos, quien expuso que ante esta realidad se requiere un modelo sindical distinto, una organizaci\u00f3n moderna, m\u00e1s preparada y consciente de que se est\u00e1 produciendo una nueva forma de relacionarse laboralmente con el sector productivo.<\/p>\n<p><em><a href=\"http:\/\/www.indicepolitico.com\/\" target=\"_blank\" rel=\"noopener\">www.indicepolitico.com<\/a><\/em><br \/>\n<em><a href=\"mailto:pacorodriguez@journalist.com\" target=\"_blank\" rel=\"noopener\">pacorodriguez@journalist.com<\/a><\/em><br \/>\n<a href=\"https:\/\/twitter.com\/pacorodriguez\" target=\"_blank\" rel=\"noopener\">@pacorodriguez<\/a><\/p>\n","protected":false},"excerpt":{"rendered":"<p><span style=\"color: #005497;\"><strong>Francisco Rodr\u00edguez<\/strong><\/span><br \/>\n<br \/>\nEl pripanismo perdi\u00f3 todo el sentido, la br\u00fajula y la direcci\u00f3n de un aparato pol\u00edtico que fue emblema de estabilidad y manejo de la cosa p\u00fablica. Tiene muchos a\u00f1os que el pa\u00eds se manosea desde la sospecha y la comprobaci\u00f3n del despojo, la entrega de la soberan\u00eda nacional y la traici\u00f3n. El nuevo r\u00e9gimen no debe cargar con ese fardo.<\/p>\n","protected":false},"author":3,"featured_media":402946,"comment_status":"open","ping_status":"open","sticky":false,"template":"","format":"standard","meta":{"_monsterinsights_skip_tracking":false,"_monsterinsights_sitenote_active":false,"_monsterinsights_sitenote_note":"","_monsterinsights_sitenote_category":0,"footnotes":""},"categories":[549],"tags":[43689,550,43674],"class_list":["post-402857","post","type-post","status-publish","format-standard","has-post-thumbnail","hentry","category-francisco-rodriguez","tag-francisco-rodriguez","tag-indice-politico","tag-opinion"],"_links":{"self":[{"href":"https:\/\/www.diarioimagen.net\/index.php?rest_route=\/wp\/v2\/posts\/402857","targetHints":{"allow":["GET"]}}],"collection":[{"href":"https:\/\/www.diarioimagen.net\/index.php?rest_route=\/wp\/v2\/posts"}],"about":[{"href":"https:\/\/www.diarioimagen.net\/index.php?rest_route=\/wp\/v2\/types\/post"}],"author":[{"embeddable":true,"href":"https:\/\/www.diarioimagen.net\/index.php?rest_route=\/wp\/v2\/users\/3"}],"replies":[{"embeddable":true,"href":"https:\/\/www.diarioimagen.net\/index.php?rest_route=%2Fwp%2Fv2%2Fcomments&post=402857"}],"version-history":[{"count":0,"href":"https:\/\/www.diarioimagen.net\/index.php?rest_route=\/wp\/v2\/posts\/402857\/revisions"}],"wp:featuredmedia":[{"embeddable":true,"href":"https:\/\/www.diarioimagen.net\/index.php?rest_route=\/wp\/v2\/media\/402946"}],"wp:attachment":[{"href":"https:\/\/www.diarioimagen.net\/index.php?rest_route=%2Fwp%2Fv2%2Fmedia&parent=402857"}],"wp:term":[{"taxonomy":"category","embeddable":true,"href":"https:\/\/www.diarioimagen.net\/index.php?rest_route=%2Fwp%2Fv2%2Fcategories&post=402857"},{"taxonomy":"post_tag","embeddable":true,"href":"https:\/\/www.diarioimagen.net\/index.php?rest_route=%2Fwp%2Fv2%2Ftags&post=402857"}],"curies":[{"name":"wp","href":"https:\/\/api.w.org\/{rel}","templated":true}]}}