{"id":402949,"date":"2018-11-13T00:11:19","date_gmt":"2018-11-13T06:11:19","guid":{"rendered":"https:\/\/www.diarioimagen.net\/?p=402949"},"modified":"2018-11-13T01:08:18","modified_gmt":"2018-11-13T07:08:18","slug":"llamado-al-consumo-responsable-en-el-buen-fin","status":"publish","type":"post","link":"https:\/\/www.diarioimagen.net\/?p=402949","title":{"rendered":"Llamado al consumo responsable en el \u201cBuen Fin\u201d"},"content":{"rendered":"<h2>Arco Norte<\/h2>\n<h5>Jos\u00e9 Luis Monta\u00f1ez Aguilar<\/h5>\n<p>&nbsp;<\/p>\n<div id=\"attachment_402950\" style=\"width: 470px\" class=\"wp-caption aligncenter\"><img loading=\"lazy\" decoding=\"async\" aria-describedby=\"caption-attachment-402950\" class=\"size-large wp-image-402950\" src=\"https:\/\/www.diarioimagen.net\/wp-content\/uploads\/2018\/11\/FINANZAS13-portal-460x268.jpg\" alt=\"\" width=\"460\" height=\"268\" srcset=\"https:\/\/www.diarioimagen.net\/wp-content\/uploads\/2018\/11\/FINANZAS13-portal-460x268.jpg 460w, https:\/\/www.diarioimagen.net\/wp-content\/uploads\/2018\/11\/FINANZAS13-portal-240x140.jpg 240w, https:\/\/www.diarioimagen.net\/wp-content\/uploads\/2018\/11\/FINANZAS13-portal.jpg 480w\" sizes=\"auto, (max-width: 460px) 100vw, 460px\" \/><p id=\"caption-attachment-402950\" class=\"wp-caption-text\">Recomiendan en Edomex cuidar el aguinaldo durante la campa\u00f1a del \u201cBuen fin\u201d.<\/p><\/div>\n<p>&nbsp;<\/p>\n<p>Dentro del marco del \u201cBuen Fin\u201d, que se realizar\u00e1 del 16 al 19 de noviembre, y en donde el sector comercio de todo el pa\u00eds ofrecer\u00e1 a los consumidores una serie de descuentos y promociones en productos y servicios, la Secretar\u00eda de Desarrollo Econ\u00f3mico (Sedeco) en el Estado de M\u00e9xico, hace un llamado a la poblaci\u00f3n a realizar un consumo responsable.<\/p>\n<p>La octava edici\u00f3n de este evento trae consigo el impulso de la econom\u00eda debido a que la compra de productos y servicios representa tambi\u00e9n el incremento de actividades comerciales, lo que acelera el intercambio de recursos entre los distintos sectores econ\u00f3micos.<\/p>\n<p>Entre las recomendaciones que sugiere la Sedeco a la poblaci\u00f3n mexiquense es que realice previamente la planeaci\u00f3n de su presupuesto para determinar el uso del dinero disponible.<\/p>\n<p>Una vez definido el manejo de los recursos, se debe llevar a cabo la comparaci\u00f3n de precios, evitando caer en precipitaciones que conduzcan a adquirir los productos con sobreprecio, es decir, los compradores deben realizar sus adquisiciones con calma y sin presiones.<\/p>\n<p>Al adquirir un producto, las personas deben exigir el ticket de compra con el sello de garant\u00eda, o bien la garant\u00eda por escrito con la finalidad de facilitar la sustituci\u00f3n, reposici\u00f3n o reembolso en caso de que tenga cualquier defecto o falla posterior.<\/p>\n<p>Tambi\u00e9n se sugiere, como medida de seguridad inmediata para las personas, disminuir la portaci\u00f3n de efectivo. Lo ideal es que cualquier adquisici\u00f3n se realice a trav\u00e9s de operaciones electr\u00f3nicas, con tarjetas de d\u00e9bito o bien, de cr\u00e9dito y sobre todo, no perder de vista el pl\u00e1stico para evitar clonaci\u00f3n o robo de identidad.<\/p>\n<p>De igual manera se les pide revisar las condiciones del cr\u00e9dito, los plazos establecidos y los meses sin intereses para\u00a0 descartar cualquier circunstancia que comprometa la liquidez personal o la sobre deuda.<\/p>\n<p>Las personas que enfrentan presiones econ\u00f3micas deben ser responsables y planificar cualquier movimiento para salir adelante de sus compromisos antes de iniciar cualquier otra transacci\u00f3n.<\/p>\n<p>La Sedeco recomienda que para frenar cualquier presi\u00f3n futura o alg\u00fan desorden en el manejo de sus finanzas, lo adecuado es planear el gasto, adem\u00e1s de adquirir en negocios establecidos, con descuentos verificables, contrario al comercio informal que no cuenta con permisos ni otorga garant\u00eda a los consumidores.<\/p>\n<p>Cabe mencionar que el \u201cBuen Fin\u201d es un ejercicio que llevan a cabo principalmente las diversas c\u00e1maras de comercio y servicios, as\u00ed como la Asociaci\u00f3n Nacional de Tiendas de Autoservicios y Departamentales (ANTAD) ofertando a la poblaci\u00f3n diversos productos que van desde electr\u00f3nicos, calzado, ropa, enseres y v\u00edveres, con descuentos que apoyan la econom\u00eda familiar.<\/p>\n<p style=\"text-align: center;\"><strong>Aguinaldo a servidores p\u00fablicos, en primera quincena de noviembre<\/strong><\/p>\n<p>En la primera quincena de noviembre, servidores p\u00fablicos, de nivel operativo del sector central del Gobierno del Estado de M\u00e9xico, recibir\u00e1n la segunda parte del aguinaldo, inform\u00f3 \u00d3scar Guzm\u00e1n Arag\u00f3n, Director General de Personal de la Secretar\u00eda de Finanzas.<\/p>\n<p>Recomend\u00f3 a los trabajadores estatales, quienes recibir\u00e1n esta prestaci\u00f3n laboral, a cuidar su dinero durante el \u201cBuen Fin\u201d, con el prop\u00f3sito de s\u00f3lo adquirir productos que realmente requieran y evitar contraer deudas que afecten su estabilidad financiera.<\/p>\n<p>Guzm\u00e1n Arag\u00f3n aconsej\u00f3 que, parte de este aguinaldo debe ser canalizado a cubrir deudas contra\u00eddas con anterioridad y destinar una parte al ahorro, con el fin de proteger las finanzas de las familias mexiquenses.<\/p>\n<p>Entre otras sugerencias, indic\u00f3 que las personas deben analizar los precios de los productos y servicios en los distintos establecimientos comerciales, el beneficio de las promociones, as\u00ed como adquirir bienes duraderos.<\/p>\n<p>Para finalizar, se\u00f1al\u00f3 que los servidores p\u00fablicos deber\u00e1n mantener un consumo responsable, cubrir gastos familiares, revisar su capacidad de pago al contraer nuevos cr\u00e9ditos, con el prop\u00f3sito de que rinda el aguinaldo recibido.<\/p>\n<p><em><a href=\"mailto:montanezaguilar@gmail.com\" target=\"_blank\" rel=\"noopener\">montanezaguilar@gmail.com<\/a><\/em><\/p>\n","protected":false},"excerpt":{"rendered":"<p><span style=\"color: #005497;\">Jos\u00e9 Luis Monta\u00f1ez Aguilar<\/span><br \/>\n<br \/>\nDentro del marco del \u201cBuen Fin\u201d, que se realizar\u00e1 del 16 al 19 de noviembre, y en donde el sector comercio de todo el pa\u00eds ofrecer\u00e1 a los consumidores una serie de descuentos y promociones en productos y servicios, la Secretar\u00eda de Desarrollo Econ\u00f3mico (Sedeco) en el Estado de M\u00e9xico, hace un llamado a la poblaci\u00f3n a realizar un consumo responsable.<\/p>\n","protected":false},"author":5,"featured_media":402950,"comment_status":"open","ping_status":"open","sticky":false,"template":"","format":"standard","meta":{"_monsterinsights_skip_tracking":false,"_monsterinsights_sitenote_active":false,"_monsterinsights_sitenote_note":"","_monsterinsights_sitenote_category":0,"footnotes":""},"categories":[5],"tags":[13284,20779,80001,43704,43674,80002,196],"class_list":["post-402949","post","type-post","status-publish","format-standard","has-post-thumbnail","hentry","category-estado-de-mexico","tag-arco-norte","tag-buen-fin","tag-consumo-responsable","tag-jose-luis-montanez-aguilar","tag-opinion","tag-pagar-con-tarjetas","tag-sedeco"],"_links":{"self":[{"href":"https:\/\/www.diarioimagen.net\/index.php?rest_route=\/wp\/v2\/posts\/402949","targetHints":{"allow":["GET"]}}],"collection":[{"href":"https:\/\/www.diarioimagen.net\/index.php?rest_route=\/wp\/v2\/posts"}],"about":[{"href":"https:\/\/www.diarioimagen.net\/index.php?rest_route=\/wp\/v2\/types\/post"}],"author":[{"embeddable":true,"href":"https:\/\/www.diarioimagen.net\/index.php?rest_route=\/wp\/v2\/users\/5"}],"replies":[{"embeddable":true,"href":"https:\/\/www.diarioimagen.net\/index.php?rest_route=%2Fwp%2Fv2%2Fcomments&post=402949"}],"version-history":[{"count":0,"href":"https:\/\/www.diarioimagen.net\/index.php?rest_route=\/wp\/v2\/posts\/402949\/revisions"}],"wp:featuredmedia":[{"embeddable":true,"href":"https:\/\/www.diarioimagen.net\/index.php?rest_route=\/wp\/v2\/media\/402950"}],"wp:attachment":[{"href":"https:\/\/www.diarioimagen.net\/index.php?rest_route=%2Fwp%2Fv2%2Fmedia&parent=402949"}],"wp:term":[{"taxonomy":"category","embeddable":true,"href":"https:\/\/www.diarioimagen.net\/index.php?rest_route=%2Fwp%2Fv2%2Fcategories&post=402949"},{"taxonomy":"post_tag","embeddable":true,"href":"https:\/\/www.diarioimagen.net\/index.php?rest_route=%2Fwp%2Fv2%2Ftags&post=402949"}],"curies":[{"name":"wp","href":"https:\/\/api.w.org\/{rel}","templated":true}]}}