{"id":403002,"date":"2018-11-13T00:11:32","date_gmt":"2018-11-13T06:11:32","guid":{"rendered":"https:\/\/www.diarioimagen.net\/?p=403002"},"modified":"2018-11-13T07:08:02","modified_gmt":"2018-11-13T13:08:02","slug":"capacita-cemybs-a-representantes-de-transporte-publico","status":"publish","type":"post","link":"https:\/\/www.diarioimagen.net\/?p=403002","title":{"rendered":"Capacita CEMyBS a representantes de transporte p\u00fablico"},"content":{"rendered":"<ul>\n<li><strong><em>Para prevenir trata de personas<\/em><\/strong><\/li>\n<\/ul>\n<p>&nbsp;<\/p>\n<p><a href=\"https:\/\/www.diarioimagen.net\/?attachment_id=403081\" rel=\"attachment wp-att-403081\"><img loading=\"lazy\" decoding=\"async\" class=\"aligncenter size-large wp-image-403081\" src=\"https:\/\/www.diarioimagen.net\/wp-content\/uploads\/2018\/11\/toluca-3497-460x259.jpg\" alt=\"\" width=\"460\" height=\"259\" srcset=\"https:\/\/www.diarioimagen.net\/wp-content\/uploads\/2018\/11\/toluca-3497-460x259.jpg 460w, https:\/\/www.diarioimagen.net\/wp-content\/uploads\/2018\/11\/toluca-3497-240x135.jpg 240w, https:\/\/www.diarioimagen.net\/wp-content\/uploads\/2018\/11\/toluca-3497-235x132.jpg 235w, https:\/\/www.diarioimagen.net\/wp-content\/uploads\/2018\/11\/toluca-3497-202x114.jpg 202w, https:\/\/www.diarioimagen.net\/wp-content\/uploads\/2018\/11\/toluca-3497-350x196.jpg 350w, https:\/\/www.diarioimagen.net\/wp-content\/uploads\/2018\/11\/toluca-3497-220x123.jpg 220w, https:\/\/www.diarioimagen.net\/wp-content\/uploads\/2018\/11\/toluca-3497-237x132.jpg 237w, https:\/\/www.diarioimagen.net\/wp-content\/uploads\/2018\/11\/toluca-3497.jpg 480w\" sizes=\"auto, (max-width: 460px) 100vw, 460px\" \/><\/a><\/p>\n<p>&nbsp;<\/p>\n<p><strong>Toluca, Estado de M\u00e9xico<\/strong>.- Con el objetivo de sensibilizar sobre el tema de trata de personas, el Consejo Estatal de la Mujer y Bienestar Social (CEMyBS) imparti\u00f3 una conferencia a representantes e integrantes de las diferentes l\u00edneas de transporte p\u00fablico del Estado de M\u00e9xico, dando con ello inicio a un ciclo de capacitaciones para este sector.<\/p>\n<p>Durante el evento, que tuvo lugar en el auditorio de la Terminal de Toluca, Alejandra Peralta Zamora, directora de Bienestar Social del CEMyBS, se\u00f1al\u00f3 que esta iniciativa surge a ra\u00edz de la firma de una carta de corresponsabilidad entre el gobierno del estado y los sectores de movilidad, turismo y educaci\u00f3n, en la que se comprometieron a tomar acciones positivas para poder prevenir y atender este delito.<\/p>\n<p>Refiri\u00f3 que mediante estas capacitaciones, se pretende informar sobre el verdadero significado de la trata y ayudar a saber c\u00f3mo identificar a las personas que son v\u00edctimas de este delito, o lo est\u00e1n cometiendo, cumpliendo de esta manera con la instrucci\u00f3n del gobernador Alfredo Del Mazo Maza, de trabajar en la prevenci\u00f3n.<\/p>\n<p>\u201cSe van a dar cuenta de qu\u00e9 se trata el delito, c\u00f3mo identificarlo, c\u00f3mo poder ver estos focos rojos y cr\u00e9anme, lo que ustedes pueden hacer es la diferencia en la vida de muchas personas\u201d, dijo. Peralta Zamora invit\u00f3 a los participantes a tomar dicha campa\u00f1a de manera personal, con la seriedad que merece y ser un factor de incidencia positiva, en la etapa de atenci\u00f3n.<\/p>\n<p>Por su parte, el delegado en el Estado de M\u00e9xico de la C\u00e1mara Nacional de Autotransportes de Pasaje y Turismo (Canapat), Odil\u00f3n L\u00f3pez Nava, resalt\u00f3 que la trata de personas es considerada uno de los grandes problemas a nivel mundial, y esto se debe a la falta de conocimiento del tema, por lo que resulta importante tener un acercamiento con los expertos y ejercer pol\u00edticas sociales que ayuden a erradicarlo.<\/p>\n","protected":false},"excerpt":{"rendered":"<p>Con el objetivo de sensibilizar sobre el tema de trata de personas, el Consejo Estatal de la Mujer y Bienestar Social (CEMyBS) imparti\u00f3 una conferencia a representantes e integrantes de las diferentes l\u00edneas de transporte p\u00fablico del Estado de M\u00e9xico, dando con ello inicio a un ciclo de capacitaciones para este sector.<\/p>\n","protected":false},"author":3,"featured_media":403081,"comment_status":"open","ping_status":"open","sticky":false,"template":"","format":"standard","meta":{"_monsterinsights_skip_tracking":false,"_monsterinsights_sitenote_active":false,"_monsterinsights_sitenote_note":"","_monsterinsights_sitenote_category":0,"footnotes":""},"categories":[5],"tags":[80051,80050,43675,452,17814],"class_list":["post-403002","post","type-post","status-publish","format-standard","has-post-thumbnail","hentry","category-estado-de-mexico","tag-capacita","tag-cemybs","tag-estado-de-mexico","tag-toluca","tag-transporte"],"_links":{"self":[{"href":"https:\/\/www.diarioimagen.net\/index.php?rest_route=\/wp\/v2\/posts\/403002","targetHints":{"allow":["GET"]}}],"collection":[{"href":"https:\/\/www.diarioimagen.net\/index.php?rest_route=\/wp\/v2\/posts"}],"about":[{"href":"https:\/\/www.diarioimagen.net\/index.php?rest_route=\/wp\/v2\/types\/post"}],"author":[{"embeddable":true,"href":"https:\/\/www.diarioimagen.net\/index.php?rest_route=\/wp\/v2\/users\/3"}],"replies":[{"embeddable":true,"href":"https:\/\/www.diarioimagen.net\/index.php?rest_route=%2Fwp%2Fv2%2Fcomments&post=403002"}],"version-history":[{"count":0,"href":"https:\/\/www.diarioimagen.net\/index.php?rest_route=\/wp\/v2\/posts\/403002\/revisions"}],"wp:featuredmedia":[{"embeddable":true,"href":"https:\/\/www.diarioimagen.net\/index.php?rest_route=\/wp\/v2\/media\/403081"}],"wp:attachment":[{"href":"https:\/\/www.diarioimagen.net\/index.php?rest_route=%2Fwp%2Fv2%2Fmedia&parent=403002"}],"wp:term":[{"taxonomy":"category","embeddable":true,"href":"https:\/\/www.diarioimagen.net\/index.php?rest_route=%2Fwp%2Fv2%2Fcategories&post=403002"},{"taxonomy":"post_tag","embeddable":true,"href":"https:\/\/www.diarioimagen.net\/index.php?rest_route=%2Fwp%2Fv2%2Ftags&post=403002"}],"curies":[{"name":"wp","href":"https:\/\/api.w.org\/{rel}","templated":true}]}}