{"id":403005,"date":"2018-11-13T00:08:14","date_gmt":"2018-11-13T06:08:14","guid":{"rendered":"https:\/\/www.diarioimagen.net\/?p=403005"},"modified":"2018-11-14T00:06:47","modified_gmt":"2018-11-14T06:06:47","slug":"migrantes-centroamericanos-se-mueven-por-casi-todo-el-pais","status":"publish","type":"post","link":"https:\/\/www.diarioimagen.net\/?p=403005","title":{"rendered":"Migrantes centroamericanos se mueven por casi todo el pa\u00eds"},"content":{"rendered":"<ul>\n<li><em><strong>Segunda caravana llega a la Ciudad Deportiva<\/strong><\/em><\/li>\n<li><em><strong>El primer grupo de indocumentados parti\u00f3 hacia Guadalajara<\/strong><\/em><\/li>\n<\/ul>\n<p>&nbsp;<\/p>\n<div id=\"attachment_403084\" style=\"width: 470px\" class=\"wp-caption aligncenter\"><a href=\"https:\/\/www.diarioimagen.net\/?attachment_id=403084\" rel=\"attachment wp-att-403084\"><img loading=\"lazy\" decoding=\"async\" aria-describedby=\"caption-attachment-403084\" class=\"size-large wp-image-403084\" src=\"https:\/\/www.diarioimagen.net\/wp-content\/uploads\/2018\/11\/migrantes-3497-460x259.jpg\" alt=\"\" width=\"460\" height=\"259\" srcset=\"https:\/\/www.diarioimagen.net\/wp-content\/uploads\/2018\/11\/migrantes-3497-460x259.jpg 460w, https:\/\/www.diarioimagen.net\/wp-content\/uploads\/2018\/11\/migrantes-3497-240x135.jpg 240w, https:\/\/www.diarioimagen.net\/wp-content\/uploads\/2018\/11\/migrantes-3497-235x132.jpg 235w, https:\/\/www.diarioimagen.net\/wp-content\/uploads\/2018\/11\/migrantes-3497-202x114.jpg 202w, https:\/\/www.diarioimagen.net\/wp-content\/uploads\/2018\/11\/migrantes-3497-350x196.jpg 350w, https:\/\/www.diarioimagen.net\/wp-content\/uploads\/2018\/11\/migrantes-3497-220x123.jpg 220w, https:\/\/www.diarioimagen.net\/wp-content\/uploads\/2018\/11\/migrantes-3497-237x132.jpg 237w, https:\/\/www.diarioimagen.net\/wp-content\/uploads\/2018\/11\/migrantes-3497.jpg 480w\" sizes=\"auto, (max-width: 460px) 100vw, 460px\" \/><\/a><p id=\"caption-attachment-403084\" class=\"wp-caption-text\">Este es el rostro de una de las caravanas de centroamericanos que ayer llegaron a la Ciudad de M\u00e9xico; algunos vienen con ni\u00f1os y otros sin equipaje.<\/p><\/div>\n<p>&nbsp;<\/p>\n<p>Pocos minutos despu\u00e9s de las 5:00 de la ma\u00f1ana, desma\u00f1anados hombres, mujeres y ni\u00f1os de la caravana de migrantes centroamericanos partieron hacia Guadalajara, Jalisco.<\/p>\n<p>El contingente caminar\u00e1 unos cuatro kil\u00f3metros hacia un entronque para buscar \u201cjal\u00f3n\u201d por la carretera hacia La Piedad para descender en la caseta La Joya, en la carretera Zapotlanejo.<\/p>\n<p>La caravana podr\u00eda volver a reunirse en la caseta La Joya en la carretera Zapotlanejo, y pernoctar\u00edan en el auditorio Benito Ju\u00e1rez en Zapopan, Jalisco.<\/p>\n<p>Cindy Rosales viene acompa\u00f1ada por su esposo y sus dos peque\u00f1os hijos, es procedente de La Ceiba, Honduras; sali\u00f3 de su pa\u00eds ante la oleada de violencia y refiere que en el albergue de Irapuato fueron bien atendidos y recibieron sus tres comidas, servicios sanitarios y m\u00e9dicos.<\/p>\n<p>\u201cEs dif\u00edcil venir con ni\u00f1os, pero confiamos en Dios\u201d, dijo; Cindy y su familia vienen en un peque\u00f1o contingente de personas evangelistas, as\u00ed que la comitiva ten\u00eda una peque\u00f1a bocina con cantos espec\u00edficos de esa religi\u00f3n.<\/p>\n<p>De Irapuato, Guanajuato, al albergue en Guadalajara, Jalisco, son poco m\u00e1s de 200 kil\u00f3metros, en transporte vehicular son m\u00e1s de dos horas y media de traslados.<\/p>\n<p style=\"text-align: center;\"><strong>Segunda caravana migrante<br \/>\narriba a la Ciudad de M\u00e9xico<\/strong><\/p>\n<p>Mientras tanto, la segunda caravana de migrantes centroamericanos arrib\u00f3 ayer lunes a la Ciudad de M\u00e9xico y se dirigi\u00f3 a la\u00a0 Magdalena Mixhuca, donde est\u00e1 todo dispuesto para recibirlos en un albergue operado por autoridades capitalinas y organizaciones no gubernamentales.<\/p>\n<p>Unos mil 200 migrantes, la mayor\u00eda salvadore\u00f1os, conforman este contingente, donde destacan los j\u00f3venes, mujeres y menores de edad, que arribaron cansados luego de un viaje de entre dos y cuatro horas de la ciudad de Puebla.<\/p>\n<p>Visiblemente cansados, algunos con gripe por las bajas temperaturas en la zona de R\u00edo Fr\u00edo, pero con \u00e1nimo por llegar a la Ciudad de M\u00e9xico, los centroamericanos fueron recibidos con comida caliente y servicios m\u00e9dicos proporcionados por diversas autoridades como la alcald\u00eda de Iztacalco.<\/p>\n<p>Denise, salvadore\u00f1a de 28 a\u00f1os de edad, quien viaja con sus dos hijos de siete y cuatro a\u00f1os, coment\u00f3 que si bien el viaje lo hicieron en autob\u00fas desde Puebla, los menores ya est\u00e1n muy cansados del periplo que iniciaron hace casi tres semanas desde San Salvador.<\/p>\n<p>\u201cLos ni\u00f1os no est\u00e1n enfermos, pero s\u00ed muy agotados por las jornadas en que toca caminar o dormir en el piso. Esperamos que aqu\u00ed en la capital podamos descansar un poco para seguir hacia Estados Unidos\u201d, dijo en entrevista.<\/p>\n<p>Jair, guatemalteco de 19 a\u00f1os de edad, coment\u00f3 que en caso de encontrar alguna opci\u00f3n laboral en la Ciudad de M\u00e9xico, podr\u00eda quedarse a vivir aqu\u00ed. \u201cMi destino era Estados Unidos, pero como est\u00e1n ahora las cosas en la frontera, si hay trabajo ac\u00e1, pues me quedo unos meses para despu\u00e9s seguir a la frontera\u201d, abund\u00f3. En la Magdalena Mixhuca, en una gran carpa blanca, empezaron a ingresar los cientos de migrantes centroamericanos para descansar de este viaje desde la capital poblana.<\/p>\n<p>De inmediato, personal de diversas dependencias como el Alto Comisionado de las Naciones Unidas para los Refugiados (ACNUR) y de diversas organizaciones no gubernamentales, iniciaron con asesor\u00edas para explicarles su situaci\u00f3n migratoria y las opciones legales para permanecer en el pa\u00eds.<\/p>\n<p style=\"text-align: center;\"><strong>Invierte CDMX m\u00e1s de 12 mdp<br \/>\nen caravanas migrantes<\/strong><\/p>\n<p>La atenci\u00f3n de la Caravana Migrante en la Ciudad de M\u00e9xico ha costado m\u00e1s de 12 millones de pesos, indic\u00f3 el jefe de gobierno, Jos\u00e9 Ram\u00f3n Amieva.<\/p>\n<p>La inversi\u00f3n ha sido del gobierno capitalino, alcald\u00edas, Comisi\u00f3n de Derechos Humanos local, equipo de transici\u00f3n de Claudia Sheinbaum y organizaciones de la sociedad civil, agreg\u00f3.<\/p>\n<p>Nosotros ten\u00edamos una cantidad inicial superior a los 12 millones de pesos, pero, reitero, esto es por el tema de trabajo conjunto de las alcald\u00edas, las instancias de la sociedad civil organizada, la Comisi\u00f3n de Derechos Humanos, el mismo equipo de transici\u00f3n de la doctora Claudia, todas y todos han aportado tanto tiempo, como trabajo, como recursos\u201d, dijo Amieva G\u00e1lvez en entrevista.\u00a0\u00a0 El gasto se incrementar\u00e1 pues Amieva indic\u00f3 que en se espera el arribo de cientos de migrantes m\u00e1s. Recalc\u00f3 que los migrantes seguir\u00e1n utilizando el campamento ubicado en la Ciudad Deportiva.<\/p>\n<p style=\"text-align: center;\"><strong>Tercera caravana migrante<br \/>\nse divide tras llegar a Oaxaca<\/strong><\/p>\n<p>La tercera caravana migrante, que se reuni\u00f3 en Oaxaca, qued\u00f3 dividida por disputas internas avanzando de forma diezmada a Veracruz. Hondure\u00f1os acusaron a salvadore\u00f1os de mal comportamiento, incluso hubo un enfrentamiento entre Irineo M\u00fajica, de la organizaci\u00f3n Pueblos Sin Fronteras, y el sacerdote Alejandro Solalinde, ante la depuraci\u00f3n interna del grupo.<\/p>\n<p>A decir de Mujica la gente de El Salvador desobedece el c\u00f3digo de comportamiento impuesto, por lo que los malos elementos han sido expulsados del grupo.<\/p>\n<p>La divisi\u00f3n ocurri\u00f3 en el municipio de Mat\u00edas Romero, donde la caravana de hondure\u00f1os rechaz\u00f3 al grupo de salvadore\u00f1os, luego del intento de violaci\u00f3n de una mujer.<\/p>\n<p>Jairo Antonio Guevara, uno de los integrantes de la tercera caravana proveniente de El Salvador, dijo que el grupo en el que \u00e9l ven\u00eda fue uno de los primeros en llegar a Mat\u00edas Romero, de manera que la Polic\u00eda Federal los gui\u00f3 hasta donde se ubicaban los hondure\u00f1os, en el estadio Ferrocarrilero, pero no fueron muy bien recibidos.<\/p>\n<p>Un grupo de j\u00f3venes, al parecer pandilleros, los amenazo, confes\u00f3 el migrante salvadore\u00f1o.<\/p>\n<p>Incluso hubo un forcejeo entre hondure\u00f1os y salvadore\u00f1os, hasta que finalmente los hondure\u00f1os obligaron a salir del lugar a la gente de El Salvador que despu\u00e9s busc\u00f3 refugio en la parroquia del municipio.<\/p>\n","protected":false},"excerpt":{"rendered":"<p>Pocos minutos despu\u00e9s de las 5:00 de la ma\u00f1ana, desma\u00f1anados hombres, mujeres y ni\u00f1os de la caravana de migrantes centroamericanos partieron hacia Guadalajara, Jalisco.<\/p>\n","protected":false},"author":3,"featured_media":403084,"comment_status":"open","ping_status":"open","sticky":false,"template":"","format":"standard","meta":{"_monsterinsights_skip_tracking":false,"_monsterinsights_sitenote_active":false,"_monsterinsights_sitenote_note":"","_monsterinsights_sitenote_category":0,"footnotes":""},"categories":[3],"tags":[79477,10383,43673,4430],"class_list":["post-403005","post","type-post","status-publish","format-standard","has-post-thumbnail","hentry","category-nacional","tag-centroamericanos","tag-migrantes","tag-nacional","tag-pais"],"_links":{"self":[{"href":"https:\/\/www.diarioimagen.net\/index.php?rest_route=\/wp\/v2\/posts\/403005","targetHints":{"allow":["GET"]}}],"collection":[{"href":"https:\/\/www.diarioimagen.net\/index.php?rest_route=\/wp\/v2\/posts"}],"about":[{"href":"https:\/\/www.diarioimagen.net\/index.php?rest_route=\/wp\/v2\/types\/post"}],"author":[{"embeddable":true,"href":"https:\/\/www.diarioimagen.net\/index.php?rest_route=\/wp\/v2\/users\/3"}],"replies":[{"embeddable":true,"href":"https:\/\/www.diarioimagen.net\/index.php?rest_route=%2Fwp%2Fv2%2Fcomments&post=403005"}],"version-history":[{"count":0,"href":"https:\/\/www.diarioimagen.net\/index.php?rest_route=\/wp\/v2\/posts\/403005\/revisions"}],"wp:featuredmedia":[{"embeddable":true,"href":"https:\/\/www.diarioimagen.net\/index.php?rest_route=\/wp\/v2\/media\/403084"}],"wp:attachment":[{"href":"https:\/\/www.diarioimagen.net\/index.php?rest_route=%2Fwp%2Fv2%2Fmedia&parent=403005"}],"wp:term":[{"taxonomy":"category","embeddable":true,"href":"https:\/\/www.diarioimagen.net\/index.php?rest_route=%2Fwp%2Fv2%2Fcategories&post=403005"},{"taxonomy":"post_tag","embeddable":true,"href":"https:\/\/www.diarioimagen.net\/index.php?rest_route=%2Fwp%2Fv2%2Ftags&post=403005"}],"curies":[{"name":"wp","href":"https:\/\/api.w.org\/{rel}","templated":true}]}}