{"id":403020,"date":"2018-11-13T00:09:03","date_gmt":"2018-11-13T06:09:03","guid":{"rendered":"https:\/\/www.diarioimagen.net\/?p=403020"},"modified":"2018-11-13T08:18:54","modified_gmt":"2018-11-13T14:18:54","slug":"alcanza-el-gobierno-de-metepec-certificacion-internacional-de-su-policia","status":"publish","type":"post","link":"https:\/\/www.diarioimagen.net\/?p=403020","title":{"rendered":"Alcanza el gobierno de Metepec certificaci\u00f3n internacional de su polic\u00eda"},"content":{"rendered":"<ul>\n<li><strong><em>Destacado resultado de 46 evaluaciones sobresalientes<\/em><\/strong><\/li>\n<\/ul>\n<p>&nbsp;<\/p>\n<div id=\"attachment_403093\" style=\"width: 470px\" class=\"wp-caption aligncenter\"><a href=\"https:\/\/www.diarioimagen.net\/?attachment_id=403093\" rel=\"attachment wp-att-403093\"><img loading=\"lazy\" decoding=\"async\" aria-describedby=\"caption-attachment-403093\" class=\"size-large wp-image-403093\" src=\"https:\/\/www.diarioimagen.net\/wp-content\/uploads\/2018\/11\/metepec-3497-460x259.jpg\" alt=\"\" width=\"460\" height=\"259\" srcset=\"https:\/\/www.diarioimagen.net\/wp-content\/uploads\/2018\/11\/metepec-3497-460x259.jpg 460w, https:\/\/www.diarioimagen.net\/wp-content\/uploads\/2018\/11\/metepec-3497-240x135.jpg 240w, https:\/\/www.diarioimagen.net\/wp-content\/uploads\/2018\/11\/metepec-3497-235x132.jpg 235w, https:\/\/www.diarioimagen.net\/wp-content\/uploads\/2018\/11\/metepec-3497-202x114.jpg 202w, https:\/\/www.diarioimagen.net\/wp-content\/uploads\/2018\/11\/metepec-3497-350x196.jpg 350w, https:\/\/www.diarioimagen.net\/wp-content\/uploads\/2018\/11\/metepec-3497-220x123.jpg 220w, https:\/\/www.diarioimagen.net\/wp-content\/uploads\/2018\/11\/metepec-3497-237x132.jpg 237w, https:\/\/www.diarioimagen.net\/wp-content\/uploads\/2018\/11\/metepec-3497.jpg 480w\" sizes=\"auto, (max-width: 460px) 100vw, 460px\" \/><\/a><p id=\"caption-attachment-403093\" class=\"wp-caption-text\">En su oportunidad, el alcalde David L\u00f3pez C\u00e1rdenas, destac\u00f3 que la evaluaci\u00f3n habr\u00eda consignado con certeza, la calificaci\u00f3n por la forma y resultados de sus acciones.<\/p><\/div>\n<p>&nbsp;<\/p>\n<p><strong>Ciudad de M\u00e9xico<\/strong>.-\u00a0 A unos d\u00edas de culminar la administraci\u00f3n de Metepec, el alcalde David L\u00f3pez C\u00e1rdenas, rubric\u00f3 exitosamente su gesti\u00f3n municipal tras acreditar la eficiencia de procedimientos de la Direcci\u00f3n de Seguridad P\u00fablica y Tr\u00e1nsito Municipal con una Norma Internacional de Operaciones Policiales, cubriendo con ello el \u00fanico compromiso faltante para un cumplimiento total de su oferta pol\u00edtica, todo en favor de la ciudadan\u00eda.<\/p>\n<p>La Comisi\u00f3n de Acreditaci\u00f3n para Agencias de Aplicaci\u00f3n de la Ley, CALEA \u2013por sus siglas en ingl\u00e9s-, aval\u00f3 la atenci\u00f3n de est\u00e1ndares de cumplimiento de un modelo de gesti\u00f3n sobre eficiencia de recursos y aplicaci\u00f3n de acciones en toda la corporaci\u00f3n de la polic\u00eda municipal, proceso que tuvo duraci\u00f3n de tres a\u00f1os, tiempo requerido por la exigencia y evaluaci\u00f3n permanente de indicadores.<\/p>\n<p>En la ceremonia de acreditaci\u00f3n avalado por el gobierno de Estados Unidos, en este caso, a trav\u00e9s de la embajada en M\u00e9xico, el presidente municipal David L\u00f3pez, recibi\u00f3 junto con el titular de la dependencia encargada de resguardar el orden y la seguridad de los metepequenses, Jes\u00fas Alberto Ram\u00edrez Manzur y el equipo de trabajo, la distinci\u00f3n que s\u00f3lo dos demarcaciones en la entidad ostentan, aunque es la de Metepec con mayor cobertura por la amplitud de \u00e1reas internas evaluadas<\/p>\n<p>CALEA, organizaci\u00f3n mundial avalada para acreditar temas de seguridad p\u00fablica en diversas organizaciones e instituciones, ratifica a Metepec por prestaci\u00f3n de servicios adecuados, mantenimiento y aplicaci\u00f3n de normas y en general, reconoce excelencia profesional de la corporaci\u00f3n.<\/p>\n<p>Tras exhaustivos ex\u00e1menes realizados al interior de la dependencia, as\u00ed como observaci\u00f3n y seguimiento permanente por casi tres a\u00f1os, el pasado mes de septiembre se dio un paso importante para la consecuci\u00f3n del logro, luego de plantear en sitio, el avance del procedimiento por parte de una Comisi\u00f3n externa de personal de CALEA.<\/p>\n<p>En su oportunidad, el alcalde destac\u00f3 que la evaluaci\u00f3n habr\u00eda consignado con certeza, la calificaci\u00f3n por la forma y resultados de acciones para, entre otros, prevenir el delito, medir la capacidad de respuesta y la transparencia.<\/p>\n<p>En la ceremonia de premiaci\u00f3n, estuvo presente la Junta de Comisionados de la organizaci\u00f3n (CALEA), entre ellos, Stavros Anthony, Cynthia Armour Coyne, Marcus L. Brown, Kenton Buckner Steve, Callahan Bartram, Connelly Tomothy, Dunning D. Ray, Pete Kassetas, Leigh Anne Knight, Craig Webre y David T. Moore.<\/p>\n<p>As\u00ed, el gobierno de David L\u00f3pez, adem\u00e1s de sumar 46 reconocimientos en general tras someterse a evaluaciones por agentes externos acreditados, logrando con ello el m\u00e1ximo n\u00famero de premios y distinciones alcanzados por administraci\u00f3n alguna en el municipio, cumple en su totalidad con los compromisos asumidos ante la ciudadan\u00eda.<\/p>\n","protected":false},"excerpt":{"rendered":"<p>A unos d\u00edas de culminar la administraci\u00f3n de Metepec, el alcalde David L\u00f3pez C\u00e1rdenas, rubric\u00f3 exitosamente su gesti\u00f3n municipal tras acreditar la eficiencia de procedimientos de la Direcci\u00f3n de Seguridad P\u00fablica y Tr\u00e1nsito Municipal con una Norma Internacional de Operaciones Policiales, cubriendo con ello el \u00fanico compromiso faltante para un cumplimiento total de su oferta pol\u00edtica, todo en favor de la ciudadan\u00eda.<\/p>\n","protected":false},"author":3,"featured_media":403093,"comment_status":"open","ping_status":"open","sticky":false,"template":"","format":"standard","meta":{"_monsterinsights_skip_tracking":false,"_monsterinsights_sitenote_active":false,"_monsterinsights_sitenote_note":"","_monsterinsights_sitenote_category":0,"footnotes":""},"categories":[35155],"tags":[204,7196,687],"class_list":["post-403020","post","type-post","status-publish","format-standard","has-post-thumbnail","hentry","category-estado-de-mexico-estado-de-mexico","tag-ciudad-de-mexico","tag-gobierno","tag-policia"],"_links":{"self":[{"href":"https:\/\/www.diarioimagen.net\/index.php?rest_route=\/wp\/v2\/posts\/403020","targetHints":{"allow":["GET"]}}],"collection":[{"href":"https:\/\/www.diarioimagen.net\/index.php?rest_route=\/wp\/v2\/posts"}],"about":[{"href":"https:\/\/www.diarioimagen.net\/index.php?rest_route=\/wp\/v2\/types\/post"}],"author":[{"embeddable":true,"href":"https:\/\/www.diarioimagen.net\/index.php?rest_route=\/wp\/v2\/users\/3"}],"replies":[{"embeddable":true,"href":"https:\/\/www.diarioimagen.net\/index.php?rest_route=%2Fwp%2Fv2%2Fcomments&post=403020"}],"version-history":[{"count":0,"href":"https:\/\/www.diarioimagen.net\/index.php?rest_route=\/wp\/v2\/posts\/403020\/revisions"}],"wp:featuredmedia":[{"embeddable":true,"href":"https:\/\/www.diarioimagen.net\/index.php?rest_route=\/wp\/v2\/media\/403093"}],"wp:attachment":[{"href":"https:\/\/www.diarioimagen.net\/index.php?rest_route=%2Fwp%2Fv2%2Fmedia&parent=403020"}],"wp:term":[{"taxonomy":"category","embeddable":true,"href":"https:\/\/www.diarioimagen.net\/index.php?rest_route=%2Fwp%2Fv2%2Fcategories&post=403020"},{"taxonomy":"post_tag","embeddable":true,"href":"https:\/\/www.diarioimagen.net\/index.php?rest_route=%2Fwp%2Fv2%2Ftags&post=403020"}],"curies":[{"name":"wp","href":"https:\/\/api.w.org\/{rel}","templated":true}]}}