{"id":403022,"date":"2018-11-13T00:08:35","date_gmt":"2018-11-13T06:08:35","guid":{"rendered":"https:\/\/www.diarioimagen.net\/?p=403022"},"modified":"2018-11-13T08:35:22","modified_gmt":"2018-11-13T14:35:22","slug":"tultitlan-invierte-en-la-construccion-de-arcotechos-para-planteles-educativos","status":"publish","type":"post","link":"https:\/\/www.diarioimagen.net\/?p=403022","title":{"rendered":"Tultitl\u00e1n invierte en la construcci\u00f3n de arcotechos para planteles educativos"},"content":{"rendered":"<ul>\n<li><strong><em>Se trata de una inversi\u00f3n y no un gasto<\/em><\/strong><\/li>\n<\/ul>\n<p>&nbsp;<\/p>\n<div id=\"attachment_403096\" style=\"width: 470px\" class=\"wp-caption aligncenter\"><a href=\"https:\/\/www.diarioimagen.net\/?attachment_id=403096\" rel=\"attachment wp-att-403096\"><img loading=\"lazy\" decoding=\"async\" aria-describedby=\"caption-attachment-403096\" class=\"size-large wp-image-403096\" src=\"https:\/\/www.diarioimagen.net\/wp-content\/uploads\/2018\/11\/TULTITLAN-3497-460x259.jpg\" alt=\"\" width=\"460\" height=\"259\" srcset=\"https:\/\/www.diarioimagen.net\/wp-content\/uploads\/2018\/11\/TULTITLAN-3497-460x259.jpg 460w, https:\/\/www.diarioimagen.net\/wp-content\/uploads\/2018\/11\/TULTITLAN-3497-240x135.jpg 240w, https:\/\/www.diarioimagen.net\/wp-content\/uploads\/2018\/11\/TULTITLAN-3497-235x132.jpg 235w, https:\/\/www.diarioimagen.net\/wp-content\/uploads\/2018\/11\/TULTITLAN-3497-202x114.jpg 202w, https:\/\/www.diarioimagen.net\/wp-content\/uploads\/2018\/11\/TULTITLAN-3497-350x196.jpg 350w, https:\/\/www.diarioimagen.net\/wp-content\/uploads\/2018\/11\/TULTITLAN-3497-220x123.jpg 220w, https:\/\/www.diarioimagen.net\/wp-content\/uploads\/2018\/11\/TULTITLAN-3497-237x132.jpg 237w, https:\/\/www.diarioimagen.net\/wp-content\/uploads\/2018\/11\/TULTITLAN-3497.jpg 480w\" sizes=\"auto, (max-width: 460px) 100vw, 460px\" \/><\/a><p id=\"caption-attachment-403096\" class=\"wp-caption-text\">\u201cInvertir en el sector educativo representa una acci\u00f3n fundamental de todo gobierno, dijo\u00a0 la representante de los padres de familia de la Secundaria 566.<\/p><\/div>\n<p>&nbsp;<\/p>\n<p><strong>Tultitl\u00e1n, Estado de M\u00e9xico<\/strong>.- Con el objetivo de mejorar la calidad educativa de estudiantes de educaci\u00f3n b\u00e1sica, el presidente municipal, Ad\u00e1n Barr\u00f3n Elizalde, a trav\u00e9s de la Direcci\u00f3n General de Obras P\u00fablicas, inaugur\u00f3 la construcci\u00f3n del arcotecho en la secundaria\u00a0 No. 566 \u201cHeriberto Enr\u00edquez Rodr\u00edguez\u201d que pertenece a la colonia Ampliaci\u00f3n El Tesoro en la zona sur del municipio.<\/p>\n<p>Con emotivas palabras, el edil resalt\u00f3 la importancia de seguir invirtiendo en beneficio de las ni\u00f1as, ni\u00f1os y j\u00f3venes estudiantes de la demarcaci\u00f3n, resaltando que \u201cinvertir en el sector educativo representa una acci\u00f3n fundamental de todo gobierno, ya que en la educaci\u00f3n es donde se encuentra el desarrollo de una sociedad. Es un honor estar con ustedes para hacer la entrega de este arcotecho, pues es a trav\u00e9s de esta obra hoy beneficiamos directamente a\u00a0 mil 204 alumnos de ambos turnos de esta secundaria\u201d.<\/p>\n<p>Tambi\u00e9n se\u00f1al\u00f3 que \u201cestas obras son de gran relevancia para nosotros, ya que beneficia a futuras generaciones. La educaci\u00f3n es uno de los ejes m\u00e1s importantes para la administraci\u00f3n, porque queremos que las y los tultitlenses cuenten con una buena preparaci\u00f3n acad\u00e9mica que les permita contar con mayores herramientas para salir adelante\u201d enfatiz\u00f3 el Barr\u00f3n Elizalde.<\/p>\n<p>En su intervenci\u00f3n, el arquitecto Gregorio Polo\u00a0 Virgilio, director de Obras P\u00fablicas, detall\u00f3 que el arcotecho tuvo una inversi\u00f3n de un mill\u00f3n 665 mil 082 pesos y cuenta con 21 columnas de acero, una cubierta de 723 metros cuadrados y 6 piezas de luminarias.<\/p>\n<p>Cuenta con una adecuada cimentaci\u00f3n, por lo que soportar\u00e1 fuertes vientos y movimientos tel\u00faricos y proteger\u00e1 a los alumnos de las inclemencias del tiempo al realizar sus m\u00faltiples actividades al aire libre, agreg\u00f3 el funcionario local.<\/p>\n<p>El edil hizo un reconocimiento a los padres de familia y maestros por el esfuerzo en la formaci\u00f3n de los alumnos de dicha escuela y felicit\u00f3 al club de baile que interpret\u00f3 la danza \u201cLa Llorona de Oaxaca\u201d. Como muestra del entusiasmo mostrado por los alumnos al interpretar esta coreograf\u00eda, el presidente municipal los premiar\u00e1 con un viaje a un parque de diversiones con todos los gastos pagados, incluyendo a la escolta escolar.<\/p>\n<p>Por otra parte, en representaci\u00f3n del alumnado, se cont\u00f3 con la presencia de Isalia Gonz\u00e1lez Segundo, quien mostr\u00f3 su agradecimiento \u201cal presidente por la entrega de esta obra, ya que as\u00ed no habr\u00e1 contingencias que nos impidan realizar nuestras actividades escolares. Tengan la seguridad de que cuidaremos este gran regalo porque tambi\u00e9n representa un logro de la comunidad. Muchas gracias se\u00f1or presidente por este arcotecho\u201d.<\/p>\n","protected":false},"excerpt":{"rendered":"<p>Con el objetivo de mejorar la calidad educativa de estudiantes de educaci\u00f3n b\u00e1sica, el presidente municipal, Ad\u00e1n Barr\u00f3n Elizalde, a trav\u00e9s de la Direcci\u00f3n General de Obras P\u00fablicas, inaugur\u00f3 la construcci\u00f3n del arcotecho en la secundaria  No. 566 \u201cHeriberto Enr\u00edquez Rodr\u00edguez\u201d que pertenece a la colonia Ampliaci\u00f3n El Tesoro en la zona sur del municipio.<\/p>\n","protected":false},"author":3,"featured_media":403096,"comment_status":"open","ping_status":"open","sticky":false,"template":"","format":"standard","meta":{"_monsterinsights_skip_tracking":false,"_monsterinsights_sitenote_active":false,"_monsterinsights_sitenote_note":"","_monsterinsights_sitenote_category":0,"footnotes":""},"categories":[35155],"tags":[78840,43675,70301,578],"class_list":["post-403022","post","type-post","status-publish","format-standard","has-post-thumbnail","hentry","category-estado-de-mexico-estado-de-mexico","tag-arcotechos","tag-estado-de-mexico","tag-invierte","tag-tultitlan"],"_links":{"self":[{"href":"https:\/\/www.diarioimagen.net\/index.php?rest_route=\/wp\/v2\/posts\/403022","targetHints":{"allow":["GET"]}}],"collection":[{"href":"https:\/\/www.diarioimagen.net\/index.php?rest_route=\/wp\/v2\/posts"}],"about":[{"href":"https:\/\/www.diarioimagen.net\/index.php?rest_route=\/wp\/v2\/types\/post"}],"author":[{"embeddable":true,"href":"https:\/\/www.diarioimagen.net\/index.php?rest_route=\/wp\/v2\/users\/3"}],"replies":[{"embeddable":true,"href":"https:\/\/www.diarioimagen.net\/index.php?rest_route=%2Fwp%2Fv2%2Fcomments&post=403022"}],"version-history":[{"count":0,"href":"https:\/\/www.diarioimagen.net\/index.php?rest_route=\/wp\/v2\/posts\/403022\/revisions"}],"wp:featuredmedia":[{"embeddable":true,"href":"https:\/\/www.diarioimagen.net\/index.php?rest_route=\/wp\/v2\/media\/403096"}],"wp:attachment":[{"href":"https:\/\/www.diarioimagen.net\/index.php?rest_route=%2Fwp%2Fv2%2Fmedia&parent=403022"}],"wp:term":[{"taxonomy":"category","embeddable":true,"href":"https:\/\/www.diarioimagen.net\/index.php?rest_route=%2Fwp%2Fv2%2Fcategories&post=403022"},{"taxonomy":"post_tag","embeddable":true,"href":"https:\/\/www.diarioimagen.net\/index.php?rest_route=%2Fwp%2Fv2%2Ftags&post=403022"}],"curies":[{"name":"wp","href":"https:\/\/api.w.org\/{rel}","templated":true}]}}