{"id":403024,"date":"2018-11-13T00:06:59","date_gmt":"2018-11-13T06:06:59","guid":{"rendered":"https:\/\/www.diarioimagen.net\/?p=403024"},"modified":"2018-11-13T08:46:59","modified_gmt":"2018-11-13T14:46:59","slug":"con-una-condonacion-total-de-multas-y-recargos-huixquilucan-inicia-el-buen-fin","status":"publish","type":"post","link":"https:\/\/www.diarioimagen.net\/?p=403024","title":{"rendered":"Con una condonaci\u00f3n  total de multas y recargos Huixquilucan inicia el Buen Fin"},"content":{"rendered":"<p><a href=\"https:\/\/www.diarioimagen.net\/?attachment_id=403099\" rel=\"attachment wp-att-403099\"><img loading=\"lazy\" decoding=\"async\" class=\"aligncenter size-large wp-image-403099\" src=\"https:\/\/www.diarioimagen.net\/wp-content\/uploads\/2018\/11\/HUIXQUILUCAN-3497-460x259.jpg\" alt=\"\" width=\"460\" height=\"259\" srcset=\"https:\/\/www.diarioimagen.net\/wp-content\/uploads\/2018\/11\/HUIXQUILUCAN-3497-460x259.jpg 460w, https:\/\/www.diarioimagen.net\/wp-content\/uploads\/2018\/11\/HUIXQUILUCAN-3497-240x135.jpg 240w, https:\/\/www.diarioimagen.net\/wp-content\/uploads\/2018\/11\/HUIXQUILUCAN-3497-235x132.jpg 235w, https:\/\/www.diarioimagen.net\/wp-content\/uploads\/2018\/11\/HUIXQUILUCAN-3497-202x114.jpg 202w, https:\/\/www.diarioimagen.net\/wp-content\/uploads\/2018\/11\/HUIXQUILUCAN-3497-350x196.jpg 350w, https:\/\/www.diarioimagen.net\/wp-content\/uploads\/2018\/11\/HUIXQUILUCAN-3497-220x123.jpg 220w, https:\/\/www.diarioimagen.net\/wp-content\/uploads\/2018\/11\/HUIXQUILUCAN-3497-237x132.jpg 237w, https:\/\/www.diarioimagen.net\/wp-content\/uploads\/2018\/11\/HUIXQUILUCAN-3497.jpg 480w\" sizes=\"auto, (max-width: 460px) 100vw, 460px\" \/><\/a><\/p>\n<p>&nbsp;<\/p>\n<p><strong>Huixquilucan, Estado de M\u00e9xico<\/strong><strong>.- <\/strong>El gobierno de Huixquilucan, a trav\u00e9s de la Tesorer\u00eda municipal, inici\u00f3 la campa\u00f1a de \u201cEl Buen Fin\u201d, en donde los usuarios pueden aprovechar una bonificaci\u00f3n del cien por ciento en multas y recargos, generados por la omisi\u00f3n en el pago del impuesto predial de los ejercicios fiscales 2018 y anteriores, si paga el 16, 17, 18 y 20 de noviembre.<\/p>\n<p>Con \u201cEl Buen Fin en Huixquilucan\u201d, el presidente municipal, Enrique Vargas del Villar, estimula a que los contribuyentes que no est\u00e9n al corriente con el pago de su impuesto predial, accedan a estos beneficios, vigentes desde el 12 al 30 de noviembre.<\/p>\n<p>&nbsp;<\/p>\n","protected":false},"excerpt":{"rendered":"<p>El gobierno de Huixquilucan, a trav\u00e9s de la Tesorer\u00eda municipal, inici\u00f3 la campa\u00f1a de \u201cEl Buen Fin\u201d, en donde los usuarios pueden aprovechar una bonificaci\u00f3n del cien por ciento en multas y recargos, generados por la omisi\u00f3n en el pago del impuesto predial de los ejercicios fiscales 2018 y anteriores, si paga el 16, 17, 18 y 20 de noviembre.<\/p>\n","protected":false},"author":3,"featured_media":403099,"comment_status":"open","ping_status":"open","sticky":false,"template":"","format":"standard","meta":{"_monsterinsights_skip_tracking":false,"_monsterinsights_sitenote_active":false,"_monsterinsights_sitenote_note":"","_monsterinsights_sitenote_category":0,"footnotes":""},"categories":[35155],"tags":[20779,43675,1097],"class_list":["post-403024","post","type-post","status-publish","format-standard","has-post-thumbnail","hentry","category-estado-de-mexico-estado-de-mexico","tag-buen-fin","tag-estado-de-mexico","tag-huixquilucan"],"_links":{"self":[{"href":"https:\/\/www.diarioimagen.net\/index.php?rest_route=\/wp\/v2\/posts\/403024","targetHints":{"allow":["GET"]}}],"collection":[{"href":"https:\/\/www.diarioimagen.net\/index.php?rest_route=\/wp\/v2\/posts"}],"about":[{"href":"https:\/\/www.diarioimagen.net\/index.php?rest_route=\/wp\/v2\/types\/post"}],"author":[{"embeddable":true,"href":"https:\/\/www.diarioimagen.net\/index.php?rest_route=\/wp\/v2\/users\/3"}],"replies":[{"embeddable":true,"href":"https:\/\/www.diarioimagen.net\/index.php?rest_route=%2Fwp%2Fv2%2Fcomments&post=403024"}],"version-history":[{"count":0,"href":"https:\/\/www.diarioimagen.net\/index.php?rest_route=\/wp\/v2\/posts\/403024\/revisions"}],"wp:featuredmedia":[{"embeddable":true,"href":"https:\/\/www.diarioimagen.net\/index.php?rest_route=\/wp\/v2\/media\/403099"}],"wp:attachment":[{"href":"https:\/\/www.diarioimagen.net\/index.php?rest_route=%2Fwp%2Fv2%2Fmedia&parent=403024"}],"wp:term":[{"taxonomy":"category","embeddable":true,"href":"https:\/\/www.diarioimagen.net\/index.php?rest_route=%2Fwp%2Fv2%2Fcategories&post=403024"},{"taxonomy":"post_tag","embeddable":true,"href":"https:\/\/www.diarioimagen.net\/index.php?rest_route=%2Fwp%2Fv2%2Ftags&post=403024"}],"curies":[{"name":"wp","href":"https:\/\/api.w.org\/{rel}","templated":true}]}}