{"id":403027,"date":"2018-11-13T00:07:39","date_gmt":"2018-11-13T06:07:39","guid":{"rendered":"https:\/\/www.diarioimagen.net\/?p=403027"},"modified":"2018-11-13T08:50:22","modified_gmt":"2018-11-13T14:50:22","slug":"designan-a-david-parra-como-asesor-general-para-la-confepider","status":"publish","type":"post","link":"https:\/\/www.diarioimagen.net\/?p=403027","title":{"rendered":"Designan a David Parra como asesor general para la Confepider"},"content":{"rendered":"<ul>\n<li><strong><em>Confederaci\u00f3n de Servidores P\u00fablicos de los Poderes<\/em><\/strong><\/li>\n<\/ul>\n<p>&nbsp;<\/p>\n<div id=\"attachment_403102\" style=\"width: 470px\" class=\"wp-caption aligncenter\"><a href=\"https:\/\/www.diarioimagen.net\/?attachment_id=403102\" rel=\"attachment wp-att-403102\"><img loading=\"lazy\" decoding=\"async\" aria-describedby=\"caption-attachment-403102\" class=\"size-large wp-image-403102\" src=\"https:\/\/www.diarioimagen.net\/wp-content\/uploads\/2018\/11\/NAUCALPAN-3497-460x259.jpg\" alt=\"\" width=\"460\" height=\"259\" srcset=\"https:\/\/www.diarioimagen.net\/wp-content\/uploads\/2018\/11\/NAUCALPAN-3497-460x259.jpg 460w, https:\/\/www.diarioimagen.net\/wp-content\/uploads\/2018\/11\/NAUCALPAN-3497-240x135.jpg 240w, https:\/\/www.diarioimagen.net\/wp-content\/uploads\/2018\/11\/NAUCALPAN-3497-235x132.jpg 235w, https:\/\/www.diarioimagen.net\/wp-content\/uploads\/2018\/11\/NAUCALPAN-3497-202x114.jpg 202w, https:\/\/www.diarioimagen.net\/wp-content\/uploads\/2018\/11\/NAUCALPAN-3497-350x196.jpg 350w, https:\/\/www.diarioimagen.net\/wp-content\/uploads\/2018\/11\/NAUCALPAN-3497-220x123.jpg 220w, https:\/\/www.diarioimagen.net\/wp-content\/uploads\/2018\/11\/NAUCALPAN-3497-237x132.jpg 237w, https:\/\/www.diarioimagen.net\/wp-content\/uploads\/2018\/11\/NAUCALPAN-3497.jpg 480w\" sizes=\"auto, (max-width: 460px) 100vw, 460px\" \/><\/a><p id=\"caption-attachment-403102\" class=\"wp-caption-text\">En el Congreso Nacional, celebrado en Guadalajara, David Parra S\u00e1nchez fue ungido como el asesor general, por la amplia trayectoria que tiene.<\/p><\/div>\n<p>&nbsp;<\/p>\n<p><strong>Naucalpan, Estado de M\u00e9xico<\/strong>.- Es un orgullo para los mexiquenses el nombramiento de David Parra S\u00e1nchez. Un hombre que se ha destacado siempre por apoyar a quien lo necesita. La familia suteymista est\u00e1 de fiesta por este reconocimiento.<\/p>\n<p>Se\u00f1alo en entrevista, Ren\u00e9 Palomares Parra, presidente de la Comisi\u00f3n de Honor y Justicia de ese importante gremio sindical.<\/p>\n<p>Y es qu\u00e9 efectivamente , el l\u00edder moral del Sindicato \u00danico de Trabajadores del Estado y sus Municipios (SUTEyM), David Parra S\u00e1nchez, fue la propuesta para fungir como asesor general de la Confederaci\u00f3n de Servidores P\u00fablicos de los Poderes de los Estados, Municipios e Instituciones Descentralizadas de la Rep\u00fablica Mexicana (Confepider).<\/p>\n<p>En el II Congreso Nacional\u00a0 celebrado en Guiadalajara en el Sal\u00f3n de Eventos \u201cBugamville\u201d del Hotel Misi\u00f3n Carlton en la Ciudad de Guadalajara, Jalisco, Parra S\u00e1nchez, tuvo la distinci\u00f3n.<\/p>\n<p>Durante el pleno, entre otros puntos del orden del d\u00eda a desahogar, se encuentra la aprobaci\u00f3n de distintos asuntos, entre ellos, la legalidad de la Confepider, los informes financieros, el avance del registro nacional y los nombramientos correspondientes entre ellos:<\/p>\n<p>El coordinador General de Asesores; directora General de Capacitaci\u00f3n, Sub-Director de Capacitaci\u00f3n, representante en Jalisco de los Servidores P\u00fablicos de Confianza y el Director General de Asuntos de G\u00e9nero.<\/p>\n<p>David Parra, reiter\u00f3 que \u201cla distinci\u00f3n a que ser\u00e1 sujeto, lo compromete a trabajar con mayor dedicaci\u00f3n y responsabilidad en la organizaci\u00f3n\u201d.<\/p>\n<p>Manifest\u00f3 el estar consciente de que los agremiados en el \u00e1mbito estatal y municipal del pa\u00eds, cuentan con \u00e9ste instrumento jur\u00eddico que dar\u00e1 certeza a la clase laboral del servicio p\u00fablico en M\u00e9xico.<\/p>\n<p>Asimismo, el que los trabajadores cuenten con la seguridad social, mejoren sus condiciones y calidad de vida, pero sobre todo, alcancen el total respeto de las autoridades.<\/p>\n<p>La Confepider, surgi\u00f3 el 26 de abril de este a\u00f1o, cuyo dirigente Nacional es el maestro, Sergio Alberto Padilla P\u00e9rez y Presidente de la misma, Herminio Cahue Calder\u00f3n, dirigente estatal del SUTEyM, estado de M\u00e9xico.<\/p>\n<p>Uno de los principales objetivos de la organizaci\u00f3n sindical Nacional, entre otros, es el impulsar el servicio profesional de carrera para que a trav\u00e9s de la capacitaci\u00f3n de los agremiados, tengan mayores oportunidades de crecimiento y desarrollo.<\/p>\n<p>Cabe destacar, que la Confepider es el resultado de 40 a\u00f1os de esfuerzo que se concretaron con su toma de nota y el registro ante la Secretaria del Trabajo y Previsi\u00f3n Social, en la que estiman contar con servidores p\u00fablicos y trabajadores de la Iniciativa Privada, abarcando desde de Sonora a la Pen\u00ednsula de Yucat\u00e1n.<\/p>\n<p>El l\u00edder moral del Suteym, David Parra S\u00e1nchez, fungir\u00e1 a partir de la fecha como asesor general de la primer Confederaci\u00f3n de Servidores P\u00fablicos de los Poderes de los Estados, Municipios e Instituciones Descentralizadas de la Rep\u00fablica Mexicana legalmente constituida en el pa\u00eds.<\/p>\n","protected":false},"excerpt":{"rendered":"<p>Es un orgullo para los mexiquenses el nombramiento de David Parra S\u00e1nchez. Un hombre que se ha destacado siempre por apoyar a quien lo necesita. La familia suteymista est\u00e1 de fiesta por este reconocimiento.<\/p>\n","protected":false},"author":3,"featured_media":403102,"comment_status":"open","ping_status":"open","sticky":false,"template":"","format":"standard","meta":{"_monsterinsights_skip_tracking":false,"_monsterinsights_sitenote_active":false,"_monsterinsights_sitenote_note":"","_monsterinsights_sitenote_category":0,"footnotes":""},"categories":[35155],"tags":[73180,43675,970],"class_list":["post-403027","post","type-post","status-publish","format-standard","has-post-thumbnail","hentry","category-estado-de-mexico-estado-de-mexico","tag-confepider","tag-estado-de-mexico","tag-naucalpan"],"_links":{"self":[{"href":"https:\/\/www.diarioimagen.net\/index.php?rest_route=\/wp\/v2\/posts\/403027","targetHints":{"allow":["GET"]}}],"collection":[{"href":"https:\/\/www.diarioimagen.net\/index.php?rest_route=\/wp\/v2\/posts"}],"about":[{"href":"https:\/\/www.diarioimagen.net\/index.php?rest_route=\/wp\/v2\/types\/post"}],"author":[{"embeddable":true,"href":"https:\/\/www.diarioimagen.net\/index.php?rest_route=\/wp\/v2\/users\/3"}],"replies":[{"embeddable":true,"href":"https:\/\/www.diarioimagen.net\/index.php?rest_route=%2Fwp%2Fv2%2Fcomments&post=403027"}],"version-history":[{"count":0,"href":"https:\/\/www.diarioimagen.net\/index.php?rest_route=\/wp\/v2\/posts\/403027\/revisions"}],"wp:featuredmedia":[{"embeddable":true,"href":"https:\/\/www.diarioimagen.net\/index.php?rest_route=\/wp\/v2\/media\/403102"}],"wp:attachment":[{"href":"https:\/\/www.diarioimagen.net\/index.php?rest_route=%2Fwp%2Fv2%2Fmedia&parent=403027"}],"wp:term":[{"taxonomy":"category","embeddable":true,"href":"https:\/\/www.diarioimagen.net\/index.php?rest_route=%2Fwp%2Fv2%2Fcategories&post=403027"},{"taxonomy":"post_tag","embeddable":true,"href":"https:\/\/www.diarioimagen.net\/index.php?rest_route=%2Fwp%2Fv2%2Ftags&post=403027"}],"curies":[{"name":"wp","href":"https:\/\/api.w.org\/{rel}","templated":true}]}}