{"id":403059,"date":"2018-11-13T00:04:41","date_gmt":"2018-11-13T06:04:41","guid":{"rendered":"https:\/\/www.diarioimagen.net\/?p=403059"},"modified":"2018-11-13T02:04:54","modified_gmt":"2018-11-13T08:04:54","slug":"criticas-repugnantes-a-la-marchafifi","status":"publish","type":"post","link":"https:\/\/www.diarioimagen.net\/?p=403059","title":{"rendered":"Cr\u00edticas repugnantes a la #MarchaFifi"},"content":{"rendered":"<h2>Poder y dinero<\/h2>\n<h5>V\u00edctor S\u00e1nchez Ba\u00f1os<\/h5>\n<p>&nbsp;<\/p>\n<p style=\"text-align: right;\"><strong><em>Una civilizaci\u00f3n sin amor, <\/em><\/strong><em><strong>es un cementerio<\/strong><br \/>\n<\/em><em>R. Follereau, 1903-1977; <\/em><em>escritor y dramaturgo franc\u00e9s<\/em><\/p>\n<p>&nbsp;<\/p>\n<p>#Chairos #Fifis #MarchaFifi #AMLO #BrechasDeVenganza #LibertadDeExpresi\u00f3n #PAN #Operaci\u00f3nCicatriz #MarkoCort\u00e9s #Dami\u00e1nZepeda #RicardoAnaya #anayistas #FelipeCalder\u00f3n #SanJuanico #FuenteOvejuna #ViolenciaSociaImpune #GINgroup<\/p>\n<p>&nbsp;<\/p>\n<p>Ya hemos mencionado en este espacio. Es un crimen de nuestra \u201cgloriosa\u201d clase pol\u00edtica, dividir a la sociedad. La historia ha demostrado que una sociedad dividida es vulnerable a atraques y vejaciones desde el m\u00e1s selecto grupo de poder.<\/p>\n<p>La vieja historia de los pobres contra los ricos, es una aberraci\u00f3n. Claro que debe haber una sociedad justa y equitativa. Aqu\u00ed, en M\u00e9xico, se amasan enormes fortunas al cobijo del poder y muchos destacados miembros de la clase pol\u00edtica, de la izquierda, derecha o centro, son inmensamente ricos. Pero, no son ricos por su esfuerzo, dedicaci\u00f3n, talento, educaci\u00f3n. Son inmensa e insultantemente magnates, despu\u00e9s que robaron al erario o se aprovecharon de sus puestos burocr\u00e1ticos para obtener ganancias totalmente il\u00edcitas e ileg\u00edtimas.<\/p>\n<p>Los millones de mexicanos, de todos los estratos sociales, votaron en contra de los bur\u00f3cratas corruptos y contra el abuso de los potentados (pol\u00edticos, financieros y empresariales).\u00a0 Esto hace estallar polvorines de injusticia, con repercusiones sociales.<\/p>\n<p>Una forma de manifestarse, que est\u00e1 dentro de la ley, es salir a las calles y exigir la atenci\u00f3n de las autoridades. Lo hacen todos; de todos los estratos sociales y econ\u00f3micos.<\/p>\n<p>Unos salen a exigir garant\u00edas para mejorar las condiciones econ\u00f3micas y de oportunidades para los mexicanos. Otros, demandan m\u00e1s oportunidades para salir de la pobreza y miseria. Todos, acuden a las instancias gubernamentales para las soluciones inmediatas o a largo plazo. Marchas en favor o en contra de pol\u00edticas gubernamentales, s\u00f3lo ensanchan la enorme brecha que existe entre los que tienen mucho y los que tienen muy, pero muy poco. Sin embargo, hemos visto que las soluciones est\u00e1n muy alejadas de los mexicanos. Los gobernantes no dan soluci\u00f3n, pues.<\/p>\n<p>El domingo, un ejemplo de la enorme brecha que se ensancha, fue la llamada \u201cmarcha fifi\u201d, de aquellos que piden que el gobierno no ofrezca se\u00f1ales encontradas y genere condiciones econ\u00f3micas para promover la repartici\u00f3n de la riqueza; no la repartici\u00f3n de la miseria. Salieron pobres y ricos. Pero, los llamados \u201cchairos\u201d que se creen defensores de los pobres, hicieron cr\u00edticas repugnantes contra estos manifestantes. Si salen ellos los defensores emocionales de los pobres y llenan las calles, como ocurri\u00f3 con \u201clos fifis\u201d, entonces son \u201csalvadores de la patria\u201d. Realmente, es necesario que el pr\u00f3ximo gobierno, de Andr\u00e9s Manuel L\u00f3pez Obrador, llame a la reconciliaci\u00f3n. Debemos estar hermanados, aunque nuestras diferencias de pensamiento, que se expresen libremente y que no sean concesiones graciosas de los gobernantes, aunque sean encontradas son v\u00e1lidas y respetables.<\/p>\n<p>Como dice el trillado pr\u00f3cer de los \u201cchairos\u201d, como entre las naciones como entre los individuos, el respeto al derecho ajeno es la paz. Esto es lo que debe respetarse para vivir en paz.<\/p>\n<p><strong>PODEROSOS CABALLEROS<\/strong>: Quien ya inici\u00f3 la operaci\u00f3n cicatriz, es Marko Cort\u00e9s, quien en unos d\u00edas ser\u00e1 el presidente del Comit\u00e9 Ejecutivo Nacional del PAN. Despu\u00e9s de los comicios del pasado 1 de julio, las heridas dejadas por el candidato a la presidencia Ricardo Anaya, en ascenso al poder, dividi\u00f3 de tal manera a los azules que dif\u00edcilmente lograr\u00edan obtener mayores prestaciones electorales.<\/p>\n<p>Adem\u00e1s, la llegada de Marko estaba cantada. Era l\u00f3gico luego del poder obtenido por los anayistas en todo el proceso pasado que tomaron la mayor\u00eda de las gubernaturas azules as\u00ed como de las senadur\u00edas, diputaciones y alcald\u00edas que gan\u00f3 ese partido. La presencia de Manuel G\u00f3mez Mor\u00edn s\u00f3lo sirvi\u00f3 para legitimar la fuerza de Anaya, Cort\u00e9s y Dami\u00e1n Zepeda.<\/p>\n<p>*** Por ello, los d\u00edas con cierta influencia en el PAN para Felipe Calder\u00f3n se terminaron. Esto motiv\u00f3 su renuncia a ese partido, para unirse a su esposa y buscar mejores horizontes en lo que saben hacer: pol\u00edtica a la mexicana.\u00a0 *** La violencia generada en San Juanico, es el fiel reflejo de la descomposici\u00f3n social, por una parte, y la falta de autoridad por la otra. Comunidades enteras se enfrentan a la polic\u00eda como si fuera un deporte. Claro, con impunidad. Esto es lo que preocupa. Ya no hay autoridad respetable, ni respetada.<\/p>\n<p><strong>RESPONSABILIDAD SOCIAL CORPORATIVA<\/strong>: El crecimiento de GINgroup, de Ra\u00fal Beyruti, es sostenido. Durante los \u00faltimos 3 a\u00f1os creci\u00f3 100% y ese ritmo se mantendr\u00e1 sostenidamente. Entre los logros de esa empresa es el apoyo a los trabajadores a su servicio mediante planes de seguridad social que van desde la superaci\u00f3n acad\u00e9mica hasta la atenci\u00f3n en caso de fallecimiento.<\/p>\n<p><em><a href=\"mailto:vsb@poderydinero.mx\" target=\"_blank\" rel=\"noopener\">vsb@poderydinero.mx<\/a><br \/>\n<\/em><em><strong>Twitter:<\/strong><a href=\"https:\/\/twitter.com\/vsanchezbanos\" target=\"_blank\" rel=\"noopener\">@vsanchezbano<br \/>\n<\/a><\/em><em><strong>Facebook:\u00a0<\/strong><a href=\"https:\/\/www.facebook.com\/vsanchezbanos?fref=ts\" target=\"_blank\" rel=\"noopener\">vsanchezbano<\/a><\/em><\/p>\n","protected":false},"excerpt":{"rendered":"<p><span style=\"color: #005497;\"><strong>V\u00edctor S\u00e1nchez Ba\u00f1os<\/strong><\/span><\/p>\n","protected":false},"author":3,"featured_media":0,"comment_status":"open","ping_status":"open","sticky":false,"template":"","format":"standard","meta":{"_monsterinsights_skip_tracking":false,"_monsterinsights_sitenote_active":false,"_monsterinsights_sitenote_note":"","_monsterinsights_sitenote_category":0,"footnotes":""},"categories":[38844],"tags":[43674,38847,38848],"class_list":["post-403059","post","type-post","status-publish","format-standard","hentry","category-victor-sanchez-banos","tag-opinion","tag-poder-y-dinero","tag-victor-sanchez-banos"],"_links":{"self":[{"href":"https:\/\/www.diarioimagen.net\/index.php?rest_route=\/wp\/v2\/posts\/403059","targetHints":{"allow":["GET"]}}],"collection":[{"href":"https:\/\/www.diarioimagen.net\/index.php?rest_route=\/wp\/v2\/posts"}],"about":[{"href":"https:\/\/www.diarioimagen.net\/index.php?rest_route=\/wp\/v2\/types\/post"}],"author":[{"embeddable":true,"href":"https:\/\/www.diarioimagen.net\/index.php?rest_route=\/wp\/v2\/users\/3"}],"replies":[{"embeddable":true,"href":"https:\/\/www.diarioimagen.net\/index.php?rest_route=%2Fwp%2Fv2%2Fcomments&post=403059"}],"version-history":[{"count":0,"href":"https:\/\/www.diarioimagen.net\/index.php?rest_route=\/wp\/v2\/posts\/403059\/revisions"}],"wp:attachment":[{"href":"https:\/\/www.diarioimagen.net\/index.php?rest_route=%2Fwp%2Fv2%2Fmedia&parent=403059"}],"wp:term":[{"taxonomy":"category","embeddable":true,"href":"https:\/\/www.diarioimagen.net\/index.php?rest_route=%2Fwp%2Fv2%2Fcategories&post=403059"},{"taxonomy":"post_tag","embeddable":true,"href":"https:\/\/www.diarioimagen.net\/index.php?rest_route=%2Fwp%2Fv2%2Ftags&post=403059"}],"curies":[{"name":"wp","href":"https:\/\/api.w.org\/{rel}","templated":true}]}}