{"id":403194,"date":"2018-11-14T00:12:42","date_gmt":"2018-11-14T06:12:42","guid":{"rendered":"https:\/\/www.diarioimagen.net\/?p=403194"},"modified":"2018-11-14T09:06:48","modified_gmt":"2018-11-14T15:06:48","slug":"vasectomia-sin-bisturi-en-edomex-de-manera-gratuita","status":"publish","type":"post","link":"https:\/\/www.diarioimagen.net\/?p=403194","title":{"rendered":"Vasectom\u00eda sin bistur\u00ed en Edomex, de manera gratuita"},"content":{"rendered":"<h2>C\u00e1psulas de la salud<\/h2>\n<h5>Elsa Rodr\u00edguez Osorio<\/h5>\n<p>&nbsp;<\/p>\n<ul>\n<li><strong><em>Del 14 al 18 de noviembre la 70 Expo Dental AMIC 2018<\/em><\/strong><\/li>\n<li><strong><em>Paciente tu voz, encuesta para pacientes con c\u00e1ncer de mama<\/em><\/strong><\/li>\n<\/ul>\n<p>&nbsp;<\/p>\n<div id=\"attachment_403275\" style=\"width: 470px\" class=\"wp-caption aligncenter\"><a href=\"https:\/\/www.diarioimagen.net\/?attachment_id=403275\" rel=\"attachment wp-att-403275\"><img loading=\"lazy\" decoding=\"async\" aria-describedby=\"caption-attachment-403275\" class=\"size-large wp-image-403275\" src=\"https:\/\/www.diarioimagen.net\/wp-content\/uploads\/2018\/11\/capsulas-3498-460x259.jpg\" alt=\"\" width=\"460\" height=\"259\" srcset=\"https:\/\/www.diarioimagen.net\/wp-content\/uploads\/2018\/11\/capsulas-3498-460x259.jpg 460w, https:\/\/www.diarioimagen.net\/wp-content\/uploads\/2018\/11\/capsulas-3498-240x135.jpg 240w, https:\/\/www.diarioimagen.net\/wp-content\/uploads\/2018\/11\/capsulas-3498-235x132.jpg 235w, https:\/\/www.diarioimagen.net\/wp-content\/uploads\/2018\/11\/capsulas-3498-202x114.jpg 202w, https:\/\/www.diarioimagen.net\/wp-content\/uploads\/2018\/11\/capsulas-3498-350x196.jpg 350w, https:\/\/www.diarioimagen.net\/wp-content\/uploads\/2018\/11\/capsulas-3498-220x123.jpg 220w, https:\/\/www.diarioimagen.net\/wp-content\/uploads\/2018\/11\/capsulas-3498-237x132.jpg 237w, https:\/\/www.diarioimagen.net\/wp-content\/uploads\/2018\/11\/capsulas-3498.jpg 480w\" sizes=\"auto, (max-width: 460px) 100vw, 460px\" \/><\/a><p id=\"caption-attachment-403275\" class=\"wp-caption-text\">Jornadas Intensivas de Vasectom\u00eda sin Bistur\u00ed.<\/p><\/div>\n<p>&nbsp;<\/p>\n<p>Con el fin de fortalecer las estrategias de planificaci\u00f3n familiar y de salud reproductiva en la entidad, el Instituto de Salud del Estado de M\u00e9xico (ISEM), invita a las Jornadas Intensivas de Vasectom\u00eda sin Bistur\u00ed, que se realizar\u00e1n gratuitamente durante el presente mes en 23 unidades m\u00e9dicas del primer nivel de atenci\u00f3n.<\/p>\n<p>La vasectom\u00eda sin bistur\u00ed es ideal para los varones que han decidido terminar su etapa f\u00e9rtil, ya que es un m\u00e9todo anticonceptivo permanente que previene embarazos no planificados y que no afecta la vida sexual ni el funcionamiento hormonal del hombre.<\/p>\n<p>El procedimiento se realiza por m\u00e9dicos generales y familiares certificados por el Centro Nacional de Equidad de G\u00e9nero y Salud Reproductiva de la Secretar\u00eda de Salud federal, quienes intervienen a los pacientes con previa anestesia local.<\/p>\n<p>Se realiza una peque\u00f1a incisi\u00f3n o punci\u00f3n para extraer los conductos por donde pasa el l\u00edquido seminal, para despu\u00e9s amarrarlos, con lo que se elimina el semen en la eyaculaci\u00f3n.<\/p>\n<p>La vasectom\u00eda es segura y sencilla. Se realiza con t\u00e9cnica no invasiva y dura cerca de 30 minutos, por la cual no requiere hospitalizaci\u00f3Los interesados pueden llamar al tel\u00e9fono 01722-235-8690 Ext. 64754 del Departamento de Salud Reproductiva del ISEM. Quien est\u00e9 interesado se recomienda acudir con la parte anterior al escroto completamente rasurada, llevar ropa c\u00f3moda y calzoncillo ajustado, tambi\u00e9n disponer de reposo durante 48 horas y no programar actividades deportivas o de esfuerzo en las pr\u00f3ximas horas al procedimiento.<\/p>\n<p style=\"text-align: center;\"><strong>*****<\/strong><\/p>\n<p>La presidente de la Agrupaci\u00f3n Mexicana de la Industria y el Comercio Dental, Raquel Tirado P\u00e9rez, anunci\u00f3 la celebraci\u00f3n de la 70 Expo Dental AMIC 2018, que se llevar\u00e1 a cabo del 14 al 18 de noviembre,\u00a0 en 15 mil metros cuadrados de piso de exhibici\u00f3n del WTC Ciudad de M\u00e9xico \u2013salones Maya 1, 2 y 3 y Pepsi Center\u2014<\/p>\n<p>Se comercializar\u00e1n m\u00e1s de 10 mil marcas de insumos, productos y equipos de primera generaci\u00f3n con la m\u00e1s alta tecnolog\u00eda.<\/p>\n<p>De las 10:00 a las 20:00 horas. Estar\u00e1 El Buen Fin\u00a0 con promociones para la compra de productos y equipos dentales.<\/p>\n<p>Se estima que m\u00e1s de 30 mil profesionales de la odontolog\u00eda asistir\u00e1n a la Expo Dental AMIC, la m\u00e1s grande del mundo de habla hispana y 5ta en importancia a nivel nacional, por n\u00famero de asistentes y extensi\u00f3n en metros cuadrados de piso comercial. Exhibir\u00e1n todo tipo de productos y equipos de m\u00e1s de 120 empresas proveedoras del sector dental, en 500 stands.<\/p>\n<p>Con sus compras los dentistas podr\u00e1n participar en la rifa de 5 autos \u00faltimo modelo de la marca Mercedes Benz, Tambi\u00e9n se llevar\u00e1 a cabo el Congreso Odontol\u00f3gico AMIC \u2013ADM \u2013FMFEO, en los salones Olmeca del WTC Ciudad de M\u00e9xico del 15 de mayo al17 de mayo, con valor curricular para m\u00e1s de 10 mil asistentes.<\/p>\n<p style=\"text-align: center;\"><strong>****<\/strong><\/p>\n<p>De acuerdo a Paciente tu voz, una encuesta organizada por Salvati A.C. el 90% de las pacientes con c\u00e1ncer de mama afirman que su principal problema para tratarse oportunamente del padecimiento, son las largas distancias de su domicilio hasta el hospital que les corresponde, afirm\u00f3 Isabelle Aloi-Timeus, Presidenta de Salvati A.C.<\/p>\n<p>Estos son los resultados preliminares de 180 encuestas realizadas en la CDMX y el Edomex. Al final del proyecto ser\u00e1n 500 encuestas contando con pacientes con c\u00e1ncer de mama afiliadas al Seguro Popular, IMSS e ISSSTE.<\/p>\n<p>La iniciativa fue creada para saber con exactitud cu\u00e1les son las deficiencias m\u00e1s frecuentes que afectan a las pacientes tanto en su tratamiento como en el pron\u00f3stico de su enfermedad, y poder tener herramientas para alzar la voz y presentar estrategias a las autoridades a fin de disminuir la incidencia y mejorar su calidad de vida.<\/p>\n<p>Estos primeros hallazgos tambi\u00e9n arrojaron que el 39% dijo que no hubo tiempo suficiente por parte de los doctores para resolver dudas sobre su diagn\u00f3stico y etapa de la enfermedad. En cuanto a las terapias\u00a0 el 12.8% coment\u00f3 que recibi\u00f3 el medicamento, pero con atrasos.<\/p>\n<p>Mientras que el 87.2% dijo que s\u00ed recibi\u00f3 el f\u00e1rmaco apropiado para su tratamiento. La tasa de supervivencia\u00a0 a 5 a\u00f1os para las mujeres con c\u00e1ncer de mama en etapa 0 o etapa I es casi 100%. En etapa II, la tasa de supervivencia a 5 a\u00f1os es alrededor de 93%. Mientras que la tasa de supervivencia a 5 a\u00f1os, para el c\u00e1ncer de mama en etapa III es aproximadamente de 72%.<\/p>\n<p><em><a href=\"mailto:elros05.2000@gmail.com\" target=\"_blank\" rel=\"noopener noreferrer\">ros05.2000@gmail.com<\/a><\/em><\/p>\n","protected":false},"excerpt":{"rendered":"<p><span style=\"color: #005497;\"><strong>Elsa Rodr\u00edguez Osorio<\/strong><\/span><br \/>\n<br \/>\nCon el fin de fortalecer las estrategias de planificaci\u00f3n familiar y de salud reproductiva en la entidad, el Instituto de Salud del Estado de M\u00e9xico (ISEM), invita a las Jornadas Intensivas de Vasectom\u00eda sin Bistur\u00ed, que se realizar\u00e1n gratuitamente durante el presente mes en 23 unidades m\u00e9dicas del primer nivel de atenci\u00f3n.<\/p>\n","protected":false},"author":3,"featured_media":403275,"comment_status":"open","ping_status":"open","sticky":false,"template":"","format":"standard","meta":{"_monsterinsights_skip_tracking":false,"_monsterinsights_sitenote_active":false,"_monsterinsights_sitenote_note":"","_monsterinsights_sitenote_category":0,"footnotes":""},"categories":[877],"tags":[12894,43705,43674],"class_list":["post-403194","post","type-post","status-publish","format-standard","has-post-thumbnail","hentry","category-salud","tag-capsulas-de-la-salud","tag-elsa-rodriguez-osorio","tag-opinion"],"_links":{"self":[{"href":"https:\/\/www.diarioimagen.net\/index.php?rest_route=\/wp\/v2\/posts\/403194","targetHints":{"allow":["GET"]}}],"collection":[{"href":"https:\/\/www.diarioimagen.net\/index.php?rest_route=\/wp\/v2\/posts"}],"about":[{"href":"https:\/\/www.diarioimagen.net\/index.php?rest_route=\/wp\/v2\/types\/post"}],"author":[{"embeddable":true,"href":"https:\/\/www.diarioimagen.net\/index.php?rest_route=\/wp\/v2\/users\/3"}],"replies":[{"embeddable":true,"href":"https:\/\/www.diarioimagen.net\/index.php?rest_route=%2Fwp%2Fv2%2Fcomments&post=403194"}],"version-history":[{"count":0,"href":"https:\/\/www.diarioimagen.net\/index.php?rest_route=\/wp\/v2\/posts\/403194\/revisions"}],"wp:featuredmedia":[{"embeddable":true,"href":"https:\/\/www.diarioimagen.net\/index.php?rest_route=\/wp\/v2\/media\/403275"}],"wp:attachment":[{"href":"https:\/\/www.diarioimagen.net\/index.php?rest_route=%2Fwp%2Fv2%2Fmedia&parent=403194"}],"wp:term":[{"taxonomy":"category","embeddable":true,"href":"https:\/\/www.diarioimagen.net\/index.php?rest_route=%2Fwp%2Fv2%2Fcategories&post=403194"},{"taxonomy":"post_tag","embeddable":true,"href":"https:\/\/www.diarioimagen.net\/index.php?rest_route=%2Fwp%2Fv2%2Ftags&post=403194"}],"curies":[{"name":"wp","href":"https:\/\/api.w.org\/{rel}","templated":true}]}}