{"id":403206,"date":"2018-11-14T00:06:32","date_gmt":"2018-11-14T06:06:32","guid":{"rendered":"https:\/\/www.diarioimagen.net\/?p=403206"},"modified":"2018-11-14T09:10:56","modified_gmt":"2018-11-14T15:10:56","slug":"llama-vargas-del-villar-al-proximo-gobierno-federal-a-no-cancelar-fondo-para-infraestructura","status":"publish","type":"post","link":"https:\/\/www.diarioimagen.net\/?p=403206","title":{"rendered":"Llama Vargas del Villar al pr\u00f3ximo gobierno federal a no cancelar fondo para infraestructura"},"content":{"rendered":"<ul>\n<li><strong><em>En virtud de que cambia vidas y futuro<\/em><\/strong><\/li>\n<\/ul>\n<p>&nbsp;<\/p>\n<div id=\"attachment_403287\" style=\"width: 470px\" class=\"wp-caption aligncenter\"><a href=\"https:\/\/www.diarioimagen.net\/?attachment_id=403287\" rel=\"attachment wp-att-403287\"><img loading=\"lazy\" decoding=\"async\" aria-describedby=\"caption-attachment-403287\" class=\"size-large wp-image-403287\" src=\"https:\/\/www.diarioimagen.net\/wp-content\/uploads\/2018\/11\/HUIXQUILUCAN-14-460x259.jpg\" alt=\"\" width=\"460\" height=\"259\" srcset=\"https:\/\/www.diarioimagen.net\/wp-content\/uploads\/2018\/11\/HUIXQUILUCAN-14-460x259.jpg 460w, https:\/\/www.diarioimagen.net\/wp-content\/uploads\/2018\/11\/HUIXQUILUCAN-14-240x135.jpg 240w, https:\/\/www.diarioimagen.net\/wp-content\/uploads\/2018\/11\/HUIXQUILUCAN-14-235x132.jpg 235w, https:\/\/www.diarioimagen.net\/wp-content\/uploads\/2018\/11\/HUIXQUILUCAN-14-202x114.jpg 202w, https:\/\/www.diarioimagen.net\/wp-content\/uploads\/2018\/11\/HUIXQUILUCAN-14-350x196.jpg 350w, https:\/\/www.diarioimagen.net\/wp-content\/uploads\/2018\/11\/HUIXQUILUCAN-14-220x123.jpg 220w, https:\/\/www.diarioimagen.net\/wp-content\/uploads\/2018\/11\/HUIXQUILUCAN-14-237x132.jpg 237w, https:\/\/www.diarioimagen.net\/wp-content\/uploads\/2018\/11\/HUIXQUILUCAN-14.jpg 480w\" sizes=\"auto, (max-width: 460px) 100vw, 460px\" \/><\/a><p id=\"caption-attachment-403287\" class=\"wp-caption-text\">Enrique Vargas del Villar expuso\u00a0que este fondo ha permitido elevar la calidad de vida de m\u00e1s de 60 mil personas de Huixquilucan.<\/p><\/div>\n<p>&nbsp;<\/p>\n<p><strong>Huixquilucan, Estado de M\u00e9xico<\/strong>.- El alcalde de Huixquilucan, Enrique Vargas del Villar, llam\u00f3 al presidente electo de M\u00e9xico, Andr\u00e9s Manuel L\u00f3pez Obrador a que una vez que asuma la Presidencia de la Rep\u00fablica, no cancele o disminuya los recursos del Fondo de Aportaciones para la Infraestructura Social (FAIS), ya que se trata de una partida presupuestal que cambia la vida de personas en condiciones de rezago social en el pa\u00eds.<\/p>\n<p>Abund\u00f3 que no se trata de un tema pol\u00edtico-electoral, sino de justicia social para miles de familias.\u00a0 \u201cCon mucho respeto hago el llamado a Andr\u00e9s Manuel L\u00f3pez Obrador para que analice el comportamiento que ha tenido el FAIS en el pa\u00eds y se d\u00e9 cuenta c\u00f3mo ha cambiado el futuro de la ni\u00f1ez y familias mexicanas\u201d.<\/p>\n<p>En el marco del Seminario de Buenas Pr\u00e1cticas FAIS 2018, Vargas del Villar, expuso\u00a0que este Fondo ha permitido elevar la calidad de vida de m\u00e1s de 60 mil personas de Huixquilucan, quienes ya cuentan con electrificaci\u00f3n, dispensarios, techos firmes, drenajes, lozas y pisos firmes, que marcan un antes y un despu\u00e9s en la vida de las familias del municipio.<\/p>\n<p>El FAIS dijo, tambi\u00e9n ha permitido la rehabilitaci\u00f3n de escuelas, muchas de ellas sin sanitarios y aulas en mal estado, que ahora ya tienen instalaciones dignas para el mejor desempe\u00f1o de los estudiantes.<\/p>\n<p>\u201cEl municipio de Huixquilucan ha comprobado todo el recurso que se ha destinado, por lo cual cada a\u00f1o se incrementa.<\/p>\n<p>Por eso, estoy seguro que el pr\u00f3ximo a\u00f1o el gobierno federal entrante, va a dejar que siga operando el FAIS y lo va a incrementar en beneficio de las familias\u201d.<\/p>\n<p>Thania Paola de la Garza, Directora general adjunta de evaluaci\u00f3n del CONEVAL coincidi\u00f3 con el Presidente Municipal de Huixquilucan, Enrique Vargas del Villar, al enfatizar que el Fondo de Aportaciones para la Infraestructura Social, cambia vidas, cambia el futuro de las familias que m\u00e1s lo necesitan.<\/p>\n","protected":false},"excerpt":{"rendered":"<p>El alcalde de Huixquilucan, Enrique Vargas del Villar, llam\u00f3 al presidente electo de M\u00e9xico, Andr\u00e9s Manuel L\u00f3pez Obrador a que una vez que asuma la Presidencia de la Rep\u00fablica, no cancele o disminuya los recursos del Fondo de Aportaciones para la Infraestructura Social (FAIS), ya que se trata de una partida presupuestal que cambia la vida de personas en condiciones de rezago social en el pa\u00eds.<\/p>\n","protected":false},"author":3,"featured_media":403287,"comment_status":"open","ping_status":"open","sticky":false,"template":"","format":"standard","meta":{"_monsterinsights_skip_tracking":false,"_monsterinsights_sitenote_active":false,"_monsterinsights_sitenote_note":"","_monsterinsights_sitenote_category":0,"footnotes":""},"categories":[35155],"tags":[47218,43675,80093,1097,18394],"class_list":["post-403206","post","type-post","status-publish","format-standard","has-post-thumbnail","hentry","category-estado-de-mexico-estado-de-mexico","tag-enrique-vargas-del-villar","tag-estado-de-mexico","tag-fondo-de-aportaciones-para-la-infraestructura-social","tag-huixquilucan","tag-infraestructura"],"_links":{"self":[{"href":"https:\/\/www.diarioimagen.net\/index.php?rest_route=\/wp\/v2\/posts\/403206","targetHints":{"allow":["GET"]}}],"collection":[{"href":"https:\/\/www.diarioimagen.net\/index.php?rest_route=\/wp\/v2\/posts"}],"about":[{"href":"https:\/\/www.diarioimagen.net\/index.php?rest_route=\/wp\/v2\/types\/post"}],"author":[{"embeddable":true,"href":"https:\/\/www.diarioimagen.net\/index.php?rest_route=\/wp\/v2\/users\/3"}],"replies":[{"embeddable":true,"href":"https:\/\/www.diarioimagen.net\/index.php?rest_route=%2Fwp%2Fv2%2Fcomments&post=403206"}],"version-history":[{"count":0,"href":"https:\/\/www.diarioimagen.net\/index.php?rest_route=\/wp\/v2\/posts\/403206\/revisions"}],"wp:featuredmedia":[{"embeddable":true,"href":"https:\/\/www.diarioimagen.net\/index.php?rest_route=\/wp\/v2\/media\/403287"}],"wp:attachment":[{"href":"https:\/\/www.diarioimagen.net\/index.php?rest_route=%2Fwp%2Fv2%2Fmedia&parent=403206"}],"wp:term":[{"taxonomy":"category","embeddable":true,"href":"https:\/\/www.diarioimagen.net\/index.php?rest_route=%2Fwp%2Fv2%2Fcategories&post=403206"},{"taxonomy":"post_tag","embeddable":true,"href":"https:\/\/www.diarioimagen.net\/index.php?rest_route=%2Fwp%2Fv2%2Ftags&post=403206"}],"curies":[{"name":"wp","href":"https:\/\/api.w.org\/{rel}","templated":true}]}}