{"id":403242,"date":"2018-11-14T00:08:04","date_gmt":"2018-11-14T06:08:04","guid":{"rendered":"https:\/\/www.diarioimagen.net\/?p=403242"},"modified":"2018-11-14T09:22:48","modified_gmt":"2018-11-14T15:22:48","slug":"el-bloqueo-en-la-autopista-mexico-pachuca","status":"publish","type":"post","link":"https:\/\/www.diarioimagen.net\/?p=403242","title":{"rendered":"El bloqueo en la autopista M\u00e9xico-Pachuca"},"content":{"rendered":"<h2>Punto por punto<\/h2>\n<h5>Augusto Corro<\/h5>\n<p>&nbsp;<\/p>\n<div id=\"attachment_403296\" style=\"width: 470px\" class=\"wp-caption aligncenter\"><a href=\"https:\/\/www.diarioimagen.net\/?attachment_id=403296\" rel=\"attachment wp-att-403296\"><img loading=\"lazy\" decoding=\"async\" aria-describedby=\"caption-attachment-403296\" class=\"size-large wp-image-403296\" src=\"https:\/\/www.diarioimagen.net\/wp-content\/uploads\/2018\/11\/OiDO-AL-PASAR-jose-luis-460x339.jpg\" alt=\"\" width=\"460\" height=\"339\" srcset=\"https:\/\/www.diarioimagen.net\/wp-content\/uploads\/2018\/11\/OiDO-AL-PASAR-jose-luis-460x339.jpg 460w, https:\/\/www.diarioimagen.net\/wp-content\/uploads\/2018\/11\/OiDO-AL-PASAR-jose-luis-240x177.jpg 240w, https:\/\/www.diarioimagen.net\/wp-content\/uploads\/2018\/11\/OiDO-AL-PASAR-jose-luis-768x566.jpg 768w, https:\/\/www.diarioimagen.net\/wp-content\/uploads\/2018\/11\/OiDO-AL-PASAR-jose-luis-90x65.jpg 90w, https:\/\/www.diarioimagen.net\/wp-content\/uploads\/2018\/11\/OiDO-AL-PASAR-jose-luis.jpg 1200w\" sizes=\"auto, (max-width: 460px) 100vw, 460px\" \/><\/a><p id=\"caption-attachment-403296\" class=\"wp-caption-text\">O\u00eddo al pasar&#8230; | Jos\u00e9 Luis<\/p><\/div>\n<p>&nbsp;<\/p>\n<p>Tuvieron que pasar m\u00e1s de 20 horas para que las autoridades levantaran el bloqueo en la autopista M\u00e9xico-Pachuca.<\/p>\n<p>Los vecinos de San Juanico (San Juan Ixhuatepec, Edomex) decidieron obstaculizar esa v\u00eda tras violenta irrupci\u00f3n de los granaderos capitalinos en el poblado, luego de un enfrentamiento con los polic\u00edas quienes, supuestamente, persegu\u00edan a asaltantes.<\/p>\n<p>Miles de personas resultaron afectadas por la cancelaci\u00f3n de esa v\u00eda que es una de las m\u00e1s conflictivas de M\u00e9xico, debido al intenso tr\u00e1fico vehicular a todas horas.<\/p>\n<p>En unas cuantas horas, la zona se convirti\u00f3 en un polvor\u00edn. Se pens\u00f3 en lo peor. \u00bfY los representantes de la ley? Desaparecieron tras la incursi\u00f3n violenta. Corr\u00eda el tiempo y la autopista segu\u00eda paralizada. En la noche del lunes se iniciaron los acuerdos para levantar el bloqueo.<\/p>\n<p>Conforme se agudizaba el conflicto, m\u00e1s se notaba la ausencia de los representantes de la ley para resolverlo. Sin duda, los acontecimientos extraordinarios como el citado bloqueo ser\u00e1n vistos como hechos cotidianos si no se encuentran las maneras para aplicar la justicia y\u00a0 erradicarlos.<\/p>\n<p>La sociedad se encuentra harta de asaltos, secuestros, asesinatos y abusos de la polic\u00eda. Ante esa situaci\u00f3n, en un sinn\u00famero de ocasiones decidi\u00f3 hacerse justicia por propia mano.<\/p>\n<p>Los linchamientos, los vengadores an\u00f3nimos, etc., son el resultado de la cerraz\u00f3n de los encargados de impartir justicia desde los polic\u00edas hasta los representantes del Ministerio P\u00fablico.<\/p>\n<p>La polic\u00eda hace varios a\u00f1os que se volvi\u00f3 enemiga de la sociedad. Por ejemplo, los granaderos no inspiran respeto alguno, menos cuando agreden a los vecinos como ocurri\u00f3 en San Juanico.<\/p>\n<p>Los uniformados sab\u00edan cu\u00e1l era la respuesta y no erraron. Lograron enardecer los \u00e1nimos de una poblaci\u00f3n cansada de injusticias.<\/p>\n<p>Marko Cort\u00e9s, el nuevo l\u00edder<\/p>\n<p>Marko Cort\u00e9s es el nuevo l\u00edder panista que tratar\u00e1 de reconstruir a su partido que, por el momento, vive una de sus peores crisis.<\/p>\n<p>Tras la debacle del 1 de julio, Acci\u00f3n Nacional acentu\u00f3 el desgaste pol\u00edtico que surgi\u00f3 en su interior desde que Felipe Calder\u00f3n fue presidente de M\u00e9xico.<\/p>\n<p>Surgieron los grupos pol\u00edticos en ese organismo pol\u00edtico que ahora tienen dividido al panismo.<\/p>\n<p>Fue determinante la participaci\u00f3n de Calder\u00f3n para el surgimiento de las corrientes. Una fue la<em> calderonista<\/em> y otra la <em>anayista<\/em>.<\/p>\n<p>Al final, parece que ninguna de las dos triunf\u00f3. Por lo menos as\u00ed lo da a entender Marko Cort\u00e9s.<\/p>\n<p>El domingo 11 d\u00cda de las elecciones internas del PAN, el ex presidente Calder\u00f3n aprovech\u00f3 la oportunidad para reconfirmar su renuncia al partido.<\/p>\n<p>A pocos le caus\u00f3 extra\u00f1eza esa decisi\u00f3n del blanquiazul, uno de los peores presidentes de M\u00e9xico.<\/p>\n<p>En una entrevista, se le pregunt\u00f3 a Marko Cort\u00e9s sobre la renuncia del michoacano. Contest\u00f3 que Calder\u00f3n ten\u00eda tiempo de haberse ido del partido.<\/p>\n<p>El ex mandatario anunci\u00f3 hace tiempo su inter\u00e9s por formar un nuevo partido. Fue cuando su esposa Margarita Zavala perdi\u00f3 la carrera, ante Ricardo Anaya, como candidata panista a la Presidencia de la Rep\u00fablica.<\/p>\n<p>La decisi\u00f3n del ex presidente s\u00f3lo se detuvo unos meses.<\/p>\n<p>Envalentonado, el michoacano ya declar\u00f3 su inter\u00e9s por crear un nuevo partido de derecha con la idea, supongo, de establecer un contrapeso al partido Movimiento de Regeneraci\u00f3n Nacional (Morena), el instituto pol\u00edtico arrollador en las elecciones presidenciales recientes.<\/p>\n<p>Calder\u00f3n y su esposa tendr\u00e1n que remar muy fuerte contra la corriente. Quiz\u00e1 su partido tenga ideas frescas, innovadoras, que le permitan posicionarse inmediatamente entre los electores.<\/p>\n<p>Aunque yo consider\u00f3 que ser\u00e1 una tarea m\u00e1s que compleja porque los Calder\u00f3n forjaron una historia m\u00e1s que negativa a su paso por Los Pinos.<\/p>\n<p>Para empezar, el michoacano decidi\u00f3 enfrentar a la delincuencia organizada sin una estrategia ganadora. \u00bfEl resultado? Miles de v\u00edctimas. Ni c\u00f3mo borrar de la historia esa ola de asesinatos, secuestros, durante su sexenio.<\/p>\n<p>El PAN resultar\u00e1 beneficiado con la renuncia de Calder\u00f3n. \u00bfSu futuro partido podr\u00e1 ser un contrapeso real ante Morena?\u00a0 \u00bfAmable lector, usted qu\u00e9 opina?<\/p>\n<p style=\"text-align: center;\"><strong>La CNN demanda a Trump<\/strong><\/p>\n<p>La cadena de televisi\u00f3n CNN demand\u00f3 al gobierno estadounidense, encabezado por Donald Trump,\u00a0 porque le retiraron la acreditaci\u00f3n ante la Casa Blanca al periodista Jim Acosta.<\/p>\n<p>La empresa manifest\u00f3 que ese hecho viola la Constituci\u00f3n de Estados Unidos (EU), materia de libertad de expresi\u00f3n.<\/p>\n<p>La demanda fue presentada en una corte federal de Washington DC en la que se incluye a la vocera de Trump, Sarah Sanders.<\/p>\n<p>Su repudi\u00f3 a los medios de comunicaci\u00f3n tienen a Trump en un permanente enfrentamiento con los periodistas.<\/p>\n<p>El mi\u00e9rcoles 7 de noviembre, el magnate de la construcci\u00f3n critic\u00f3 al periodista Jim Acosta por una pregunta que molest\u00f3 a Trump y mand\u00f3 a una becaria que le quitara el micr\u00f3fono. El periodista \u00fanicamente se neg\u00f3 a entregarlo.<\/p>\n<p>Los funcionarios de la Casa Blanca aprovecharon el momento para decir que Jim Acosta le \u201cpuso las manos encima\u00a0 a la joven\u201d y que por eso le cancelaban la acreditaci\u00f3n al reportero de la CNN.<\/p>\n<p><em><u><a href=\"mailto:aco2742@hotmail.com\" target=\"_blank\" rel=\"noopener\">aco2742@hotmail.com<\/a><\/u><\/em><\/p>\n","protected":false},"excerpt":{"rendered":"<p><span style=\"color: #005497;\"><strong>Augusto Corro<\/strong><\/span><br \/>\n<br \/>\nTuvieron que pasar m\u00e1s de 20 horas para que las autoridades levantaran el bloqueo en la autopista M\u00e9xico-Pachuca.<\/p>\n","protected":false},"author":3,"featured_media":403296,"comment_status":"open","ping_status":"open","sticky":false,"template":"","format":"standard","meta":{"_monsterinsights_skip_tracking":false,"_monsterinsights_sitenote_active":false,"_monsterinsights_sitenote_note":"","_monsterinsights_sitenote_category":0,"footnotes":""},"categories":[157],"tags":[43686,43674,11515],"class_list":["post-403242","post","type-post","status-publish","format-standard","has-post-thumbnail","hentry","category-augusto-corro","tag-augusto-corro","tag-opinion","tag-punto-por-punto"],"_links":{"self":[{"href":"https:\/\/www.diarioimagen.net\/index.php?rest_route=\/wp\/v2\/posts\/403242","targetHints":{"allow":["GET"]}}],"collection":[{"href":"https:\/\/www.diarioimagen.net\/index.php?rest_route=\/wp\/v2\/posts"}],"about":[{"href":"https:\/\/www.diarioimagen.net\/index.php?rest_route=\/wp\/v2\/types\/post"}],"author":[{"embeddable":true,"href":"https:\/\/www.diarioimagen.net\/index.php?rest_route=\/wp\/v2\/users\/3"}],"replies":[{"embeddable":true,"href":"https:\/\/www.diarioimagen.net\/index.php?rest_route=%2Fwp%2Fv2%2Fcomments&post=403242"}],"version-history":[{"count":0,"href":"https:\/\/www.diarioimagen.net\/index.php?rest_route=\/wp\/v2\/posts\/403242\/revisions"}],"wp:featuredmedia":[{"embeddable":true,"href":"https:\/\/www.diarioimagen.net\/index.php?rest_route=\/wp\/v2\/media\/403296"}],"wp:attachment":[{"href":"https:\/\/www.diarioimagen.net\/index.php?rest_route=%2Fwp%2Fv2%2Fmedia&parent=403242"}],"wp:term":[{"taxonomy":"category","embeddable":true,"href":"https:\/\/www.diarioimagen.net\/index.php?rest_route=%2Fwp%2Fv2%2Fcategories&post=403242"},{"taxonomy":"post_tag","embeddable":true,"href":"https:\/\/www.diarioimagen.net\/index.php?rest_route=%2Fwp%2Fv2%2Ftags&post=403242"}],"curies":[{"name":"wp","href":"https:\/\/api.w.org\/{rel}","templated":true}]}}