{"id":403356,"date":"2018-11-15T00:10:38","date_gmt":"2018-11-15T06:10:38","guid":{"rendered":"https:\/\/www.diarioimagen.net\/?p=403356"},"modified":"2018-11-15T09:32:22","modified_gmt":"2018-11-15T15:32:22","slug":"convenio-para-fortalecer-la-politica-social","status":"publish","type":"post","link":"https:\/\/www.diarioimagen.net\/?p=403356","title":{"rendered":"Convenio para fortalecer la pol\u00edtica social"},"content":{"rendered":"<h2>Arco Norte<\/h2>\n<h5>Jos\u00e9 Luis Monta\u00f1ez Aguilar<\/h5>\n<p>&nbsp;<\/p>\n<p><a href=\"https:\/\/www.diarioimagen.net\/?attachment_id=403481\" rel=\"attachment wp-att-403481\"><img loading=\"lazy\" decoding=\"async\" class=\"aligncenter size-large wp-image-403481\" src=\"https:\/\/www.diarioimagen.net\/wp-content\/uploads\/2018\/11\/arco-3499-460x259.jpg\" alt=\"\" width=\"460\" height=\"259\" srcset=\"https:\/\/www.diarioimagen.net\/wp-content\/uploads\/2018\/11\/arco-3499-460x259.jpg 460w, https:\/\/www.diarioimagen.net\/wp-content\/uploads\/2018\/11\/arco-3499-240x135.jpg 240w, https:\/\/www.diarioimagen.net\/wp-content\/uploads\/2018\/11\/arco-3499-235x132.jpg 235w, https:\/\/www.diarioimagen.net\/wp-content\/uploads\/2018\/11\/arco-3499-202x114.jpg 202w, https:\/\/www.diarioimagen.net\/wp-content\/uploads\/2018\/11\/arco-3499-350x196.jpg 350w, https:\/\/www.diarioimagen.net\/wp-content\/uploads\/2018\/11\/arco-3499-220x123.jpg 220w, https:\/\/www.diarioimagen.net\/wp-content\/uploads\/2018\/11\/arco-3499-237x132.jpg 237w, https:\/\/www.diarioimagen.net\/wp-content\/uploads\/2018\/11\/arco-3499.jpg 480w\" sizes=\"auto, (max-width: 460px) 100vw, 460px\" \/><\/a><\/p>\n<p>&nbsp;<\/p>\n<p>La Secretar\u00eda de Desarrollo Social (Sedesem), a trav\u00e9s del Consejo de Investigaci\u00f3n y Evaluaci\u00f3n de la Pol\u00edtica Social (CIEPS), y El Colegio Mexiquense, AC, firmaron un convenio de colaboraci\u00f3n con el objetivo de aportar an\u00e1lisis y propuestas para dar mayor sentido a la planeaci\u00f3n, ejecuci\u00f3n y evaluaci\u00f3n de la pol\u00edtica social.<\/p>\n<p>Durante el evento, el titular de la Sedesem, Eric Sevilla Montes de Oca, precis\u00f3 que el gobernador Alfredo Del Mazo Maza ha instruido realizar \u201cun trabajo transversal con diversas instituciones p\u00fablicas, sociales y privadas, para beneficiar de manera integral a un mayor n\u00famero de mexiquenses\u201d.<\/p>\n<p>En presencia de C\u00e9sar Camacho Quiroz, presidente de El Colegio Mexiquense, AC, Sevilla Montes de Oca se\u00f1al\u00f3 que mediante el acuerdo se abrir\u00e1n espacios para que los servidores p\u00fablicos vinculados con el tema social, reciban capacitaci\u00f3n y profesionalizaci\u00f3n para ofrecer mejores resultados a la poblaci\u00f3n.<\/p>\n<p>Detall\u00f3 que el convenio cuenta con cuatro alcances entre los que se encuentran desarrollar proyectos de investigaci\u00f3n cient\u00edfica, realizar cursos, conferencias, seminarios, encuentros, talleres y congresos, intercambiar conocimiento bibliogr\u00e1fico y colaborar con expertos acad\u00e9micos, a trav\u00e9s de art\u00edculos o resultados de investigaci\u00f3n sobre temas de desarrollo social y humano.<\/p>\n<p>Asimismo, se dar\u00e1 la oportunidad para encontrar coincidencias que repercutan en una mayor calidad de vida de las personas en condiciones vulnerables, dijo.<\/p>\n<p>En su oportunidad, Camacho Quiroz recalc\u00f3 que \u201cla pol\u00edtica social es la \u00e9tica de la pol\u00edtica\u201d, es as\u00ed que las instituciones p\u00fablicas contribuyen a consolidar las acciones encabezadas por el mandatario estatal, mediante la precisi\u00f3n y pertinencia.<\/p>\n<p>Adem\u00e1s, reconoci\u00f3 que la demanda de atenci\u00f3n que la ciudadan\u00eda plantea y la capacidad del gobierno de satisfacerla es un desaf\u00edo permanente, por lo que \u201cel colegio va a seguir haciendo su trabajo y sus hallazgos y los va a seguir poniendo al servicio de causas nobles como lo es la pol\u00edtica social mexiquense, que debe ser ejemplar y un faro que pueda contribuir a otras entidades del pa\u00eds\u201d.<\/p>\n<p>Por su parte, Marih\u00f1o Ra\u00fal C\u00e1rdenas Z\u00fa\u00f1iga, secretario ejecutivo del CIEPS, se\u00f1al\u00f3 que el acercamiento interinstitucional, nacional e internacional, es \u00fatil para la obtenci\u00f3n de productos acad\u00e9micos que contribuyan al estudio, investigaci\u00f3n y an\u00e1lisis de los programas sociales.<\/p>\n<p><em><a href=\"mailto:montanezaguilar@gmail.com\" target=\"_blank\" rel=\"noopener\">montanezaguilar@gmail.com<\/a><\/em><\/p>\n","protected":false},"excerpt":{"rendered":"<p><span style=\"color: #005497;\">Jos\u00e9 Luis Monta\u00f1ez Aguilar<\/span><br \/>\n<br \/>\nLa Secretar\u00eda de Desarrollo Social (Sedesem), a trav\u00e9s del Consejo de Investigaci\u00f3n y Evaluaci\u00f3n de la Pol\u00edtica Social (CIEPS), y El Colegio Mexiquense, AC, firmaron un convenio de colaboraci\u00f3n con el objetivo de aportar an\u00e1lisis y propuestas para dar mayor sentido a la planeaci\u00f3n, ejecuci\u00f3n y evaluaci\u00f3n de la pol\u00edtica social.<\/p>\n","protected":false},"author":3,"featured_media":403481,"comment_status":"open","ping_status":"open","sticky":false,"template":"","format":"standard","meta":{"_monsterinsights_skip_tracking":false,"_monsterinsights_sitenote_active":false,"_monsterinsights_sitenote_note":"","_monsterinsights_sitenote_category":0,"footnotes":""},"categories":[5],"tags":[638,43690,43674],"class_list":["post-403356","post","type-post","status-publish","format-standard","has-post-thumbnail","hentry","category-estado-de-mexico","tag-detras-del-poder","tag-jose-antonio-lopez-sosa","tag-opinion"],"_links":{"self":[{"href":"https:\/\/www.diarioimagen.net\/index.php?rest_route=\/wp\/v2\/posts\/403356","targetHints":{"allow":["GET"]}}],"collection":[{"href":"https:\/\/www.diarioimagen.net\/index.php?rest_route=\/wp\/v2\/posts"}],"about":[{"href":"https:\/\/www.diarioimagen.net\/index.php?rest_route=\/wp\/v2\/types\/post"}],"author":[{"embeddable":true,"href":"https:\/\/www.diarioimagen.net\/index.php?rest_route=\/wp\/v2\/users\/3"}],"replies":[{"embeddable":true,"href":"https:\/\/www.diarioimagen.net\/index.php?rest_route=%2Fwp%2Fv2%2Fcomments&post=403356"}],"version-history":[{"count":0,"href":"https:\/\/www.diarioimagen.net\/index.php?rest_route=\/wp\/v2\/posts\/403356\/revisions"}],"wp:featuredmedia":[{"embeddable":true,"href":"https:\/\/www.diarioimagen.net\/index.php?rest_route=\/wp\/v2\/media\/403481"}],"wp:attachment":[{"href":"https:\/\/www.diarioimagen.net\/index.php?rest_route=%2Fwp%2Fv2%2Fmedia&parent=403356"}],"wp:term":[{"taxonomy":"category","embeddable":true,"href":"https:\/\/www.diarioimagen.net\/index.php?rest_route=%2Fwp%2Fv2%2Fcategories&post=403356"},{"taxonomy":"post_tag","embeddable":true,"href":"https:\/\/www.diarioimagen.net\/index.php?rest_route=%2Fwp%2Fv2%2Ftags&post=403356"}],"curies":[{"name":"wp","href":"https:\/\/api.w.org\/{rel}","templated":true}]}}