{"id":403375,"date":"2018-11-15T00:09:42","date_gmt":"2018-11-15T06:09:42","guid":{"rendered":"https:\/\/www.diarioimagen.net\/?p=403375"},"modified":"2018-11-15T08:54:20","modified_gmt":"2018-11-15T14:54:20","slug":"no-habra-modificaciones-en-cobros-de-bancos-monreal","status":"publish","type":"post","link":"https:\/\/www.diarioimagen.net\/?p=403375","title":{"rendered":"No habr\u00e1 modificaciones en cobros de bancos: Monreal"},"content":{"rendered":"<ul>\n<li><strong><em>De diciembre a febrero pr\u00f3ximos<\/em><\/strong><\/li>\n<\/ul>\n<p>&nbsp;<\/p>\n<div id=\"attachment_403455\" style=\"width: 470px\" class=\"wp-caption aligncenter\"><a href=\"https:\/\/www.diarioimagen.net\/?attachment_id=403455\" rel=\"attachment wp-att-403455\"><img loading=\"lazy\" decoding=\"async\" aria-describedby=\"caption-attachment-403455\" class=\"size-large wp-image-403455\" src=\"https:\/\/www.diarioimagen.net\/wp-content\/uploads\/2018\/11\/COMISIONES15-460x259.jpg\" alt=\"\" width=\"460\" height=\"259\" srcset=\"https:\/\/www.diarioimagen.net\/wp-content\/uploads\/2018\/11\/COMISIONES15-460x259.jpg 460w, https:\/\/www.diarioimagen.net\/wp-content\/uploads\/2018\/11\/COMISIONES15-240x135.jpg 240w, https:\/\/www.diarioimagen.net\/wp-content\/uploads\/2018\/11\/COMISIONES15-235x132.jpg 235w, https:\/\/www.diarioimagen.net\/wp-content\/uploads\/2018\/11\/COMISIONES15-202x114.jpg 202w, https:\/\/www.diarioimagen.net\/wp-content\/uploads\/2018\/11\/COMISIONES15-350x196.jpg 350w, https:\/\/www.diarioimagen.net\/wp-content\/uploads\/2018\/11\/COMISIONES15-220x123.jpg 220w, https:\/\/www.diarioimagen.net\/wp-content\/uploads\/2018\/11\/COMISIONES15-237x132.jpg 237w, https:\/\/www.diarioimagen.net\/wp-content\/uploads\/2018\/11\/COMISIONES15.jpg 480w\" sizes=\"auto, (max-width: 460px) 100vw, 460px\" \/><\/a><p id=\"caption-attachment-403455\" class=\"wp-caption-text\">Ricardo Monreal expuso que no habr\u00e1 modificaciones en comisiones bancarias de aqu\u00ed a febrero pr\u00f3ximo.<\/p><\/div>\n<p>&nbsp;<\/p>\n<p>El coordinador de los senadores de Morena, Ricardo Monreal, expuso que no habr\u00e1 modificaciones en comisiones bancarias de aqu\u00ed a febrero pr\u00f3ximo, y que durante este mes y diciembre conversar\u00e1 con los bancos y usuarios de la banca, por lo que la iniciativa puede salir en el pr\u00f3ximo periodo de sesiones.<\/p>\n<p>En entrevista con Grupo F\u00f3rmula, el legislador dijo que ya inici\u00f3 un acercamiento con banqueros para establecer una agenda de foros a fin de analizar la iniciativa de Ley de los Servicios Financieros.<\/p>\n<p>Se\u00f1al\u00f3 que \u00e9sta no es cualquier iniciativa; es profunda, meditada, un modelo distinto al que hasta ahora se ha venido usando en M\u00e9xico.<\/p>\n<p>El trabajo en comisiones, explic\u00f3, se llevar\u00e1 a cabo en lo que resta del a\u00f1o y podr\u00eda resolverse en el siguiente periodo de sesiones: \u201cEs el proceso m\u00e1s o menos de madurez de las iniciativas, algunas m\u00e1s r\u00e1pido, algunas menos\u201d. Detall\u00f3 que no habr\u00e1 modificaciones en comisiones por lo menos hasta febrero, porque el grupo de senadores de Morena han decidido recibir la propuesta de los bancos, los usuarios de la banca y los ciudadanos.<\/p>\n<p>\u201cMe parece que es pertinente regular, porque hasta ahora, las instituciones que se dedican o que est\u00e1n obligadas constitucionalmente a regular, que son la propia Comisi\u00f3n Nacional para la Protecci\u00f3n y Defensa de los Usuarios de Servicios Financieros, el Banco de M\u00e9xico, la Comisi\u00f3n Federal de Competencia Econ\u00f3mica, no han hecho su trabajo.<\/p>\n<p>\u201cDe verdad, aunque sea dura la expresi\u00f3n, las instituciones bancarias, con sus pr\u00e1cticas, al cobrar y al inventar comisiones con altos intereses s\u00ed est\u00e1n muy cercanos a la usura\u201d, insisti\u00f3.<\/p>\n<p>Mencion\u00f3 que en gran parte del mundo, en Asia, Europa, Estados Unidos, los propios bancos se est\u00e1n autorregulando, autolimitando v\u00eda competencia frente a los usuarios. \u201cAqu\u00ed no hay nada de eso, estamos totalmente a la deriva de la regulaci\u00f3n, y me parece que es la hora de hacerlo\u201d.<\/p>\n<p>Puntualiz\u00f3 que los senadores de Morena har\u00e1n su trabajo legislativo, porque es una exigencia ciudadana, y el hecho de que est\u00e9n viniendo ya las instituciones, sus representantes, ayuda. Dijo que ayer fue un buen ejercicio, pero vamos a seguirle, no vamos a detenerlo y reiter\u00f3 que no es una iniciativa nueva, pues la dio a conocer en 2007, pero en ese entonces eran cuatro o cinco senadores y ahora son mayor\u00eda.<strong>\u00a0<\/strong><\/p>\n","protected":false},"excerpt":{"rendered":"<p>El coordinador de los senadores de Morena, Ricardo Monreal, expuso que no habr\u00e1 modificaciones en comisiones bancarias de aqu\u00ed a febrero pr\u00f3ximo, y que durante este mes y diciembre conversar\u00e1 con los bancos y usuarios de la banca, por lo que la iniciativa puede salir en el pr\u00f3ximo periodo de sesiones.<\/p>\n","protected":false},"author":3,"featured_media":403455,"comment_status":"open","ping_status":"open","sticky":false,"template":"","format":"standard","meta":{"_monsterinsights_skip_tracking":false,"_monsterinsights_sitenote_active":false,"_monsterinsights_sitenote_note":"","_monsterinsights_sitenote_category":0,"footnotes":""},"categories":[8],"tags":[39352,76588,20663,3675,80140],"class_list":["post-403375","post","type-post","status-publish","format-standard","has-post-thumbnail","hentry","category-finanzas","tag-cobros","tag-comisiones","tag-morena","tag-ricardo-monreal-avila","tag-sesiones"],"_links":{"self":[{"href":"https:\/\/www.diarioimagen.net\/index.php?rest_route=\/wp\/v2\/posts\/403375","targetHints":{"allow":["GET"]}}],"collection":[{"href":"https:\/\/www.diarioimagen.net\/index.php?rest_route=\/wp\/v2\/posts"}],"about":[{"href":"https:\/\/www.diarioimagen.net\/index.php?rest_route=\/wp\/v2\/types\/post"}],"author":[{"embeddable":true,"href":"https:\/\/www.diarioimagen.net\/index.php?rest_route=\/wp\/v2\/users\/3"}],"replies":[{"embeddable":true,"href":"https:\/\/www.diarioimagen.net\/index.php?rest_route=%2Fwp%2Fv2%2Fcomments&post=403375"}],"version-history":[{"count":0,"href":"https:\/\/www.diarioimagen.net\/index.php?rest_route=\/wp\/v2\/posts\/403375\/revisions"}],"wp:featuredmedia":[{"embeddable":true,"href":"https:\/\/www.diarioimagen.net\/index.php?rest_route=\/wp\/v2\/media\/403455"}],"wp:attachment":[{"href":"https:\/\/www.diarioimagen.net\/index.php?rest_route=%2Fwp%2Fv2%2Fmedia&parent=403375"}],"wp:term":[{"taxonomy":"category","embeddable":true,"href":"https:\/\/www.diarioimagen.net\/index.php?rest_route=%2Fwp%2Fv2%2Fcategories&post=403375"},{"taxonomy":"post_tag","embeddable":true,"href":"https:\/\/www.diarioimagen.net\/index.php?rest_route=%2Fwp%2Fv2%2Ftags&post=403375"}],"curies":[{"name":"wp","href":"https:\/\/api.w.org\/{rel}","templated":true}]}}