{"id":403424,"date":"2018-11-15T00:00:46","date_gmt":"2018-11-15T06:00:46","guid":{"rendered":"https:\/\/www.diarioimagen.net\/?p=403424"},"modified":"2018-11-15T03:20:48","modified_gmt":"2018-11-15T09:20:48","slug":"hecha-bolas-administracion-de-amieva","status":"publish","type":"post","link":"https:\/\/www.diarioimagen.net\/?p=403424","title":{"rendered":"\u201cHecha bolas\u201d, administraci\u00f3n de Amieva"},"content":{"rendered":"<h2>La Retaguardia<\/h2>\n<h5>Adriana Moreno Cordero<\/h5>\n<p><em>\u00a0<\/em><\/p>\n<ul>\n<li><em><strong>Prometen recursos a alcaldes y no los dan<\/strong><\/em><\/li>\n<\/ul>\n<p>&nbsp;<\/p>\n<p>&nbsp;<\/p>\n<p>Cada vez son menos los d\u00edas que faltan para que <strong>Claudia Sheinbaum Pardo<\/strong> asuma la jefatura del gobierno capitalino y por lo que se puede observar, la actual administraci\u00f3n est\u00e1 \u201checha bolas\u201d y podr\u00edan no cuadrarles las cuentas a la hora de la verdad.<\/p>\n<p>Resulta que hace poco m\u00e1s de un mes, el Jefe de Gobierno de la Ciudad de M\u00e9xico, <strong>Jos\u00e9 Ram\u00f3n Amieva<\/strong>, a trav\u00e9s de la Secretar\u00eda de Finanzas, que se supone que seguir\u00eda encabezando Julieta Gonz\u00e1lez M\u00e9ndez, se comprometi\u00f3 a liberar un fondo inicial de recursos por 50 millones de pesos para cada una de las alcald\u00edas, esto para hacer frente a los gastos urgentes de cada administraci\u00f3n.<\/p>\n<p>En la reuni\u00f3n que se llev\u00f3 a cabo, seg\u00fan se sabe, los 16 alcaldes manifestaron las necesidades m\u00e1s apremiantes de cada una de sus jurisdicciones.<\/p>\n<p>El Jefe de Gobierno explic\u00f3 entonces que el recurso se entregar\u00eda por igual a pesar de que hay alcald\u00edas m\u00e1s extensas y con mayor n\u00famero de poblaci\u00f3n que otras, sin embargo, tampoco quedar\u00edan desprotegidas pues tambi\u00e9n se les otorgar\u00e1 otro tipo de facilidades.<\/p>\n<p>El tiempo ha pasado y a la fecha, los 16 alcaldes est\u00e1n planeando sus cierres presupuestales contando esos \u201c50 millones\u201d que les prometi\u00f3 Amieva y que no han recibido de tal suerte, que los alcaldes han ca\u00eddo en el \u201csospechosismo\u201d ya que empiezan a ver como una falsa promesa pol\u00edtica la que les hizo el a\u00fan Jefe de Gobierno de la CDMX,\u00a0 porque el ingreso tuvo que ser liberado desde hace una semana.<\/p>\n<p>Y otra funcionaria que opt\u00f3 por hacer mutis, fue la aludida Secretaria de Finanzas, Julieta Gonz\u00e1lez, quien ya ni las llamadas responde, o sea, no les contesta a ninguno de los alcaldes; \u00bfser\u00e1 que a Amieva s\u00ed le responde el celular?<\/p>\n<p>Y como tiene bien identificados a las que les debe, que por cierto y hasta donde se sabe, no son solo los titulares de las alcald\u00edas, pues \u00e9stos se ven en la necesidad de buscarla desde otros n\u00fameros telef\u00f3nicos para evitar que la servidora p\u00fablica se escabulla y bloquee sus llamadas.<\/p>\n<p>Por su parte, el Jefe de Gobierno tambi\u00e9n hizo lo que podr\u00eda llamarse \u201cel uno dos\u201d, pues desapareci\u00f3 dejando el paquete y la promesa de recursos en el limbo, sin dar fecha ni m\u00e1s detalles de cu\u00e1ndo se supone que llegar\u00e1 ese presupuesto que tanto necesitan las alcald\u00edas para ejecutar las acciones que demandan los ciudadanos, pero eso s\u00ed, cuando va a desayunar a un conocido restaurante que est\u00e1 frente a la Alameda Central, pide sus tortas de tamal para llevar. \u00a1Qu\u00e9 tal!<\/p>\n<p>En fin, parecer\u00eda que la consigna es agitar el avispero con tal de heredarle a la pr\u00f3xima Jefa de Gobierno, Claudia Sheinbaum, un caos irremediable.<\/p>\n<p>Hay que se\u00f1alar que los cambios administrativos que conlleva la sustituci\u00f3n de las delegaciones a alcald\u00edas, este fin de semana se supone que ya ten\u00edan que haber sido aprobados y es evidente que hay un grave rechazo pues no se ha logrado aprobar la estructura de cada administraci\u00f3n.<\/p>\n<p>Hay que a\u00f1adir que los nuevos cambios administrativos los tiene que aprobar la Secretar\u00eda de Finanzas y va siendo el d\u00eda que no hay respuesta. La pregunta es: \u00bfse quedar\u00e1 el \u201creguero\u201d?<\/p>\n<p style=\"text-align: center;\"><strong>Municiones<\/strong><\/p>\n<p>*** Esta misma semana el grupo Centro Urbano entreg\u00f3 el premio \u201cHombres y Mujeres de la Casa 2018\u201dal gobernador de Quintana Roo, <strong>Carlos Joaqu\u00edn Gonz\u00e1lez<\/strong>, por las reformas que se han realizado durante su administraci\u00f3n a la Ley de Asentamientos Humanos y Acciones Urban\u00edsticas del estado.\u200b Las mencionadas normas establecen que el desarrollo de la entidad debe ser ordenado y con criterios de sustentabilidad, adem\u00e1s de que permitir\u00e1n que las familias tengan viviendas de inter\u00e9s social m\u00e1s amplias y con espacios recreativos; lo anterior, seg\u00fan se sabe, le mereci\u00f3 dicho reconocimiento en la categor\u00eda de Sector P\u00fablico.\u200b<\/p>\n<p>*** Y despu\u00e9s de todo el relajo, la mesa estar\u00eda puesta para que el diputado de Morena, <strong>Jos\u00e9 Luis Rodr\u00edguez D\u00edaz de Le\u00f3n<\/strong>, asuma la coordinaci\u00f3n de su bancada en sustituci\u00f3n de <strong>Ernestina Godoy<\/strong>, quien ser\u00e1 nombrada por la jefa de gobierno electa, Claudia Sheinbaum, procuradora general de justicia de la Ciudad de M\u00e9xico, pese a que no es tan cercana a la jefe de gobierno electa.<\/p>\n<p>Pero adem\u00e1s, ha trascendido que Rodr\u00edguez D\u00edaz de Le\u00f3n ser\u00e1 presidente de la Junta de Coordinaci\u00f3n Pol\u00edtica. Con ello dejar\u00e1 en el camino a sus oponentes <strong>Ricardo Ruiz<\/strong> y <strong>Eduardo Santill\u00e1n<\/strong>, quienes hicieron notorios esfuerzos por ocupar el cargo de Godoy y como puede verse, no lo consiguieron.<\/p>\n<p>Se espera que en el marco de la sesi\u00f3n de hoy en el Congreso capitalino, Ernestina pida licencia al cargo. A partir de esto, se har\u00e1n\u00a0 oficiales los cambios y movimientos al interior del recinto de Donceles y Allende.<\/p>\n<p>*** El diputado perredista, <strong>V\u00edctor Hugo Lobo<\/strong>, declar\u00f3 que \u201cpara los capitalinos hoy (ayer) fue un d\u00eda gris, triste y lluvioso, pues de un \u2018plumazo\u2019, los diputados de Morena les arrebataron el derecho de elegir a los contralores que vigilar\u00e1n el uso de los recursos, al otorgar ese derecho al mismo gobierno, es decir, designar un \u2018auditor a modo\u2019\u201d.<\/p>\n<p>Durante la sesi\u00f3n de las Comisiones Unidas de Transparencia y Combate a la Corrupci\u00f3n y de Vigilancia de la Auditor\u00eda Superior de la Ciudad de M\u00e9xico, Lobo Rom\u00e1n consider\u00f3 que hubo un retroceso al regresarle al Ejecutivo local la concentraci\u00f3n del poder y la potestad de designar 150 contralores de todas las dependencias, cuando era facultad del Congreso designarlos. Bueno, aqu\u00ed tambi\u00e9n se podr\u00eda decir Auditor Carnal, \u00bfo no?<\/p>\n<p>*** El contrasentido de los contrasentidos, \u00bfpor qu\u00e9 el presidente electo Andr\u00e9s Manuel L\u00f3pez Obrador dice que va a someter a consulta su proyecto \u201cestrella\u201d, el Tren Maya, cuando ya hasta empez\u00f3 con las primeras obras porque se supone que ya tiene recursos para ello? Ojo, a\u00fan no hay proyecto ejecutivo de \u00e9ste, sin embargo, algunos analistas dicen que eso es \u201crealismo m\u00e1gico\u201d. \u00bfSer\u00e1?<\/p>\n<p>Y otra, para no quedarse atr\u00e1s, el gobernador senador con licencia, <strong>Manuel Velasco<\/strong>, dice que \u00e9l har\u00e1 su propia consulta para conocer el grado de aceptaci\u00f3n de este proyecto.<\/p>\n<p><u><\/u><a href=\"mailto:morcora@gmail.com\" target=\"_blank\" rel=\"noopener\"><em>morcora@gmail.com<\/em><\/a><\/p>\n","protected":false},"excerpt":{"rendered":"<p><span style=\"color: #005497;\"><strong>Adriana Moreno Cordero<\/strong><\/span><\/p>\n","protected":false},"author":3,"featured_media":0,"comment_status":"open","ping_status":"open","sticky":false,"template":"","format":"standard","meta":{"_monsterinsights_skip_tracking":false,"_monsterinsights_sitenote_active":false,"_monsterinsights_sitenote_note":"","_monsterinsights_sitenote_category":0,"footnotes":""},"categories":[69370],"tags":[69369,69368,43674],"class_list":["post-403424","post","type-post","status-publish","format-standard","hentry","category-adriana-moreno-cordero","tag-adriana-moreno-cordero","tag-la-retaguardia","tag-opinion"],"_links":{"self":[{"href":"https:\/\/www.diarioimagen.net\/index.php?rest_route=\/wp\/v2\/posts\/403424","targetHints":{"allow":["GET"]}}],"collection":[{"href":"https:\/\/www.diarioimagen.net\/index.php?rest_route=\/wp\/v2\/posts"}],"about":[{"href":"https:\/\/www.diarioimagen.net\/index.php?rest_route=\/wp\/v2\/types\/post"}],"author":[{"embeddable":true,"href":"https:\/\/www.diarioimagen.net\/index.php?rest_route=\/wp\/v2\/users\/3"}],"replies":[{"embeddable":true,"href":"https:\/\/www.diarioimagen.net\/index.php?rest_route=%2Fwp%2Fv2%2Fcomments&post=403424"}],"version-history":[{"count":0,"href":"https:\/\/www.diarioimagen.net\/index.php?rest_route=\/wp\/v2\/posts\/403424\/revisions"}],"wp:attachment":[{"href":"https:\/\/www.diarioimagen.net\/index.php?rest_route=%2Fwp%2Fv2%2Fmedia&parent=403424"}],"wp:term":[{"taxonomy":"category","embeddable":true,"href":"https:\/\/www.diarioimagen.net\/index.php?rest_route=%2Fwp%2Fv2%2Fcategories&post=403424"},{"taxonomy":"post_tag","embeddable":true,"href":"https:\/\/www.diarioimagen.net\/index.php?rest_route=%2Fwp%2Fv2%2Ftags&post=403424"}],"curies":[{"name":"wp","href":"https:\/\/api.w.org\/{rel}","templated":true}]}}