{"id":403430,"date":"2018-11-15T00:03:08","date_gmt":"2018-11-15T06:03:08","guid":{"rendered":"https:\/\/www.diarioimagen.net\/?p=403430"},"modified":"2018-11-15T03:36:35","modified_gmt":"2018-11-15T09:36:35","slug":"el-calentamiento","status":"publish","type":"post","link":"https:\/\/www.diarioimagen.net\/?p=403430","title":{"rendered":"\u201cEl calentamiento\u201d"},"content":{"rendered":"<h2>Folclor urbano<\/h2>\n<h5>Salvador Estrada<\/h5>\n<p>&nbsp;<\/p>\n<p>La lluvia y el fr\u00edo se dejan sentir en diversas partes del pa\u00eds \u00a0y, sin embargo, \u201cse est\u00e1n calentando las pasiones\u201d por falta de informaci\u00f3n o por mentiras difundidas con repercusiones en lo social y pol\u00edtico.<\/p>\n<p>El abogado de Joaqu\u00edn el \u201cChapo Guzm\u00e1n\u201d , Jeffrey Lichman, acus\u00f3 al ex presidente Felipe Calder\u00f3n y al actual presidente constitucional, Enrique Pe\u00f1a Nieto, de estar en la n\u00f3mina del C\u00e1rtel de Sinaloa, con lo cual \u00a0se \u00a0\u201ccalentaron \u201d de inmediato \u00a0por esa falacia y la respuesta no se hizo esperar. Y mentalmente y con se\u00f1as, seguramente, \u00a0los afectados por esa calumnia, enviaron much\u00edsimos recuerdos familiares al Chapo y a \u00a0su abogado Litchtman<\/p>\n<p>El vocero de la presidencia, Eduardo S\u00e1nchez, desminti\u00f3 esa declaraci\u00f3n del abogado Jeffrey Lichtman \u00a0y lo mismo hizo Calder\u00f3n.<\/p>\n<p>Y c\u00f3mo no se van a \u201ccalentar\u201d si toda una vida \u00a0de servicio es ensuciada por las mentiras de ese leguleyo que las usa como estrategia para limpiar a su cliente de sus once delitos por los que est\u00e1 siendo juzgado en una Corte, en Nueva York.<\/p>\n<p>Y \u201cel calentamiento\u201d no suelta al \u00a0ex presidente \u00a0porque el nuevo mandam\u00e1s del Partido Acci\u00f3n Nacional, Marko Cort\u00e9s, gan\u00f3, seg\u00fan \u00a0Felipe, porque es un traidor, que dividi\u00f3 al partido. Y ante esa situaci\u00f3n el ex presidente ya renunci\u00f3 al PAN \u00a0y anuncia que junto con su esposa Margarita Zavala formar\u00e1 un partido pol\u00edtico, a fin de enfriar los \u00e1nimos.<\/p>\n<p>Otro \u00a0\u201ccalentamiento\u201d se dio entre la polic\u00eda y los habitantes de San Juan Ixhuatepec, y era tal \u201cel calentamiento\u201d que prendieron fuego a tres patrullas, una moto y dos hogueras.<\/p>\n<p>Los polic\u00edas, que persegu\u00edan a un ladr\u00f3n, entraron a San Juan y fueron golpeados por los vecinos.<\/p>\n<p>Ante \u201cese recibimiento\u201d llegaron m\u00e1s polic\u00edas deseosos de cobrar la afrenta, Y ya \u00a0\u201ccalientes\u201d \u00a0los polis \u201csurtieron\u201d a los vecinos, que de acuerdo a los videos, que pasaron en la tele, les echaron mont\u00f3n.<\/p>\n<p>Y un \u201ccalentamiento \u00a0m\u00e1s\u201d se dio en las redes sociales cuando se comunicaron que el \u00a0d\u00f3lar est\u00e1 en 20 pesos con 80 centavos y la gasolina llega a 19 pesos con 90.<\/p>\n<p>Un \u201ccalentamiento\u201d extra vendr\u00e1 pronto cuando se haga la consulta sobre el Tren Maya, el cual iniciar\u00e1 su construcci\u00f3n el pr\u00f3ximo 16 de diciembre, seg\u00fan anunci\u00f3 el presidente electo y que \u00a0pronto ser\u00e1 constitucional.<\/p>\n<p>La consulta se llevar\u00e1 a cabo en las zonas que fueron designadas para \u00a0el caso del aeropuerto de Texcoco. Aqu\u00ed la respuesta ya se conoce \u00bfY los habitantes de los poblados donde pasar\u00e1 el tren no cuentan?.<\/p>\n<p>Bueno, aqu\u00ed \u00a0\u201cel calentamiento\u201d \u00a0tiene el significado de molestia, enojo, coraje y encabronamiento. As\u00ed es que esos\u201d calentamientos\u201d est\u00e1n a la orden del d\u00eda.<\/p>\n<p>Para enfriarlos \u00a0se requiere di\u00e1logo y si no lo hay, recurrir a la paciencia, la calma, el entendimiento y el perd\u00f3n en la \u201cRep\u00fablica del Amor \u201c.<\/p>\n<p><em><a href=\"mailto:chavasec@yahoo.com.mx\" target=\"_blank\" rel=\"noopener\">chavasec@yahoo.com.mx<\/a><\/em><\/p>\n","protected":false},"excerpt":{"rendered":"<p><span style=\"color: #005497;\"><strong>Salvador Estrada<\/strong><\/span><\/p>\n","protected":false},"author":3,"featured_media":0,"comment_status":"open","ping_status":"open","sticky":false,"template":"","format":"standard","meta":{"_monsterinsights_skip_tracking":false,"_monsterinsights_sitenote_active":false,"_monsterinsights_sitenote_note":"","_monsterinsights_sitenote_category":0,"footnotes":""},"categories":[41601],"tags":[41599,43674,41600],"class_list":["post-403430","post","type-post","status-publish","format-standard","hentry","category-salvador-estrada-opinion","tag-folclor-urbano","tag-opinion","tag-salvador-estrada"],"_links":{"self":[{"href":"https:\/\/www.diarioimagen.net\/index.php?rest_route=\/wp\/v2\/posts\/403430","targetHints":{"allow":["GET"]}}],"collection":[{"href":"https:\/\/www.diarioimagen.net\/index.php?rest_route=\/wp\/v2\/posts"}],"about":[{"href":"https:\/\/www.diarioimagen.net\/index.php?rest_route=\/wp\/v2\/types\/post"}],"author":[{"embeddable":true,"href":"https:\/\/www.diarioimagen.net\/index.php?rest_route=\/wp\/v2\/users\/3"}],"replies":[{"embeddable":true,"href":"https:\/\/www.diarioimagen.net\/index.php?rest_route=%2Fwp%2Fv2%2Fcomments&post=403430"}],"version-history":[{"count":0,"href":"https:\/\/www.diarioimagen.net\/index.php?rest_route=\/wp\/v2\/posts\/403430\/revisions"}],"wp:attachment":[{"href":"https:\/\/www.diarioimagen.net\/index.php?rest_route=%2Fwp%2Fv2%2Fmedia&parent=403430"}],"wp:term":[{"taxonomy":"category","embeddable":true,"href":"https:\/\/www.diarioimagen.net\/index.php?rest_route=%2Fwp%2Fv2%2Fcategories&post=403430"},{"taxonomy":"post_tag","embeddable":true,"href":"https:\/\/www.diarioimagen.net\/index.php?rest_route=%2Fwp%2Fv2%2Ftags&post=403430"}],"curies":[{"name":"wp","href":"https:\/\/api.w.org\/{rel}","templated":true}]}}