{"id":403497,"date":"2018-11-16T00:10:10","date_gmt":"2018-11-16T06:10:10","guid":{"rendered":"https:\/\/www.diarioimagen.net\/?p=403497"},"modified":"2018-11-16T00:53:53","modified_gmt":"2018-11-16T06:53:53","slug":"avanza-edomex-nueve-posiciones-en-materia-de-empleo","status":"publish","type":"post","link":"https:\/\/www.diarioimagen.net\/?p=403497","title":{"rendered":"Avanza Edomex nueve posiciones en materia de empleo"},"content":{"rendered":"<ul>\n<li><strong><em>Pasa del lugar 24 al 15 a nivel nacional<\/em><\/strong><\/li>\n<\/ul>\n<p>&nbsp;<\/p>\n<div id=\"attachment_403498\" style=\"width: 470px\" class=\"wp-caption aligncenter\"><img loading=\"lazy\" decoding=\"async\" aria-describedby=\"caption-attachment-403498\" class=\"wp-image-403498 size-large\" src=\"https:\/\/www.diarioimagen.net\/wp-content\/uploads\/2018\/11\/EMPLE16-portal-460x268.jpg\" alt=\"\" width=\"460\" height=\"268\" srcset=\"https:\/\/www.diarioimagen.net\/wp-content\/uploads\/2018\/11\/EMPLE16-portal-460x268.jpg 460w, https:\/\/www.diarioimagen.net\/wp-content\/uploads\/2018\/11\/EMPLE16-portal-240x140.jpg 240w, https:\/\/www.diarioimagen.net\/wp-content\/uploads\/2018\/11\/EMPLE16-portal.jpg 480w\" sizes=\"auto, (max-width: 460px) 100vw, 460px\" \/><p id=\"caption-attachment-403498\" class=\"wp-caption-text\">El Estado de M\u00e9xico ascendi\u00f3 nueve posiciones, en comparaci\u00f3n con el a\u00f1o pasado, al pasar del lugar 24 al 15 a nivel nacional.<\/p><\/div>\n<p>&nbsp;<\/p>\n<p>&nbsp;<\/p>\n<p><strong>Toluca, Estado de M\u00e9xico<\/strong>.- Durante la 40 Reuni\u00f3n Anual de Evaluaci\u00f3n del Servicio Nacional de Empleo, que se llev\u00f3 a cabo en Zacatecas, se dio a conocer que el Estado de M\u00e9xico ascendi\u00f3 nueve posiciones, en comparaci\u00f3n con el a\u00f1o pasado, al pasar del lugar 24 al 15 a nivel nacional.<\/p>\n<p>Lo anterior lo dio a conocer Jos\u00e9 Antonio Corona Yurrieta, director general de Empleo y Productividad de la Secretar\u00eda del Trabajo, quien agreg\u00f3 que durante dicho encuentro se revisaron los resultados obtenidos y las perspectivas de cierre para 2018.<\/p>\n<p>Adem\u00e1s, se analizaron temas que impactan de manera directa la operaci\u00f3n de los servicios y subprogramas del Programa de Apoyo al Empleo, reconoci\u00e9ndose a la entidad mexiquense por los logros obtenidos.<\/p>\n<p>Destac\u00f3 que el Estado de M\u00e9xico tuvo importantes avances debido al trabajo que esta \u00e1rea ha realizado; entre las acciones que destacan son las 49 ferias de empleo en las que se coloc\u00f3 a cuatro de cada 10 buscadores de una fuente de trabajo.<\/p>\n<p>Corona Yurrieta resalt\u00f3 que durante las ferias se atendi\u00f3 a 35 mil 411 personas y se logr\u00f3 vincular para su incorporaci\u00f3n a un trabajo formal a un total de 12 mil 787, y agreg\u00f3 que a trav\u00e9s del Portal del Empleo del Servicio Nacional de Empleo (SNE) se han publicado 198 mil\u00a0 981 vacantes, atendi\u00e9ndose a 201 mil 947 solicitantes. Precis\u00f3 que se ha vinculado a 139 mil 287 personas con los empleadores para su inserci\u00f3n al trabajo formal, adem\u00e1s, mediante el subprograma B\u00e9cate, se han realizado 623 cursos de capacitaci\u00f3n.<\/p>\n<p>El director general de Empleo y Productividad de la Secretar\u00eda del Trabajo inform\u00f3 que se ha capacitado para un empleo a 14 mil 721 mexiquenses inscritos y m\u00e1s de 13 mil egresaron, adquiriendo las herramientas para facilitar su incorporaci\u00f3n al \u00e1mbito laboral.<\/p>\n<p>Finalmente, dio a conocer que se han atendido a 2 mil 608 adultos mayores, de los cuales 603 han sido colocados en una fuente de trabajo, y a trav\u00e9s de los dos Centros de Evaluaci\u00f3n de Habilidades Laborales con el sistema de VALPAR, para incluir a personas con capacidades diferentes, en los municipios de Toluca y Tlalnepantla, se han efectuado m\u00e1s de mil 11 valoraciones.<\/p>\n","protected":false},"excerpt":{"rendered":"<p>Durante la 40 Reuni\u00f3n Anual de Evaluaci\u00f3n del Servicio Nacional de Empleo, que se llev\u00f3 a cabo en Zacatecas, se dio a conocer que el Estado de M\u00e9xico ascendi\u00f3 nueve posiciones, en comparaci\u00f3n con el a\u00f1o pasado, al pasar del lugar 24 al 15 a nivel nacional.<\/p>\n","protected":false},"author":5,"featured_media":403498,"comment_status":"open","ping_status":"open","sticky":false,"template":"","format":"standard","meta":{"_monsterinsights_skip_tracking":false,"_monsterinsights_sitenote_active":false,"_monsterinsights_sitenote_note":"","_monsterinsights_sitenote_category":0,"footnotes":""},"categories":[5],"tags":[80152,43675,80151,452],"class_list":["post-403497","post","type-post","status-publish","format-standard","has-post-thumbnail","hentry","category-estado-de-mexico","tag-edomex-nueve-posiciones","tag-estado-de-mexico","tag-materia-de-empleo","tag-toluca"],"_links":{"self":[{"href":"https:\/\/www.diarioimagen.net\/index.php?rest_route=\/wp\/v2\/posts\/403497","targetHints":{"allow":["GET"]}}],"collection":[{"href":"https:\/\/www.diarioimagen.net\/index.php?rest_route=\/wp\/v2\/posts"}],"about":[{"href":"https:\/\/www.diarioimagen.net\/index.php?rest_route=\/wp\/v2\/types\/post"}],"author":[{"embeddable":true,"href":"https:\/\/www.diarioimagen.net\/index.php?rest_route=\/wp\/v2\/users\/5"}],"replies":[{"embeddable":true,"href":"https:\/\/www.diarioimagen.net\/index.php?rest_route=%2Fwp%2Fv2%2Fcomments&post=403497"}],"version-history":[{"count":0,"href":"https:\/\/www.diarioimagen.net\/index.php?rest_route=\/wp\/v2\/posts\/403497\/revisions"}],"wp:featuredmedia":[{"embeddable":true,"href":"https:\/\/www.diarioimagen.net\/index.php?rest_route=\/wp\/v2\/media\/403498"}],"wp:attachment":[{"href":"https:\/\/www.diarioimagen.net\/index.php?rest_route=%2Fwp%2Fv2%2Fmedia&parent=403497"}],"wp:term":[{"taxonomy":"category","embeddable":true,"href":"https:\/\/www.diarioimagen.net\/index.php?rest_route=%2Fwp%2Fv2%2Fcategories&post=403497"},{"taxonomy":"post_tag","embeddable":true,"href":"https:\/\/www.diarioimagen.net\/index.php?rest_route=%2Fwp%2Fv2%2Ftags&post=403497"}],"curies":[{"name":"wp","href":"https:\/\/api.w.org\/{rel}","templated":true}]}}