{"id":403518,"date":"2018-11-16T00:11:01","date_gmt":"2018-11-16T06:11:01","guid":{"rendered":"https:\/\/www.diarioimagen.net\/?p=403518"},"modified":"2018-11-16T00:54:38","modified_gmt":"2018-11-16T06:54:38","slug":"activan-programa-de-proteccion-civil-para-la-temporada-invernal","status":"publish","type":"post","link":"https:\/\/www.diarioimagen.net\/?p=403518","title":{"rendered":"Acciones de protecci\u00f3n civil  para \u00e9poca invernal"},"content":{"rendered":"<h2>Arco Norte<\/h2>\n<h5>Jos\u00e9 Luis Monta\u00f1ez Aguilar<\/h5>\n<p>&nbsp;<\/p>\n<div id=\"attachment_403519\" style=\"width: 470px\" class=\"wp-caption aligncenter\"><img loading=\"lazy\" decoding=\"async\" aria-describedby=\"caption-attachment-403519\" class=\"size-large wp-image-403519\" src=\"https:\/\/www.diarioimagen.net\/wp-content\/uploads\/2018\/11\/TEMPORADA16-portal-460x268.jpg\" alt=\"\" width=\"460\" height=\"268\" srcset=\"https:\/\/www.diarioimagen.net\/wp-content\/uploads\/2018\/11\/TEMPORADA16-portal-460x268.jpg 460w, https:\/\/www.diarioimagen.net\/wp-content\/uploads\/2018\/11\/TEMPORADA16-portal-240x140.jpg 240w, https:\/\/www.diarioimagen.net\/wp-content\/uploads\/2018\/11\/TEMPORADA16-portal.jpg 480w\" sizes=\"auto, (max-width: 460px) 100vw, 460px\" \/><p id=\"caption-attachment-403519\" class=\"wp-caption-text\">El Gobierno del Estado de M\u00e9xico toma medidas oportunas y tendientes a auxiliar a la poblaci\u00f3n mexiquense, debido a la temporada invernal.<\/p><\/div>\n<p>&nbsp;<\/p>\n<p>&nbsp;<\/p>\n<p>La Coordinaci\u00f3n General de Protecci\u00f3n Civil estatal informa que el gobierno del Estado de M\u00e9xico ya se encuentra tomando las medidas oportunas y tendientes a auxiliar a la poblaci\u00f3n mexiquense, debido a la temporada invernal que por ahora ya ha generado la presencia de fr\u00edo intenso, heladas, nevadas o masas de aire polar, tras se\u00f1alar que se esperan temperaturas de entre -1 y 3\u00b0C, como es el caso del frente fr\u00edo 10 que ocasion\u00f3 las recientes nevadas.<\/p>\n<p>Las regiones que se ven mayormente afectadas por los fen\u00f3menos invernales son el Izta-Popo, el Xinant\u00e9catl y la regi\u00f3n Norte y Centro.<\/p>\n<p>Para salvaguardar a la poblaci\u00f3n m\u00e1s expuesta a estos escenarios asociados con el periodo invernal o de frentes fr\u00edos, la dependencia ha instrumentado medidas preventivas, de auxilio y recuperaci\u00f3n, destacando la implementaci\u00f3n de acciones de vigilancia en zonas urbanas, con el apoyo de los cuerpos de seguridad p\u00fablica, municipal y estatal, a fin de realizar recorridos de inspecci\u00f3n durante la ocurrencia de fen\u00f3menos invernales.<\/p>\n<p>En este contexto, emiti\u00f3 recomendaciones preventivas, para que la poblaci\u00f3n sepa qu\u00e9 hacer, as\u00ed como estar pendiente de la informaci\u00f3n meteorol\u00f3gica sobre las temperaturas y comunicados correspondientes de las autoridades competentes como Protecci\u00f3n Civil y Secretar\u00edas de Salud y de Educaci\u00f3n, entre otras, que se transmitan por los medios de difusi\u00f3n.<\/p>\n<p>Prestar especial atenci\u00f3n a ni\u00f1as, ni\u00f1os, personas mayores, enfermos, personas en situaci\u00f3n de calle y aquellas con discapacidad; procurar fomentar entre la familia y la comunidad las medidas de autoprotecci\u00f3n como vestir ropa gruesa, por ejemplo chamarra, abrigo, bufanda, guantes y calzado cerrado.<\/p>\n<p>Abrigarse perfectamente usando la \u201ct\u00e9cnica de cebolla\u201d, que es vestirse en capas, pues permite que el aire circule libremente alrededor de su cuerpo, manteni\u00e9ndose seco y atrapado en el calor.<\/p>\n<p>Proteger rostro, cabeza, manos y orejas.<\/p>\n<p>Al salir de un lugar caliente, cubrir\u00a0 boca y nariz\u00a0 para evitar\u00a0 aspirar el aire fr\u00edo, ya que los cambios bruscos de temperatura pueden afectar el sistema respiratorio, no utilizar doble media o calcet\u00edn ya que esto bloquea la circulaci\u00f3n.<\/p>\n<p>En todo caso se recomienda utilizar calcetines de lana.<\/p>\n<p><em><a href=\"mailto:montanezaguilar@gmail.com\" target=\"_blank\" rel=\"noopener\">montanezaguilar@gmail.com<\/a><\/em><\/p>\n","protected":false},"excerpt":{"rendered":"<p>La Coordinaci\u00f3n General de Protecci\u00f3n Civil estatal informa que el Gobierno del Estado de M\u00e9xico ya se encuentra tomando las medidas oportunas y tendientes a auxiliar a la poblaci\u00f3n mexiquense, debido a la temporada invernal que por ahora ya ha generado la presencia de fr\u00edo intenso, heladas, nevadas o masas de aire polar, tras se\u00f1alar que se esperan temperaturas de entre -1 y 3\u00b0C, como es el caso del Frente fr\u00edo 10 que ocasion\u00f3 las recientes nevadas.<\/p>\n","protected":false},"author":5,"featured_media":403519,"comment_status":"open","ping_status":"open","sticky":false,"template":"","format":"standard","meta":{"_monsterinsights_skip_tracking":false,"_monsterinsights_sitenote_active":false,"_monsterinsights_sitenote_note":"","_monsterinsights_sitenote_category":0,"footnotes":""},"categories":[5],"tags":[13284,80164,43704,43674,57,25836],"class_list":["post-403518","post","type-post","status-publish","format-standard","has-post-thumbnail","hentry","category-estado-de-mexico","tag-arco-norte","tag-frente-frio-10","tag-jose-luis-montanez-aguilar","tag-opinion","tag-proteccion-civil","tag-temporada-invernal"],"_links":{"self":[{"href":"https:\/\/www.diarioimagen.net\/index.php?rest_route=\/wp\/v2\/posts\/403518","targetHints":{"allow":["GET"]}}],"collection":[{"href":"https:\/\/www.diarioimagen.net\/index.php?rest_route=\/wp\/v2\/posts"}],"about":[{"href":"https:\/\/www.diarioimagen.net\/index.php?rest_route=\/wp\/v2\/types\/post"}],"author":[{"embeddable":true,"href":"https:\/\/www.diarioimagen.net\/index.php?rest_route=\/wp\/v2\/users\/5"}],"replies":[{"embeddable":true,"href":"https:\/\/www.diarioimagen.net\/index.php?rest_route=%2Fwp%2Fv2%2Fcomments&post=403518"}],"version-history":[{"count":0,"href":"https:\/\/www.diarioimagen.net\/index.php?rest_route=\/wp\/v2\/posts\/403518\/revisions"}],"wp:featuredmedia":[{"embeddable":true,"href":"https:\/\/www.diarioimagen.net\/index.php?rest_route=\/wp\/v2\/media\/403519"}],"wp:attachment":[{"href":"https:\/\/www.diarioimagen.net\/index.php?rest_route=%2Fwp%2Fv2%2Fmedia&parent=403518"}],"wp:term":[{"taxonomy":"category","embeddable":true,"href":"https:\/\/www.diarioimagen.net\/index.php?rest_route=%2Fwp%2Fv2%2Fcategories&post=403518"},{"taxonomy":"post_tag","embeddable":true,"href":"https:\/\/www.diarioimagen.net\/index.php?rest_route=%2Fwp%2Fv2%2Ftags&post=403518"}],"curies":[{"name":"wp","href":"https:\/\/api.w.org\/{rel}","templated":true}]}}