{"id":403581,"date":"2018-11-16T00:08:19","date_gmt":"2018-11-16T06:08:19","guid":{"rendered":"https:\/\/www.diarioimagen.net\/?p=403581"},"modified":"2018-11-16T07:13:33","modified_gmt":"2018-11-16T13:13:33","slug":"entrega-el-dif-de-huixquilucan-cobijas-a-familias-de-las-zonas-altas","status":"publish","type":"post","link":"https:\/\/www.diarioimagen.net\/?p=403581","title":{"rendered":"Entrega el DIF de Huixquilucan cobijas a familias de las zonas altas"},"content":{"rendered":"<ul>\n<li><strong><em>Al rescate de los adultos mayores<\/em><\/strong><\/li>\n<\/ul>\n<p>&nbsp;<\/p>\n<div id=\"attachment_403642\" style=\"width: 470px\" class=\"wp-caption aligncenter\"><a href=\"https:\/\/www.diarioimagen.net\/?attachment_id=403642\" rel=\"attachment wp-att-403642\"><img loading=\"lazy\" decoding=\"async\" aria-describedby=\"caption-attachment-403642\" class=\"size-large wp-image-403642\" src=\"https:\/\/www.diarioimagen.net\/wp-content\/uploads\/2018\/11\/HUIXQUILUCAN-16-460x259.jpg\" alt=\"\" width=\"460\" height=\"259\" srcset=\"https:\/\/www.diarioimagen.net\/wp-content\/uploads\/2018\/11\/HUIXQUILUCAN-16-460x259.jpg 460w, https:\/\/www.diarioimagen.net\/wp-content\/uploads\/2018\/11\/HUIXQUILUCAN-16-240x135.jpg 240w, https:\/\/www.diarioimagen.net\/wp-content\/uploads\/2018\/11\/HUIXQUILUCAN-16-235x132.jpg 235w, https:\/\/www.diarioimagen.net\/wp-content\/uploads\/2018\/11\/HUIXQUILUCAN-16-202x114.jpg 202w, https:\/\/www.diarioimagen.net\/wp-content\/uploads\/2018\/11\/HUIXQUILUCAN-16-350x196.jpg 350w, https:\/\/www.diarioimagen.net\/wp-content\/uploads\/2018\/11\/HUIXQUILUCAN-16-220x123.jpg 220w, https:\/\/www.diarioimagen.net\/wp-content\/uploads\/2018\/11\/HUIXQUILUCAN-16-237x132.jpg 237w, https:\/\/www.diarioimagen.net\/wp-content\/uploads\/2018\/11\/HUIXQUILUCAN-16.jpg 480w\" sizes=\"auto, (max-width: 460px) 100vw, 460px\" \/><\/a><p id=\"caption-attachment-403642\" class=\"wp-caption-text\">\u201cEstas cobijas que se est\u00e1n entregando, las envi\u00f3 el presidente municipal, Enrique Vargas del Villar, ante el descenso de temperatura que se registran en Huixquilucan.<\/p><\/div>\n<p>&nbsp;<\/p>\n<p><strong>Huixquilucan, Estado de M\u00e9xico<\/strong>.- La presidenta del sistema municipal para el Desarrollo Integral de la Familia de Huixquilucan (DIF) Romina Contreras Carrasco, entreg\u00f3 cinco mil cobijas en las zonas altas del municipio, para que las familias m\u00e1s vulnerables puedan enfrentar las bajas temperaturas de las \u00faltimas horas.<\/p>\n<p>\u201cEstas cobijas que se est\u00e1n entregando, las env\u00ed\u00f3 el presidente municipal, Enrique Vargas del Villar, quien ante el descenso de las temperaturas que se registran en Huixquilucan, de inmediato mand\u00f3 apoyo para las familias que viven en las zonas altas\u201d, recalc\u00f3 Romina Contreras. La presidenta del DIF Huixquilucan reiter\u00f3 a las familias beneficiadas de las comunidades de Canales, La Glorieta, El Guarda y El Hielo, que el gobierno municipal est\u00e1 atento a sus necesidades y muestra de ello son estos apoyos para enfrentar la temporada invernal.<\/p>\n<p>Adem\u00e1s inform\u00f3, que en el complejo\u00a0Rosa M\u00edstica, se brinda atenci\u00f3n m\u00e9dica de primer nivel, por lo que los invit\u00f3 a acudir en caso de alguna enfermedad ya que ser\u00e1n atendidos con calidad y calidez, recalcando que muchos de los servicios se brindan de manera gratuita.<\/p>\n<p>Acompa\u00f1ada por personas de la tercera edad, madres de familia y menores que viven en estas comunidades, Contreras Carrasco, coment\u00f3 que as\u00ed como hoy se entregan cobijas, el DIF recorre todas las comunidades entregando diversos apoyos como despensas, apoyos alimenticios y jornadas m\u00e9dicas gratuitas.<\/p>\n","protected":false},"excerpt":{"rendered":"<p>La presidenta del sistema municipal para el Desarrollo Integral de la Familia de Huixquilucan (DIF) Romina Contreras Carrasco, entreg\u00f3 cinco mil cobijas en las zonas altas del municipio, para que las familias m\u00e1s vulnerables puedan enfrentar las bajas temperaturas de las \u00faltimas horas.<\/p>\n","protected":false},"author":3,"featured_media":403642,"comment_status":"open","ping_status":"open","sticky":false,"template":"","format":"standard","meta":{"_monsterinsights_skip_tracking":false,"_monsterinsights_sitenote_active":false,"_monsterinsights_sitenote_note":"","_monsterinsights_sitenote_category":0,"footnotes":""},"categories":[35155],"tags":[67377,47218,43675,1097],"class_list":["post-403581","post","type-post","status-publish","format-standard","has-post-thumbnail","hentry","category-estado-de-mexico-estado-de-mexico","tag-desarrollo-integral-de-la-familia","tag-enrique-vargas-del-villar","tag-estado-de-mexico","tag-huixquilucan"],"_links":{"self":[{"href":"https:\/\/www.diarioimagen.net\/index.php?rest_route=\/wp\/v2\/posts\/403581","targetHints":{"allow":["GET"]}}],"collection":[{"href":"https:\/\/www.diarioimagen.net\/index.php?rest_route=\/wp\/v2\/posts"}],"about":[{"href":"https:\/\/www.diarioimagen.net\/index.php?rest_route=\/wp\/v2\/types\/post"}],"author":[{"embeddable":true,"href":"https:\/\/www.diarioimagen.net\/index.php?rest_route=\/wp\/v2\/users\/3"}],"replies":[{"embeddable":true,"href":"https:\/\/www.diarioimagen.net\/index.php?rest_route=%2Fwp%2Fv2%2Fcomments&post=403581"}],"version-history":[{"count":0,"href":"https:\/\/www.diarioimagen.net\/index.php?rest_route=\/wp\/v2\/posts\/403581\/revisions"}],"wp:featuredmedia":[{"embeddable":true,"href":"https:\/\/www.diarioimagen.net\/index.php?rest_route=\/wp\/v2\/media\/403642"}],"wp:attachment":[{"href":"https:\/\/www.diarioimagen.net\/index.php?rest_route=%2Fwp%2Fv2%2Fmedia&parent=403581"}],"wp:term":[{"taxonomy":"category","embeddable":true,"href":"https:\/\/www.diarioimagen.net\/index.php?rest_route=%2Fwp%2Fv2%2Fcategories&post=403581"},{"taxonomy":"post_tag","embeddable":true,"href":"https:\/\/www.diarioimagen.net\/index.php?rest_route=%2Fwp%2Fv2%2Ftags&post=403581"}],"curies":[{"name":"wp","href":"https:\/\/api.w.org\/{rel}","templated":true}]}}