{"id":403585,"date":"2018-11-16T00:06:43","date_gmt":"2018-11-16T06:06:43","guid":{"rendered":"https:\/\/www.diarioimagen.net\/?p=403585"},"modified":"2018-11-16T07:17:30","modified_gmt":"2018-11-16T13:17:30","slug":"reunion-del-colegio-de-abogados-del-valle-de-mexico-con-sus-filiales","status":"publish","type":"post","link":"https:\/\/www.diarioimagen.net\/?p=403585","title":{"rendered":"Reuni\u00f3n del Colegio de Abogados del Valle de M\u00e9xico con sus filiales"},"content":{"rendered":"<ul>\n<li><strong><em>La encabez\u00f3 Joaqu\u00edn Rodr\u00edguez Lugo, en Tultitl\u00e1n<\/em><\/strong><\/li>\n<\/ul>\n<p>&nbsp;<\/p>\n<div id=\"attachment_403650\" style=\"width: 470px\" class=\"wp-caption aligncenter\"><a href=\"https:\/\/www.diarioimagen.net\/?attachment_id=403650\" rel=\"attachment wp-att-403650\"><img loading=\"lazy\" decoding=\"async\" aria-describedby=\"caption-attachment-403650\" class=\"size-large wp-image-403650\" src=\"https:\/\/www.diarioimagen.net\/wp-content\/uploads\/2018\/11\/TULTITLAN-16-460x259.jpg\" alt=\"\" width=\"460\" height=\"259\" srcset=\"https:\/\/www.diarioimagen.net\/wp-content\/uploads\/2018\/11\/TULTITLAN-16-460x259.jpg 460w, https:\/\/www.diarioimagen.net\/wp-content\/uploads\/2018\/11\/TULTITLAN-16-240x135.jpg 240w, https:\/\/www.diarioimagen.net\/wp-content\/uploads\/2018\/11\/TULTITLAN-16-235x132.jpg 235w, https:\/\/www.diarioimagen.net\/wp-content\/uploads\/2018\/11\/TULTITLAN-16-202x114.jpg 202w, https:\/\/www.diarioimagen.net\/wp-content\/uploads\/2018\/11\/TULTITLAN-16-350x196.jpg 350w, https:\/\/www.diarioimagen.net\/wp-content\/uploads\/2018\/11\/TULTITLAN-16-220x123.jpg 220w, https:\/\/www.diarioimagen.net\/wp-content\/uploads\/2018\/11\/TULTITLAN-16-237x132.jpg 237w, https:\/\/www.diarioimagen.net\/wp-content\/uploads\/2018\/11\/TULTITLAN-16.jpg 480w\" sizes=\"auto, (max-width: 460px) 100vw, 460px\" \/><\/a><p id=\"caption-attachment-403650\" class=\"wp-caption-text\">Juan Minuti L\u00f3pez, funcionario de la Fiscal\u00eda General de Justicia del Estado de M\u00e9xico, dijo que el compromiso que hicimos al ejegir esta como nuestra profesi\u00f3n, es no imponer sus intereses sobre la justicia.<\/p><\/div>\n<p>&nbsp;<\/p>\n<p><strong>Tultitl\u00e1n, Estado de M\u00e9xico<\/strong>.-\u00a0 Durante una reuni\u00f3n de trabajo del Colegio de Abogados del Valle de M\u00e9xico, el presidente de la organizaci\u00f3n, Joaqu\u00edn Rodr\u00edguez Lugo, agradeci\u00f3 la presencia e invitaci\u00f3n del licenciado Juan Minuti L\u00f3pez, funcionario de la Fiscal\u00eda General de Justicia del Estado de M\u00e9xico. En dicho acto se hizo entrega de identificaciones a miembros del citado colegio.<\/p>\n<p>En su intervenci\u00f3n, el fiscal de la zona de Cuautitl\u00e1n Izcalli, Juan Minuti L\u00f3pez, se\u00f1al\u00f3 que es un honor el poder estar hoy con los profesionales del derecho mexiquense.<\/p>\n<p>Tengamos siempre en cuenta el compromiso que hicimos al ejegir esta como nuestra profesi\u00f3n, no seamos aquellos que imponen sus intereses sobre la justicia. Uno de los retos que tenemos se encuentra en la construcci\u00f3n de la legalidad como forma de vida y de la justicia y legalidad. No olvidemos que esta profesi\u00f3n adem\u00e1s de ser un privilegio y una distinci\u00f3n, es una responsabilidad y compromiso en la vida privada y p\u00fablica, debiendo ejercer en todo momento la profesi\u00f3n con rectitud, honestidad, lealtad, eficiencia y \u00e9tica; atributos estos que no pueden faltar, se\u00f1al\u00f3.<\/p>\n<p>En el mismo acto, el licenciado Joaqu\u00edn Rodr\u00edguez Lugo, presidente del CAVDEM, hizo entrega de credenciales que acreditan a los presidentes de la filiales de Tultitl\u00e1n, Juan Felipe L\u00f3pez Callejas, as\u00ed como otros litigantes.<\/p>\n","protected":false},"excerpt":{"rendered":"<p>Durante una reuni\u00f3n de trabajo del Colegio de Abogados del Valle de M\u00e9xico, el presidente de la organizaci\u00f3n, Joaqu\u00edn Rodr\u00edguez Lugo, agradeci\u00f3 la presencia e invitaci\u00f3n del licenciado Juan Minuti L\u00f3pez, funcionario de la Fiscal\u00eda General de Justicia del Estado de M\u00e9xico. En dicho acto se hizo entrega de identificaciones a miembros del citado colegio.<\/p>\n","protected":false},"author":3,"featured_media":403650,"comment_status":"open","ping_status":"open","sticky":false,"template":"","format":"standard","meta":{"_monsterinsights_skip_tracking":false,"_monsterinsights_sitenote_active":false,"_monsterinsights_sitenote_note":"","_monsterinsights_sitenote_category":0,"footnotes":""},"categories":[35155],"tags":[72587,43675,80194,578],"class_list":["post-403585","post","type-post","status-publish","format-standard","has-post-thumbnail","hentry","category-estado-de-mexico-estado-de-mexico","tag-colegio-de-abogados-del-valle-de-mexico","tag-estado-de-mexico","tag-juan-minuti-lopez","tag-tultitlan"],"_links":{"self":[{"href":"https:\/\/www.diarioimagen.net\/index.php?rest_route=\/wp\/v2\/posts\/403585","targetHints":{"allow":["GET"]}}],"collection":[{"href":"https:\/\/www.diarioimagen.net\/index.php?rest_route=\/wp\/v2\/posts"}],"about":[{"href":"https:\/\/www.diarioimagen.net\/index.php?rest_route=\/wp\/v2\/types\/post"}],"author":[{"embeddable":true,"href":"https:\/\/www.diarioimagen.net\/index.php?rest_route=\/wp\/v2\/users\/3"}],"replies":[{"embeddable":true,"href":"https:\/\/www.diarioimagen.net\/index.php?rest_route=%2Fwp%2Fv2%2Fcomments&post=403585"}],"version-history":[{"count":0,"href":"https:\/\/www.diarioimagen.net\/index.php?rest_route=\/wp\/v2\/posts\/403585\/revisions"}],"wp:featuredmedia":[{"embeddable":true,"href":"https:\/\/www.diarioimagen.net\/index.php?rest_route=\/wp\/v2\/media\/403650"}],"wp:attachment":[{"href":"https:\/\/www.diarioimagen.net\/index.php?rest_route=%2Fwp%2Fv2%2Fmedia&parent=403585"}],"wp:term":[{"taxonomy":"category","embeddable":true,"href":"https:\/\/www.diarioimagen.net\/index.php?rest_route=%2Fwp%2Fv2%2Fcategories&post=403585"},{"taxonomy":"post_tag","embeddable":true,"href":"https:\/\/www.diarioimagen.net\/index.php?rest_route=%2Fwp%2Fv2%2Ftags&post=403585"}],"curies":[{"name":"wp","href":"https:\/\/api.w.org\/{rel}","templated":true}]}}