{"id":403782,"date":"2018-11-19T00:07:14","date_gmt":"2018-11-19T06:07:14","guid":{"rendered":"https:\/\/www.diarioimagen.net\/?p=403782"},"modified":"2018-11-19T04:00:19","modified_gmt":"2018-11-19T10:00:19","slug":"el-pago-del-aguinaldo-esta-garantizado-a-suteymistas-dice-tomas-palomares","status":"publish","type":"post","link":"https:\/\/www.diarioimagen.net\/?p=403782","title":{"rendered":"El pago del aguinaldo est\u00e1 garantizado a suteymistas, dice Tom\u00e1s Palomares"},"content":{"rendered":"<ul>\n<li><strong><em>En Naucalpan se celebr\u00f3 el 80 aniversario del gremio<\/em><\/strong><\/li>\n<\/ul>\n<p>&nbsp;<\/p>\n<div id=\"attachment_403877\" style=\"width: 470px\" class=\"wp-caption aligncenter\"><a href=\"https:\/\/www.diarioimagen.net\/?attachment_id=403877\" rel=\"attachment wp-att-403877\"><img loading=\"lazy\" decoding=\"async\" aria-describedby=\"caption-attachment-403877\" class=\"size-large wp-image-403877\" src=\"https:\/\/www.diarioimagen.net\/wp-content\/uploads\/2018\/11\/NAUCALPAN-19-460x259.jpg\" alt=\"\" width=\"460\" height=\"259\" srcset=\"https:\/\/www.diarioimagen.net\/wp-content\/uploads\/2018\/11\/NAUCALPAN-19-460x259.jpg 460w, https:\/\/www.diarioimagen.net\/wp-content\/uploads\/2018\/11\/NAUCALPAN-19-240x135.jpg 240w, https:\/\/www.diarioimagen.net\/wp-content\/uploads\/2018\/11\/NAUCALPAN-19-235x132.jpg 235w, https:\/\/www.diarioimagen.net\/wp-content\/uploads\/2018\/11\/NAUCALPAN-19-202x114.jpg 202w, https:\/\/www.diarioimagen.net\/wp-content\/uploads\/2018\/11\/NAUCALPAN-19-350x196.jpg 350w, https:\/\/www.diarioimagen.net\/wp-content\/uploads\/2018\/11\/NAUCALPAN-19-220x123.jpg 220w, https:\/\/www.diarioimagen.net\/wp-content\/uploads\/2018\/11\/NAUCALPAN-19-237x132.jpg 237w, https:\/\/www.diarioimagen.net\/wp-content\/uploads\/2018\/11\/NAUCALPAN-19.jpg 480w\" sizes=\"auto, (max-width: 460px) 100vw, 460px\" \/><\/a><p id=\"caption-attachment-403877\" class=\"wp-caption-text\">Tom\u00e1s Palomares Parra rememor\u00f3 la evoluci\u00f3n e historia a 80 a\u00f1os de distancia del SUTEyM, cuando un grupo de hombres y mujeres en 1938 logran conformar la unidad.<\/p><\/div>\n<p>&nbsp;<\/p>\n<p><strong>Naucalpan, Estado de M\u00e9xico<\/strong>.- V\u00edctor G\u00e1lvez Astorga, presidente municipal de esta localidad, asegur\u00f3 que pese a la irresponsabilidad de las pasadas administraciones que dejaron una profunda crisis financiera, estar\u00e1n garantizadas todas y cada una de las prestaciones de los trabajadores pertenecientes al Sindicato \u00danico de Trabajadores del Estado y sus Municipios (SUTEyM)<\/p>\n<p>Ello durante el 80 aniversario de este gremio que actualmente encabeza Tom\u00e1s Palomares Parra, En el marco del \u201cD\u00eda del Trabajador Sindicalizado\u201d miles de trabajadores suteymistas festejaron en el Parque Naucalli, esa fecha y disfrutaron de rifas de veh\u00edculos, motos yun sin n\u00famero de electrodom\u00e9sticos y viajes con todo pagado.<\/p>\n<p>Al hacer uso de la palabra, Tom\u00e1s Palomares Parra, rememor\u00f3 la evoluci\u00f3n e historia a 80 a\u00f1os de distancia del SUTEyM, cuando un grupo de hombres y mujeres en 1938 logran conformar la unidad despu\u00e9s de intensa lucha.<\/p>\n<p>Acompa\u00f1ado del alcalde, V\u00edctor G\u00e1lvez Astorga, del presidente del Comit\u00e9 de Investigaci\u00f3n y Vigilancia del SUTEYM Mexiquense, Ren\u00e9 Palomares Parra, as\u00ed como del coordinador general de la Confederaci\u00f3n de Servidores P\u00fablicos de los Poderes de los Estados, Municipios e Instituciones Descentralizadas de la rep\u00fablica Mexicana (CONFEDIPER), David Parra S\u00e1nchez, apunt\u00f3 que a la vez, coadyuvan con los distintos \u00f3rdenes de gobierno a mantener el equilibrio y la estabilidad social.<\/p>\n<p>Por otra parte, resalt\u00f3 ante m\u00e1s de 6 mil trabajadores sindicalizados del ayuntamiento y el Organismo de Agua Potable Al\u00f1cantyarillado y Saneamiento (OAPAS), que \u201cser suteymista es m\u00e1s que un distintivo; ser suteymista es una forma de vida, es saber \u201cque nuestro trabajo es de suma importancia para la sociedad; ser Suteymista es sentir cada una de nuestras siglas\u201d.<\/p>\n<p>Palomares Parra, dej\u00f3 claro que es importante a los que vienen atr\u00e1s, comunicarles la enorme responsabilidad de ser Suteymista, y sentir al \u201cigual que nosotros el orgullo de nuestro nombre en la piel e inyectar en su ADN la pasi\u00f3n y el amor por la organizaci\u00f3n\u201d.<\/p>\n<p>M\u00e1s tarde, reconoci\u00f3 p\u00fablicamente a sus l\u00edderes hist\u00f3ricos, a esos hombres y mujeres que han dado su vida por el sindicato, a David Parra S\u00e1nchez y Juana Parra S\u00e1nchez.<\/p>\n<p>En su oportunidad, el presidente del Comit\u00e9 de Investigaci\u00f3n y Vigilancia del SUTEYM Mexiquense, Rene Palomares Parra, con la representaci\u00f3n de Herminio Cahue Calder\u00f3n pidi\u00f3 a la base laboral se sigan esforzando y no defraudar la confianza depositada en ellos.<\/p>\n","protected":false},"excerpt":{"rendered":"<p>V\u00edctor G\u00e1lvez Astorga, presidente municipal de esta localidad, asegur\u00f3 que pese a la irresponsabilidad de las pasadas administraciones que dejaron una profunda crisis financiera, estar\u00e1n garantizadas todas y cada una de las prestaciones de los trabajadores pertenecientes al Sindicato \u00danico de Trabajadores del Estado y sus Municipios (SUTEyM)<\/p>\n","protected":false},"author":3,"featured_media":403877,"comment_status":"open","ping_status":"open","sticky":false,"template":"","format":"standard","meta":{"_monsterinsights_skip_tracking":false,"_monsterinsights_sitenote_active":false,"_monsterinsights_sitenote_note":"","_monsterinsights_sitenote_category":0,"footnotes":""},"categories":[35155],"tags":[43675,970,47930,56429],"class_list":["post-403782","post","type-post","status-publish","format-standard","has-post-thumbnail","hentry","category-estado-de-mexico-estado-de-mexico","tag-estado-de-mexico","tag-naucalpan","tag-sindicato-unico-de-trabajadores-del-estado-y-sus-municipios","tag-tomas-palomares-parra"],"_links":{"self":[{"href":"https:\/\/www.diarioimagen.net\/index.php?rest_route=\/wp\/v2\/posts\/403782","targetHints":{"allow":["GET"]}}],"collection":[{"href":"https:\/\/www.diarioimagen.net\/index.php?rest_route=\/wp\/v2\/posts"}],"about":[{"href":"https:\/\/www.diarioimagen.net\/index.php?rest_route=\/wp\/v2\/types\/post"}],"author":[{"embeddable":true,"href":"https:\/\/www.diarioimagen.net\/index.php?rest_route=\/wp\/v2\/users\/3"}],"replies":[{"embeddable":true,"href":"https:\/\/www.diarioimagen.net\/index.php?rest_route=%2Fwp%2Fv2%2Fcomments&post=403782"}],"version-history":[{"count":0,"href":"https:\/\/www.diarioimagen.net\/index.php?rest_route=\/wp\/v2\/posts\/403782\/revisions"}],"wp:featuredmedia":[{"embeddable":true,"href":"https:\/\/www.diarioimagen.net\/index.php?rest_route=\/wp\/v2\/media\/403877"}],"wp:attachment":[{"href":"https:\/\/www.diarioimagen.net\/index.php?rest_route=%2Fwp%2Fv2%2Fmedia&parent=403782"}],"wp:term":[{"taxonomy":"category","embeddable":true,"href":"https:\/\/www.diarioimagen.net\/index.php?rest_route=%2Fwp%2Fv2%2Fcategories&post=403782"},{"taxonomy":"post_tag","embeddable":true,"href":"https:\/\/www.diarioimagen.net\/index.php?rest_route=%2Fwp%2Fv2%2Ftags&post=403782"}],"curies":[{"name":"wp","href":"https:\/\/api.w.org\/{rel}","templated":true}]}}