{"id":403920,"date":"2018-11-20T00:13:19","date_gmt":"2018-11-20T06:13:19","guid":{"rendered":"https:\/\/www.diarioimagen.net\/?p=403920"},"modified":"2018-11-19T23:58:18","modified_gmt":"2018-11-20T05:58:18","slug":"presenta-sheinbaum-la-nueva-imagen-de-la-cdmx","status":"publish","type":"post","link":"https:\/\/www.diarioimagen.net\/?p=403920","title":{"rendered":"Presentan el logo de la nueva imagen de CDMX"},"content":{"rendered":"<ul>\n<li><strong><em>Basado en el C\u00f3dice Mendocino<\/em><\/strong><\/li>\n<\/ul>\n<p>&nbsp;<\/p>\n<div id=\"attachment_403921\" style=\"width: 470px\" class=\"wp-caption aligncenter\"><img loading=\"lazy\" decoding=\"async\" aria-describedby=\"caption-attachment-403921\" class=\"wp-image-403921 size-large\" src=\"https:\/\/www.diarioimagen.net\/wp-content\/uploads\/2018\/11\/LOGO20-portal-460x268.jpg\" alt=\"\" width=\"460\" height=\"268\" srcset=\"https:\/\/www.diarioimagen.net\/wp-content\/uploads\/2018\/11\/LOGO20-portal-460x268.jpg 460w, https:\/\/www.diarioimagen.net\/wp-content\/uploads\/2018\/11\/LOGO20-portal-240x140.jpg 240w, https:\/\/www.diarioimagen.net\/wp-content\/uploads\/2018\/11\/LOGO20-portal.jpg 480w\" sizes=\"auto, (max-width: 460px) 100vw, 460px\" \/><p id=\"caption-attachment-403921\" class=\"wp-caption-text\">Claudia Sheinbaum present\u00f3 la nueva imagen institucional de la Ciudad de M\u00e9xico.<\/p><\/div>\n<p>&nbsp;<\/p>\n<p>Claudia Sheinbaum, pr\u00f3xima jefa de gobierno, present\u00f3 la nueva imagen institucional que tendr\u00e1 la Ciudad de M\u00e9xico, a partir del 5 de diciembre.<\/p>\n<p>La nueva imagen institucional es un logotipo basado en el C\u00f3dice Mendocino, con representaci\u00f3n de los cuatro puntos cardinales y de color verde que representar\u00e1 la esperanza, el equilibrio y la innovaci\u00f3n.<\/p>\n<p>Desde el Museo de la Ciudad de M\u00e9xico, Sheinbaum, dio a conocer a Israel Hern\u00e1ndez Ruiz como ganador del concurso que dar\u00e1 una nueva identidad gr\u00e1fica a la pr\u00f3xima administraci\u00f3n. Adem\u00e1s del reconocimiento p\u00fablico, Hern\u00e1ndez recibir\u00e1 un premio econ\u00f3mico por casi 150 mil pesos que ser\u00e1 entregado entre el 6 o 7 de diciembre, despu\u00e9s de que asuma la titularidad Sheinbaum Pardo.<\/p>\n<p>El comit\u00e9 organizador detall\u00f3 que fueron recibidas 804 propuestas de dise\u00f1adores, creadores visuales, de las cuales 508 cumplieron los requisitos. Posteriormente fueron seleccionadas 20 para tener a dos finalistas: Paola Beauregard M\u00e9ndez, quien propuso un logotipo en color dorado e Israel Hern\u00e1ndez, quien result\u00f3 triunfador. Sheinbaum aclar\u00f3 que con este logotipo no se trata de sustituir la marca tur\u00edstica CDMX. Adem\u00e1s explic\u00f3 a los taxistas que tampoco se les pedir\u00e1 que cambien la crom\u00e1tica de sus veh\u00edculos.<\/p>\n<p style=\"text-align: center;\"><strong>Algunos datos sobre nuevo dise\u00f1o<\/strong><\/p>\n<p>\u2014El autor de esta imagen es Israel Hern\u00e1ndez Ruiz Velasco, licenciado en dise\u00f1o y comunicaci\u00f3n gr\u00e1fica por el Centro Universitario de Arte, Arquitectura y Dise\u00f1o de la Universidad de Guadalajara.<\/p>\n<p>\u2014El dise\u00f1o se basa a partir de una abstracci\u00f3n del emblema de la Ciudad de M\u00e9xico que se encuentra en el C\u00f3dice Mendocino\u00a0 o C\u00f3dice Mendoza.<\/p>\n<p>\u2014A trav\u00e9s del C\u00f3dice Mendoza se representa la ciudad dividida en cuatro barrios delimitados por canales que cruzan la ciudad al centro del plano.<\/p>\n<p>\u2014A partir de esta imagen se creo un s\u00edmbolo de \u201cX\u201d, la cual \u201csimboliza un punto de encuentro, un cruce de caminos, de cultura, de cosmovisiones y diversidad social\u201d.<\/p>\n<p>\u2014La forma entrelazada de sus elementos visuales \u201csugiere la construcci\u00f3n del tejido social\u201d.<\/p>\n<p>\u2014A sus cuatro lados se encuentran c\u00edrculos que \u201crepresentan a la gente, los ciudadanos, los ciclos, y la cuarta transformaci\u00f3n\u201d.<\/p>\n<p>\u2014La forma del s\u00edmbolo busca evocar valores hist\u00f3ricos del origen mexica de la ciudad.<\/p>\n<p>\u2014Esta hecho con la fuente tipogr\u00e1fica llamada Metr\u00f3polis.<\/p>\n<p>\u2014Se eligi\u00f3 el color verde para dar \u201cdinamismo, movilidad, esperanza, equilibrio, estabilidad, y prosperidad de una sociedad en armon\u00eda con la naturaleza\u201d.<\/p>\n","protected":false},"excerpt":{"rendered":"<p>Claudia Sheinbaum, pr\u00f3xima jefa de gobierno, present\u00f3 la nueva imagen institucional que tendr\u00e1 la Ciudad de M\u00e9xico, a partir del 5 de diciembre.<\/p>\n","protected":false},"author":5,"featured_media":403921,"comment_status":"open","ping_status":"open","sticky":false,"template":"","format":"standard","meta":{"_monsterinsights_skip_tracking":false,"_monsterinsights_sitenote_active":false,"_monsterinsights_sitenote_note":"","_monsterinsights_sitenote_category":0,"footnotes":""},"categories":[6],"tags":[204,80272,80271,77257],"class_list":["post-403920","post","type-post","status-publish","format-standard","has-post-thumbnail","hentry","category-cd-de-mexico","tag-ciudad-de-mexico","tag-logotipo","tag-nueva-imagen-de-la-cdmx","tag-sheinbaum"],"_links":{"self":[{"href":"https:\/\/www.diarioimagen.net\/index.php?rest_route=\/wp\/v2\/posts\/403920","targetHints":{"allow":["GET"]}}],"collection":[{"href":"https:\/\/www.diarioimagen.net\/index.php?rest_route=\/wp\/v2\/posts"}],"about":[{"href":"https:\/\/www.diarioimagen.net\/index.php?rest_route=\/wp\/v2\/types\/post"}],"author":[{"embeddable":true,"href":"https:\/\/www.diarioimagen.net\/index.php?rest_route=\/wp\/v2\/users\/5"}],"replies":[{"embeddable":true,"href":"https:\/\/www.diarioimagen.net\/index.php?rest_route=%2Fwp%2Fv2%2Fcomments&post=403920"}],"version-history":[{"count":0,"href":"https:\/\/www.diarioimagen.net\/index.php?rest_route=\/wp\/v2\/posts\/403920\/revisions"}],"wp:featuredmedia":[{"embeddable":true,"href":"https:\/\/www.diarioimagen.net\/index.php?rest_route=\/wp\/v2\/media\/403921"}],"wp:attachment":[{"href":"https:\/\/www.diarioimagen.net\/index.php?rest_route=%2Fwp%2Fv2%2Fmedia&parent=403920"}],"wp:term":[{"taxonomy":"category","embeddable":true,"href":"https:\/\/www.diarioimagen.net\/index.php?rest_route=%2Fwp%2Fv2%2Fcategories&post=403920"},{"taxonomy":"post_tag","embeddable":true,"href":"https:\/\/www.diarioimagen.net\/index.php?rest_route=%2Fwp%2Fv2%2Ftags&post=403920"}],"curies":[{"name":"wp","href":"https:\/\/api.w.org\/{rel}","templated":true}]}}