{"id":404018,"date":"2018-11-20T00:06:17","date_gmt":"2018-11-20T06:06:17","guid":{"rendered":"https:\/\/www.diarioimagen.net\/?p=404018"},"modified":"2018-11-20T01:05:47","modified_gmt":"2018-11-20T07:05:47","slug":"una-cronica-desde-santa-marta","status":"publish","type":"post","link":"https:\/\/www.diarioimagen.net\/?p=404018","title":{"rendered":"Una cr\u00f3nica desde Santa Marta"},"content":{"rendered":"<h2>Detr\u00e1s del Poder<\/h2>\n<h5>Jos\u00e9 Antonio L\u00f3pez Sosa<\/h5>\n<p>&nbsp;<\/p>\n<p>&nbsp;<\/p>\n<p><strong>R\u00edo de Janeiro, Brasil<\/strong>.- El fen\u00f3meno de las \u201cfavelas\u201d brasile\u00f1as es conocido a nivel internacional, esa contracultura que se ha gestado a trav\u00e9s de la marginaci\u00f3n urbana y que ha tenido un dominio de la criminalidad, es un fen\u00f3meno global, sin embargo por las caracter\u00edsticas topogr\u00e1ficas de R\u00edo de Janeiro, estos cinturones de miseria est\u00e1n en las laderas, justo a la vista de las zonas urban\u00edsticamente ordenadas de la ciudad.<\/p>\n<p>El gobierno local logr\u00f3 pacificar algunas favelas, se convirtieron en atractivos tur\u00edsticos sin perder su escencia, as\u00ed nos dirigimos a Santa Marta, una de las favelas pacificadas de R\u00edo de Janeiro.<\/p>\n<p>Nos dejaron en la base a este reportero y a Roberto Flores Lloret con la c\u00e1mara, la indicaci\u00f3n fue que no hay riesgo y tuvimos la libertad de recorrerla.<\/p>\n<p>Esta favela en la base, tiene un funicular que luego de 5 estaciones, llega a la cima, la parte m\u00e1s marginal.<\/p>\n<p>Cientos de casas una sobre otra, no hay calles, s\u00f3lo enormes escalinatas (como ocurre en Cuautepec Barrio Alto, La Presa y otros rincones de las zonas irregulares de la Ciudad de M\u00e9xico y su Zona Metropolitana).<\/p>\n<p>En la cima un mirador que deja ver de un lado el monte Pan de Az\u00facar y del otro, la favela entera y R\u00edo de Janeiro, hay una estaci\u00f3n de polic\u00eda ah\u00ed precisamente.<\/p>\n<p>Grabamos un par de stands para Grupo F\u00f3rmula, sacamos micr\u00f3fono, c\u00e1mara y aud\u00edfonos, comenzaba a llover.<\/p>\n<p>Un individuo con una suerte de radio, estuvo todo el tiempo junto a nosotros, luego de unos veinte minutos de seguirnos al mirador, desapareci\u00f3, quiz\u00e1s le parecimos inofensivos para los intereses de quienes gobiernan en realidad la favela.<\/p>\n<p>Al subir, un par de turistas chilenas nos dijeron que la estatua de Michael Jackson era de los principales atractivos, en la parada n\u00famero 2, que hab\u00eda un lugar para tomar cerveza y una vista muy buena de R\u00edo.<\/p>\n<p>Hasta ah\u00ed llegamos, una estatua bastante bizarra en honor al Rey del Pop, quien grab\u00f3 un videoclip aqu\u00ed y don\u00f3 dinero para diversas fundaciones brasile\u00f1as, del local donde venden cervezas se asom\u00f3 un jovencito, con los ojos medio perdidos pidiendo que no le tomasemos fotograf\u00edas, le pedimos que m\u00e1s bien se quitara de la ventana para poder capturar im\u00e1genes del lugar.<\/p>\n<p>Al entrar, pedimos un par de cervezas, el jovencito nos dijo llamarse \u201cGuile\u201d, trat\u00f3 de entablarnos conversaci\u00f3n y nos dijo que no pod\u00eda salir en fotos por una causa, entonces volte\u00f3 su cadera y nos mostr\u00f3 que portaba un arma de fuego.<\/p>\n<p>El tipo estaba seguramente drogado y luc\u00eda como el jefe de la plaza. De pronto entraron m\u00e1s personas del lugar, uno me pidi\u00f3 5 reales para comprar marihuana, fue y se la compr\u00f3 a Guile.<\/p>\n<p>En un momento, el tal Guile nos abri\u00f3 un portafolios lleno de pastillas y sobres \u2014aparentemente drogas duras\u2014 para ver qu\u00e9 le compr\u00e1bamos. En ese momento terminamos nuestra cerveza y decidimos marcharnos.<\/p>\n<p>Ya en la estaci\u00f3n del funicular, un hombre con su hija se ofrecieron a llevarnos abajo por las escaleras, as\u00ed lo hicimos. Entre enormes escaleras, ratas, cucarachas, ventanas de salas, rec\u00e1maras y ba\u00f1os que daban en nuestra cara por unos diez minutos pudimos percibir como se vive en la favela, como es el hacinamiento y la insalubridad.<\/p>\n<p>Llegamos a la base, nos dimos cuenta que a pesar de estar pacificadas, a\u00fan la ley que impera es la del crimen organizado y no la del estado brasile\u00f1o.<\/p>\n<p>\u00bfVolver\u00eda a subir?, \u00a1por supuesto!, hay que tener cautela pero representa una de las experiencias sociales m\u00e1s interesantes que se pueda tener.<\/p>\n<p>Alguien me pregunt\u00f3, \u00bfsubir\u00edas con tu esposa?, \u00a1claro!, quiz\u00e1s porque es mi productora, pero no le quitar\u00eda la oportunidad de vivir una experiencia as\u00ed por un miedo paternalista, me sentir\u00eda ego\u00edsta.<\/p>\n<p><em><a href=\"http:\/\/www.lopezsosa.com\" target=\"_blank\" rel=\"noopener\">www.lopezsosa.com<\/a><\/em><br \/>\n<em><a href=\"mailto:joseantonio@lopezsosa.com\" target=\"_blank\" rel=\"noopener\">joseantonio@lopezsosa.com<\/a><\/em><br \/>\n<em><a href=\"http:\/\/twitter.com\/joseantonio1977\" target=\"_blank\" rel=\"noopener\">@joseantonio197<\/a><\/em><\/p>\n","protected":false},"excerpt":{"rendered":"<p><span style=\"color: #005497;\"><strong>Jos\u00e9 Antonio L\u00f3pez Sosa<\/strong><\/span><\/p>\n","protected":false},"author":3,"featured_media":0,"comment_status":"open","ping_status":"open","sticky":false,"template":"","format":"standard","meta":{"_monsterinsights_skip_tracking":false,"_monsterinsights_sitenote_active":false,"_monsterinsights_sitenote_note":"","_monsterinsights_sitenote_category":0,"footnotes":""},"categories":[637],"tags":[638,43690,43674],"class_list":["post-404018","post","type-post","status-publish","format-standard","hentry","category-jose-antonio-lopez-sosa","tag-detras-del-poder","tag-jose-antonio-lopez-sosa","tag-opinion"],"_links":{"self":[{"href":"https:\/\/www.diarioimagen.net\/index.php?rest_route=\/wp\/v2\/posts\/404018","targetHints":{"allow":["GET"]}}],"collection":[{"href":"https:\/\/www.diarioimagen.net\/index.php?rest_route=\/wp\/v2\/posts"}],"about":[{"href":"https:\/\/www.diarioimagen.net\/index.php?rest_route=\/wp\/v2\/types\/post"}],"author":[{"embeddable":true,"href":"https:\/\/www.diarioimagen.net\/index.php?rest_route=\/wp\/v2\/users\/3"}],"replies":[{"embeddable":true,"href":"https:\/\/www.diarioimagen.net\/index.php?rest_route=%2Fwp%2Fv2%2Fcomments&post=404018"}],"version-history":[{"count":0,"href":"https:\/\/www.diarioimagen.net\/index.php?rest_route=\/wp\/v2\/posts\/404018\/revisions"}],"wp:attachment":[{"href":"https:\/\/www.diarioimagen.net\/index.php?rest_route=%2Fwp%2Fv2%2Fmedia&parent=404018"}],"wp:term":[{"taxonomy":"category","embeddable":true,"href":"https:\/\/www.diarioimagen.net\/index.php?rest_route=%2Fwp%2Fv2%2Fcategories&post=404018"},{"taxonomy":"post_tag","embeddable":true,"href":"https:\/\/www.diarioimagen.net\/index.php?rest_route=%2Fwp%2Fv2%2Ftags&post=404018"}],"curies":[{"name":"wp","href":"https:\/\/api.w.org\/{rel}","templated":true}]}}