{"id":404475,"date":"2018-11-23T00:10:04","date_gmt":"2018-11-23T06:10:04","guid":{"rendered":"https:\/\/www.diarioimagen.net\/?p=404475"},"modified":"2018-11-23T02:06:55","modified_gmt":"2018-11-23T08:06:55","slug":"acredita-federacion-calidad-en-mas-de-mil-unidades-medicas-del-edomex","status":"publish","type":"post","link":"https:\/\/www.diarioimagen.net\/?p=404475","title":{"rendered":"Acredita Federaci\u00f3n calidad de m\u00e1s de mil unidades m\u00e9dicas"},"content":{"rendered":"<h2>Arco Norte<\/h2>\n<h5>Jos\u00e9 Luis Monta\u00f1ez Aguilar<\/h5>\n<p>&nbsp;<\/p>\n<div id=\"attachment_404476\" style=\"width: 470px\" class=\"wp-caption aligncenter\"><img loading=\"lazy\" decoding=\"async\" aria-describedby=\"caption-attachment-404476\" class=\"size-large wp-image-404476\" src=\"https:\/\/www.diarioimagen.net\/wp-content\/uploads\/2018\/11\/MEDICAS23-portal-460x268.jpg\" alt=\"\" width=\"460\" height=\"268\" srcset=\"https:\/\/www.diarioimagen.net\/wp-content\/uploads\/2018\/11\/MEDICAS23-portal-460x268.jpg 460w, https:\/\/www.diarioimagen.net\/wp-content\/uploads\/2018\/11\/MEDICAS23-portal-240x140.jpg 240w, https:\/\/www.diarioimagen.net\/wp-content\/uploads\/2018\/11\/MEDICAS23-portal.jpg 480w\" sizes=\"auto, (max-width: 460px) 100vw, 460px\" \/><p id=\"caption-attachment-404476\" class=\"wp-caption-text\">Lograron acreditarse y reacreditarse ante la Federaci\u00f3n mil 34 unidades m\u00e9dicas p\u00fablicas y privadas del Estado de M\u00e9xico.<\/p><\/div>\n<p>&nbsp;<\/p>\n<p>Por cumplir con altos est\u00e1ndares de calidad en la prestaci\u00f3n de los servicios de salud, mil 34 unidades m\u00e9dicas p\u00fablicas y privadas del Estado de M\u00e9xico, lograron acreditarse y reacreditarse ante la Federaci\u00f3n, con lo que podr\u00e1n acceder a recursos del Seguro Popular correspondientes a la cobertura del Cat\u00e1logo Universal de Servicios de Salud (CAUSES) y el Fondo de Gastos Catastr\u00f3ficos.<\/p>\n<p>Al presidir la ceremonia de entrega de dichos documentos, el secretario de Salud, Gabriel O\u2019Shea Cuevas, destac\u00f3 que del total de establecimientos aprobados, mil 11 pertenecen al Instituto de Salud del Estado de M\u00e9xico (ISEM), con lo que se\u00a0 beneficiar\u00e1 a m\u00e1s de 7 millones de mexiquenses que no cuentan con otro tipo de seguridad social y tendr\u00e1n acceso a una atenci\u00f3n digna e instalaciones \u00f3ptimas.<\/p>\n<p>Entre los aspectos evaluados, destaca el abasto suficiente de medicamento, as\u00ed como contar con personal y equipamiento completo de acuerdo a cada una de las atenciones que se brindan, adem\u00e1s de tener establecido un programa de mantenimiento para dar respuesta a las necesidades de cada unidad m\u00e9dica.<\/p>\n<p>En la Facultad de Medicina de la Universidad Aut\u00f3noma del Estado de M\u00e9xico (UAEMex), el titular del ISEM exhort\u00f3 al personal m\u00e9dico a continuar con el trabajo comprometido para mantener los altos niveles de calidad, que coadyuvar\u00e1n a reposicionar a la entidad dentro de los primeros lugares a nivel nacional en materia de salud.<\/p>\n<p>En el evento, el director general del ISSEMyM, Alberto Peredo Jim\u00e9nez, recibi\u00f3 las acreditaciones y reacreditaciones de diversos establecimientos, lo que beneficiar\u00e1 a los trabajadores estatales y municipales que integran su derechohabiencia.<\/p>\n<p>Las unidades de salud del ISEM que cumplieron al 100 por ciento con las evaluaciones, van desde Centros de Salud, hospitales municipales y generales, hasta Unidades de Especialidades M\u00e9dicas (UNEMES) y hospitales de tercer nivel de atenci\u00f3n como el Centro M\u00e9dico \u201cAdolfo L\u00f3pez Mateos\u201d y el Hospital de Alta Especialidad de Zumpango, este \u00faltimo a cargo de la Secretar\u00eda de Salud.<\/p>\n<p><em><a href=\"mailto:montanezaguilar@gmail.com\" target=\"_blank\" rel=\"noopener\">montanezaguilar@gmail.com<\/a><\/em><\/p>\n","protected":false},"excerpt":{"rendered":"<p><span style=\"color: #005497;\">Jos\u00e9 Luis Monta\u00f1ez Aguilar<\/span><br \/>\n<br \/>\nPor cumplir con altos est\u00e1ndares de calidad en la prestaci\u00f3n de los servicios de salud, mil 34 unidades m\u00e9dicas p\u00fablicas y privadas del Estado de M\u00e9xico, lograron acreditarse y reacreditarse ante la Federaci\u00f3n, con lo que podr\u00e1n acceder a recursos del Seguro Popular correspondientes a la cobertura del Cat\u00e1logo Universal de Servicios de Salud (CAUSES) y el Fondo de Gastos Catastr\u00f3ficos.<\/p>\n","protected":false},"author":5,"featured_media":404476,"comment_status":"open","ping_status":"open","sticky":false,"template":"","format":"standard","meta":{"_monsterinsights_skip_tracking":false,"_monsterinsights_sitenote_active":false,"_monsterinsights_sitenote_note":"","_monsterinsights_sitenote_category":0,"footnotes":""},"categories":[5],"tags":[80419,13284,80420,43704,80418,43674,1725],"class_list":["post-404475","post","type-post","status-publish","format-standard","has-post-thumbnail","hentry","category-estado-de-mexico","tag-acredita-federacion","tag-arco-norte","tag-fondo-de-gastos-catastroficos","tag-jose-luis-montanez-aguilar","tag-mil-unidades-medicas","tag-opinion","tag-seguro-popular"],"_links":{"self":[{"href":"https:\/\/www.diarioimagen.net\/index.php?rest_route=\/wp\/v2\/posts\/404475","targetHints":{"allow":["GET"]}}],"collection":[{"href":"https:\/\/www.diarioimagen.net\/index.php?rest_route=\/wp\/v2\/posts"}],"about":[{"href":"https:\/\/www.diarioimagen.net\/index.php?rest_route=\/wp\/v2\/types\/post"}],"author":[{"embeddable":true,"href":"https:\/\/www.diarioimagen.net\/index.php?rest_route=\/wp\/v2\/users\/5"}],"replies":[{"embeddable":true,"href":"https:\/\/www.diarioimagen.net\/index.php?rest_route=%2Fwp%2Fv2%2Fcomments&post=404475"}],"version-history":[{"count":0,"href":"https:\/\/www.diarioimagen.net\/index.php?rest_route=\/wp\/v2\/posts\/404475\/revisions"}],"wp:featuredmedia":[{"embeddable":true,"href":"https:\/\/www.diarioimagen.net\/index.php?rest_route=\/wp\/v2\/media\/404476"}],"wp:attachment":[{"href":"https:\/\/www.diarioimagen.net\/index.php?rest_route=%2Fwp%2Fv2%2Fmedia&parent=404475"}],"wp:term":[{"taxonomy":"category","embeddable":true,"href":"https:\/\/www.diarioimagen.net\/index.php?rest_route=%2Fwp%2Fv2%2Fcategories&post=404475"},{"taxonomy":"post_tag","embeddable":true,"href":"https:\/\/www.diarioimagen.net\/index.php?rest_route=%2Fwp%2Fv2%2Ftags&post=404475"}],"curies":[{"name":"wp","href":"https:\/\/api.w.org\/{rel}","templated":true}]}}