{"id":404549,"date":"2018-11-23T00:09:23","date_gmt":"2018-11-23T06:09:23","guid":{"rendered":"https:\/\/www.diarioimagen.net\/?p=404549"},"modified":"2018-11-23T10:02:59","modified_gmt":"2018-11-23T16:02:59","slug":"favorece-uaem-desarrollo-profesional-y-personal-de-trabajadores-universitarios","status":"publish","type":"post","link":"https:\/\/www.diarioimagen.net\/?p=404549","title":{"rendered":"Favorece UAEM desarrollo profesional y personal de trabajadores universitarios"},"content":{"rendered":"<ul>\n<li><strong><em>Informe de la directora de la Facultad de Odontolog\u00eda\u00a0<\/em><\/strong><\/li>\n<\/ul>\n<p>&nbsp;<\/p>\n<div id=\"attachment_404633\" style=\"width: 470px\" class=\"wp-caption aligncenter\"><a href=\"https:\/\/www.diarioimagen.net\/?attachment_id=404633\" rel=\"attachment wp-att-404633\"><img loading=\"lazy\" decoding=\"async\" aria-describedby=\"caption-attachment-404633\" class=\"size-large wp-image-404633\" src=\"https:\/\/www.diarioimagen.net\/wp-content\/uploads\/2018\/11\/UAEM-3505-460x307.jpg\" alt=\"\" width=\"460\" height=\"307\" srcset=\"https:\/\/www.diarioimagen.net\/wp-content\/uploads\/2018\/11\/UAEM-3505-460x307.jpg 460w, https:\/\/www.diarioimagen.net\/wp-content\/uploads\/2018\/11\/UAEM-3505-240x160.jpg 240w, https:\/\/www.diarioimagen.net\/wp-content\/uploads\/2018\/11\/UAEM-3505.jpg 700w\" sizes=\"auto, (max-width: 460px) 100vw, 460px\" \/><\/a><p id=\"caption-attachment-404633\" class=\"wp-caption-text\">El rector, Alfredo Barrera Baca, presidi\u00f3 el primer informe de actividades de la directora de la Facultad de Odontolog\u00eda, Edith Lara Carrillo.<\/p><\/div>\n<p>&nbsp;<\/p>\n<p><strong>Toluca, Estado de M\u00e9xico<\/strong>.\u2013 Las acciones que en materia laboral implementa la Administraci\u00f3n 2017-2021 de la Universidad Aut\u00f3noma del Estado de M\u00e9xico tienen como prop\u00f3sito favorecer la econom\u00eda y desarrollo profesional y personal de los trabajadores universitarios, anunci\u00f3 el rector Alfredo Barrera Baca.<\/p>\n<p>Al presidir el primer informe de actividades de la directora de la Facultad de Odontolog\u00eda, Edith Lara Carrillo, resalt\u00f3 el prop\u00f3sito de intensificar la pol\u00edtica transversal a favor de la equidad laboral y de g\u00e9nero, as\u00ed como contribuir en el \u00e1nimo y la cohesi\u00f3n institucional.<\/p>\n<p>Reiter\u00f3 que el personal administrativo de confianza no volver\u00e1 a firmar un contrato provisional por seis meses y en su lugar, signar\u00e1 un contrato \u00fanico por tiempo indeterminado.<\/p>\n<p>Adem\u00e1s, puntualiz\u00f3, la semana de trabajo ya no ser\u00e1 de 48 sino de 40 horas y los trabajadores tendr\u00e1n acceso a la prestaci\u00f3n por cuidados de paternidad, maternidad y por enfermedad.<\/p>\n<p>Barrera Baca abundo que dos bonos de productividad se indexar\u00e1n al salario base de los trabajadores administrativos sindicalizado, lo que implicar\u00e1 un incremento en sus prestaciones como el pago de vacaciones, antig\u00fcedad y aguinaldo.<\/p>\n<p>Del mismo modo, anunci\u00f3 Alfredo Barrera Baca, se instrumentar\u00e1 una jornada de siete horas para madres y padres universitarios con hijos de cinco a\u00f1os o menores. Asimismo, se impulsar\u00e1n condiciones acad\u00e9micas para que las alumnas embarazadas no pierdan el semestre por parto o visitas m\u00e9dicas.<\/p>\n<p>Por otra parte, subray\u00f3 el hecho de que la administraci\u00f3n de Edith Lara Carrillo se enfoca en impulsar una pol\u00edtica de contenci\u00f3n del gasto, as\u00ed como en avanzar en el pago de adeudos a proveedores y autogenerar ingresos destinados al mantenimiento de la Facultad. \u201cEl talante humanista y solidario de esta comunidad tambi\u00e9n puede apreciarse cuando participa en los programas de ahorro de energ\u00eda y agua, as\u00ed como en labores de reforestaci\u00f3n, esfuerzos que les ha permitido acreditarse como Escuela Ambientalmente Responsable\u201d, dijo Alfredo Barrera Baca.<\/p>\n<p>En su momento, Lara Carrillo apunt\u00f3 que durante el \u00faltimo a\u00f1o se brindaron 40 mil 642 consultas en este organismo acad\u00e9mico universitario, mientras que en la unidad m\u00f3vil se realizaron mil 939 consulta, en beneficio de habitantes de nueve municipios mexiquenses. Adem\u00e1s, detall\u00f3, la Facultad de Odontolog\u00eda se adhiri\u00f3 a programas de beneficio social como el Proyecto M\u00e9xico Saludable 2018, que promueve el trabajo colaborativo para la atenci\u00f3n de la salud en municipios del Estado de M\u00e9xico.<\/p>\n","protected":false},"excerpt":{"rendered":"<p>Las acciones que en materia laboral implementa la Administraci\u00f3n 2017-2021 de la Universidad Aut\u00f3noma del Estado de M\u00e9xico tienen como prop\u00f3sito favorecer la econom\u00eda y desarrollo profesional y personal de los trabajadores universitarios, anunci\u00f3 el rector Alfredo Barrera Baca.<\/p>\n","protected":false},"author":3,"featured_media":404633,"comment_status":"open","ping_status":"open","sticky":false,"template":"","format":"standard","meta":{"_monsterinsights_skip_tracking":false,"_monsterinsights_sitenote_active":false,"_monsterinsights_sitenote_note":"","_monsterinsights_sitenote_category":0,"footnotes":""},"categories":[35155],"tags":[58572,31416,43675,452,1491,52784],"class_list":["post-404549","post","type-post","status-publish","format-standard","has-post-thumbnail","hentry","category-estado-de-mexico-estado-de-mexico","tag-alfredo-barrera-baca","tag-desarrollo","tag-estado-de-mexico","tag-toluca","tag-uaem","tag-universitarios"],"_links":{"self":[{"href":"https:\/\/www.diarioimagen.net\/index.php?rest_route=\/wp\/v2\/posts\/404549","targetHints":{"allow":["GET"]}}],"collection":[{"href":"https:\/\/www.diarioimagen.net\/index.php?rest_route=\/wp\/v2\/posts"}],"about":[{"href":"https:\/\/www.diarioimagen.net\/index.php?rest_route=\/wp\/v2\/types\/post"}],"author":[{"embeddable":true,"href":"https:\/\/www.diarioimagen.net\/index.php?rest_route=\/wp\/v2\/users\/3"}],"replies":[{"embeddable":true,"href":"https:\/\/www.diarioimagen.net\/index.php?rest_route=%2Fwp%2Fv2%2Fcomments&post=404549"}],"version-history":[{"count":0,"href":"https:\/\/www.diarioimagen.net\/index.php?rest_route=\/wp\/v2\/posts\/404549\/revisions"}],"wp:featuredmedia":[{"embeddable":true,"href":"https:\/\/www.diarioimagen.net\/index.php?rest_route=\/wp\/v2\/media\/404633"}],"wp:attachment":[{"href":"https:\/\/www.diarioimagen.net\/index.php?rest_route=%2Fwp%2Fv2%2Fmedia&parent=404549"}],"wp:term":[{"taxonomy":"category","embeddable":true,"href":"https:\/\/www.diarioimagen.net\/index.php?rest_route=%2Fwp%2Fv2%2Fcategories&post=404549"},{"taxonomy":"post_tag","embeddable":true,"href":"https:\/\/www.diarioimagen.net\/index.php?rest_route=%2Fwp%2Fv2%2Ftags&post=404549"}],"curies":[{"name":"wp","href":"https:\/\/api.w.org\/{rel}","templated":true}]}}