{"id":404566,"date":"2018-11-23T00:04:26","date_gmt":"2018-11-23T06:04:26","guid":{"rendered":"https:\/\/www.diarioimagen.net\/?p=404566"},"modified":"2018-11-23T10:05:20","modified_gmt":"2018-11-23T16:05:20","slug":"queman-una-camioneta-y-patrullas-en-los-reyes","status":"publish","type":"post","link":"https:\/\/www.diarioimagen.net\/?p=404566","title":{"rendered":"Queman una camioneta  y patrullas en Los Reyes"},"content":{"rendered":"<ul>\n<li><em><strong>Intentan linchar a conductor que arroll\u00f3 a menor<\/strong><\/em><\/li>\n<li><em><strong>La polic\u00eda logr\u00f3 rescatar a 3 personas, que est\u00e1n detenidas<\/strong><\/em><\/li>\n<\/ul>\n<p>&nbsp;<\/p>\n<div id=\"attachment_404636\" style=\"width: 470px\" class=\"wp-caption aligncenter\"><a href=\"https:\/\/www.diarioimagen.net\/?attachment_id=404636\" rel=\"attachment wp-att-404636\"><img loading=\"lazy\" decoding=\"async\" aria-describedby=\"caption-attachment-404636\" class=\"size-large wp-image-404636\" src=\"https:\/\/www.diarioimagen.net\/wp-content\/uploads\/2018\/11\/seguridad-3505-460x169.jpg\" alt=\"\" width=\"460\" height=\"169\" srcset=\"https:\/\/www.diarioimagen.net\/wp-content\/uploads\/2018\/11\/seguridad-3505-460x169.jpg 460w, https:\/\/www.diarioimagen.net\/wp-content\/uploads\/2018\/11\/seguridad-3505-240x88.jpg 240w, https:\/\/www.diarioimagen.net\/wp-content\/uploads\/2018\/11\/seguridad-3505-768x282.jpg 768w, https:\/\/www.diarioimagen.net\/wp-content\/uploads\/2018\/11\/seguridad-3505.jpg 1062w\" sizes=\"auto, (max-width: 460px) 100vw, 460px\" \/><\/a><p id=\"caption-attachment-404636\" class=\"wp-caption-text\">Pobladores de Los Reyes intenataron linchar a un conductor de una camioneta que arroll\u00f3 a una menor.<\/p><\/div>\n<p>&nbsp;<\/p>\n<p>Pobladores de la colonia Valle de Los Reyes en el municipio de La Paz, Estado de M\u00e9xico, quemaron dos veh\u00edculos de la polic\u00eda y una camioneta de carga, cuyo conductor arroll\u00f3 y mat\u00f3 a una ni\u00f1a de 9 a\u00f1os.<\/p>\n<p>El accidente tuvo lugar alrededor de las 12:40 horas de ayer, cuando el veh\u00edculo circulaba a exceso de velocidad en una zona escolar a la hora de la salida de la escuela.<\/p>\n<p>El intento de linchamiento se registr\u00f3 en la Calle 9 y Avenida Tenancigo, cuando los tripulantes de la camioneta intentaron huir, pero los vecinos y mototaxistas de la zona los alcanzaron en la Avenida Andr\u00e9s Molina.<\/p>\n<p>Al sitio llegaron polic\u00edas que impidieron que la turba golpeara a los involucrados en el hecho tr\u00e1gico, aunque eso no impidi\u00f3 que la poblaci\u00f3n apedreara la camioneta y le prendiera fuego; tambi\u00e9n dos patrullas y una motocicleta de la polic\u00eda fueron incendiadas.<\/p>\n<p>Los vecinos enardecidos cerraron el paso al agrupamiento de bomberos para sofocar el fuego, lo que los oblig\u00f3 a usar cubetas para apagar la camioneta y el fuego se estaba extendiendo a un predio particular. Seg\u00fan versiones hay tres detenidos en el Ministerio P\u00fablico de Los Reyes.<\/p>\n","protected":false},"excerpt":{"rendered":"<p>Pobladores de la colonia Valle de Los Reyes en el municipio de La Paz, Estado de M\u00e9xico, quemaron dos veh\u00edculos de la polic\u00eda y una camioneta de carga, cuyo conductor arroll\u00f3 y mat\u00f3 a una ni\u00f1a de 9 a\u00f1os.<\/p>\n","protected":false},"author":3,"featured_media":404636,"comment_status":"open","ping_status":"open","sticky":false,"template":"","format":"standard","meta":{"_monsterinsights_skip_tracking":false,"_monsterinsights_sitenote_active":false,"_monsterinsights_sitenote_note":"","_monsterinsights_sitenote_category":0,"footnotes":""},"categories":[35155],"tags":[43675,20541,80459,80458],"class_list":["post-404566","post","type-post","status-publish","format-standard","has-post-thumbnail","hentry","category-estado-de-mexico-estado-de-mexico","tag-estado-de-mexico","tag-los-reyes","tag-patrulla","tag-queman"],"_links":{"self":[{"href":"https:\/\/www.diarioimagen.net\/index.php?rest_route=\/wp\/v2\/posts\/404566","targetHints":{"allow":["GET"]}}],"collection":[{"href":"https:\/\/www.diarioimagen.net\/index.php?rest_route=\/wp\/v2\/posts"}],"about":[{"href":"https:\/\/www.diarioimagen.net\/index.php?rest_route=\/wp\/v2\/types\/post"}],"author":[{"embeddable":true,"href":"https:\/\/www.diarioimagen.net\/index.php?rest_route=\/wp\/v2\/users\/3"}],"replies":[{"embeddable":true,"href":"https:\/\/www.diarioimagen.net\/index.php?rest_route=%2Fwp%2Fv2%2Fcomments&post=404566"}],"version-history":[{"count":0,"href":"https:\/\/www.diarioimagen.net\/index.php?rest_route=\/wp\/v2\/posts\/404566\/revisions"}],"wp:featuredmedia":[{"embeddable":true,"href":"https:\/\/www.diarioimagen.net\/index.php?rest_route=\/wp\/v2\/media\/404636"}],"wp:attachment":[{"href":"https:\/\/www.diarioimagen.net\/index.php?rest_route=%2Fwp%2Fv2%2Fmedia&parent=404566"}],"wp:term":[{"taxonomy":"category","embeddable":true,"href":"https:\/\/www.diarioimagen.net\/index.php?rest_route=%2Fwp%2Fv2%2Fcategories&post=404566"},{"taxonomy":"post_tag","embeddable":true,"href":"https:\/\/www.diarioimagen.net\/index.php?rest_route=%2Fwp%2Fv2%2Ftags&post=404566"}],"curies":[{"name":"wp","href":"https:\/\/api.w.org\/{rel}","templated":true}]}}