{"id":404678,"date":"2018-11-26T00:08:55","date_gmt":"2018-11-26T06:08:55","guid":{"rendered":"https:\/\/www.diarioimagen.net\/?p=404678"},"modified":"2018-11-26T23:53:49","modified_gmt":"2018-11-27T05:53:49","slug":"entrega-del-mazo-apoyos-a-productores-forestales-en-amecameca","status":"publish","type":"post","link":"https:\/\/www.diarioimagen.net\/?p=404678","title":{"rendered":"M\u00e1s apoyos a productores forestales, en Amecameca"},"content":{"rendered":"<ul>\n<li><em><strong>Campa\u00f1a de Comercializaci\u00f3n de \u00c1rboles de Navidad 2018<\/strong><\/em><\/li>\n<li><em><strong>Este a\u00f1o se plantaron cerca de 16 millones en 16 mil 500 hect\u00e1reas<\/strong><\/em><\/li>\n<\/ul>\n<p>&nbsp;<\/p>\n<div id=\"attachment_404679\" style=\"width: 470px\" class=\"wp-caption aligncenter\"><img loading=\"lazy\" decoding=\"async\" aria-describedby=\"caption-attachment-404679\" class=\"size-large wp-image-404679\" src=\"https:\/\/www.diarioimagen.net\/wp-content\/uploads\/2018\/11\/DEL-MAZO26-portal-460x268.jpg\" alt=\"\" width=\"460\" height=\"268\" srcset=\"https:\/\/www.diarioimagen.net\/wp-content\/uploads\/2018\/11\/DEL-MAZO26-portal-460x268.jpg 460w, https:\/\/www.diarioimagen.net\/wp-content\/uploads\/2018\/11\/DEL-MAZO26-portal-240x140.jpg 240w, https:\/\/www.diarioimagen.net\/wp-content\/uploads\/2018\/11\/DEL-MAZO26-portal.jpg 480w\" sizes=\"auto, (max-width: 460px) 100vw, 460px\" \/><p id=\"caption-attachment-404679\" class=\"wp-caption-text\">Alfredo Del Mazo entreg\u00f3 apoyos a productores forestales y pone en marcha la Campa\u00f1a de Comercializaci\u00f3n de \u00c1rboles de Navidad 2018.<\/p><\/div>\n<p>&nbsp;<\/p>\n<p><strong>Amecameca, Estado de M\u00e9xico<\/strong>-. El gobernador Alfredo Del Mazo Maza puso en marcha la Campa\u00f1a de Comercializaci\u00f3n de \u00c1rboles de Navidad 2018, e inform\u00f3 que con una producci\u00f3n de 600 mil \u00e1rboles de este tipo, durante este a\u00f1o,\u00a0 el Estado de M\u00e9xico\u00a0 es\u00a0 actualmente el mayor productor en el pa\u00eds.<\/p>\n<p>\u201cEl Estado de M\u00e9xico es el principal productor de \u00e1rboles de Navidad de todo el pa\u00eds. En esta temporada estamos esperando tener cerca de 600 mil \u00e1rboles de Navidad listos, para que vengan\u00a0 familias de toda esta regi\u00f3n del Valle de M\u00e9xico, aqu\u00ed al Estado de M\u00e9xico, por su \u00e1rbol de Navidad.<\/p>\n<p>\u201cY tenemos adem\u00e1s cerca de 630 plantaciones comerciales, los invitamos adem\u00e1s a que a trav\u00e9s de la p\u00e1gina de Probosque puedan conocer la ubicaci\u00f3n de estas plantaciones comerciales y vengan por su \u00e1rbol de Navidad para que pueda darles ese calor, ese ambiente, ese gran \u00e1nimo familiar durante esta temporada navide\u00f1a\u201d, puntualiz\u00f3.<\/p>\n<p>En el Parque Ecotur\u00edstico Bosque Esmeralda, en las faldas del volc\u00e1n Iztacc\u00edhuatl, Del Mazo Maza explic\u00f3 que los \u00e1rboles que se ofertan en esta regi\u00f3n tienen un cuidado adecuado, una edad \u00f3ptima para ser utilizados en la temporada decembrina, adem\u00e1s que por cada uno que se corta se siembra otro, permitiendo que las familias dedicadas a esta actividad puedan percibir recursos de forma sustentable y a largo plazo.<\/p>\n<p>Asimismo, destac\u00f3 que este a\u00f1o la administraci\u00f3n mexiquense logr\u00f3 una cifra hist\u00f3rica en la campa\u00f1a de reforestaci\u00f3n, pues se plantaron cerca de 16 millones de \u00e1rboles, en una extensi\u00f3n de m\u00e1s de 16 mil 500 hect\u00e1reas, lo que respeta el compromiso del Estado de M\u00e9xico para conservar y aumentar la masa forestal con la que cuenta.<\/p>\n<p>\u201cEste a\u00f1o nos pusimos como meta el poder reforestar cerca de 14 mil hect\u00e1reas en el estado, con alrededor de 14 y medio millones de \u00e1rboles para poder reforestar en este a\u00f1o y quiero compartirles que hemos logrado superar esa meta y vamos a cerrar este a\u00f1o con la reforestaci\u00f3n de m\u00e1s de 16 mil 500 hect\u00e1reas, con cerca de 16 millones de \u00e1rboles plantados. Ese es un gran esfuerzo que hace el Estado de M\u00e9xico para seguir creciendo y conservando nuestros bosques\u201d, afirm\u00f3.<\/p>\n<p>Del Mazo, junto con el secretario de Medio Ambiente, Jorge Rescala P\u00e9rez y el Alcalde de Amecameca, \u00c1lvaro Avelar L\u00f3pez, entreg\u00f3 apoyos\u00a0 a productores forestales, beneficiarios de los programas Pago por Servicios Ambientales Hidrol\u00f3gicos y Procarbono, y se\u00f1al\u00f3 que en su gesti\u00f3n se han entregado est\u00edmulos\u00a0 por un total de 142 millones de pesos.<\/p>\n<p>\u201c\u00c9ste es un apoyo de mil 500 pesos por hect\u00e1rea, que se entrega para poder precisamente, cuidar a nuestros bosques y que a lo largo de esta administraci\u00f3n, entre el programa de pago por Servicios Ambientales Hidrol\u00f3gicos y el pago del programa Procarbono, hemos entregado m\u00e1s de 142 millones de pesos para el cuidado de nuestros bosques, a lo largo de esta administraci\u00f3n\u201d.<\/p>\n<p>Tambi\u00e9n reconoci\u00f3 el trabajo de los combatientes de incendios forestales, al igual que la labor de las fuerzas armadas, por contribuir al cuidado de los bosques de la entidad.<\/p>\n","protected":false},"excerpt":{"rendered":"<p>El gobernador Alfredo Del Mazo Maza puso en marcha la Campa\u00f1a de Comercializaci\u00f3n de \u00c1rboles de Navidad 2018, e inform\u00f3 que con una producci\u00f3n de 600 mil \u00e1rboles de este tipo, durante este a\u00f1o,  el Estado de M\u00e9xico  es  actualmente el mayor productor en el pa\u00eds.<\/p>\n","protected":false},"author":5,"featured_media":404679,"comment_status":"open","ping_status":"open","sticky":false,"template":"","format":"standard","meta":{"_monsterinsights_skip_tracking":false,"_monsterinsights_sitenote_active":false,"_monsterinsights_sitenote_note":"","_monsterinsights_sitenote_category":0,"footnotes":""},"categories":[5],"tags":[2505,5055,80463,43675],"class_list":["post-404678","post","type-post","status-publish","format-standard","has-post-thumbnail","hentry","category-estado-de-mexico","tag-alfredo-del-mazo-maza","tag-amecameca","tag-arbolitos-de-navidad-2018","tag-estado-de-mexico"],"_links":{"self":[{"href":"https:\/\/www.diarioimagen.net\/index.php?rest_route=\/wp\/v2\/posts\/404678","targetHints":{"allow":["GET"]}}],"collection":[{"href":"https:\/\/www.diarioimagen.net\/index.php?rest_route=\/wp\/v2\/posts"}],"about":[{"href":"https:\/\/www.diarioimagen.net\/index.php?rest_route=\/wp\/v2\/types\/post"}],"author":[{"embeddable":true,"href":"https:\/\/www.diarioimagen.net\/index.php?rest_route=\/wp\/v2\/users\/5"}],"replies":[{"embeddable":true,"href":"https:\/\/www.diarioimagen.net\/index.php?rest_route=%2Fwp%2Fv2%2Fcomments&post=404678"}],"version-history":[{"count":0,"href":"https:\/\/www.diarioimagen.net\/index.php?rest_route=\/wp\/v2\/posts\/404678\/revisions"}],"wp:featuredmedia":[{"embeddable":true,"href":"https:\/\/www.diarioimagen.net\/index.php?rest_route=\/wp\/v2\/media\/404679"}],"wp:attachment":[{"href":"https:\/\/www.diarioimagen.net\/index.php?rest_route=%2Fwp%2Fv2%2Fmedia&parent=404678"}],"wp:term":[{"taxonomy":"category","embeddable":true,"href":"https:\/\/www.diarioimagen.net\/index.php?rest_route=%2Fwp%2Fv2%2Fcategories&post=404678"},{"taxonomy":"post_tag","embeddable":true,"href":"https:\/\/www.diarioimagen.net\/index.php?rest_route=%2Fwp%2Fv2%2Ftags&post=404678"}],"curies":[{"name":"wp","href":"https:\/\/api.w.org\/{rel}","templated":true}]}}