{"id":404722,"date":"2018-11-26T00:10:24","date_gmt":"2018-11-26T06:10:24","guid":{"rendered":"https:\/\/www.diarioimagen.net\/?p=404722"},"modified":"2018-11-26T04:42:18","modified_gmt":"2018-11-26T10:42:18","slug":"fortalecen-reglamento-de-operacion-en-la-contraloria","status":"publish","type":"post","link":"https:\/\/www.diarioimagen.net\/?p=404722","title":{"rendered":"Fortalecen reglamento de operaci\u00f3n en la Contralor\u00eda"},"content":{"rendered":"<h2>Arco Norte<\/h2>\n<h5>Jos\u00e9 Luis Monta\u00f1ez Aguilar<\/h5>\n<p>&nbsp;<\/p>\n<p><a href=\"https:\/\/www.diarioimagen.net\/?attachment_id=404783\" rel=\"attachment wp-att-404783\"><img loading=\"lazy\" decoding=\"async\" class=\"aligncenter size-large wp-image-404783\" src=\"https:\/\/www.diarioimagen.net\/wp-content\/uploads\/2018\/11\/arco-3506-460x259.jpg\" alt=\"\" width=\"460\" height=\"259\" srcset=\"https:\/\/www.diarioimagen.net\/wp-content\/uploads\/2018\/11\/arco-3506-460x259.jpg 460w, https:\/\/www.diarioimagen.net\/wp-content\/uploads\/2018\/11\/arco-3506-240x135.jpg 240w, https:\/\/www.diarioimagen.net\/wp-content\/uploads\/2018\/11\/arco-3506-235x132.jpg 235w, https:\/\/www.diarioimagen.net\/wp-content\/uploads\/2018\/11\/arco-3506-202x114.jpg 202w, https:\/\/www.diarioimagen.net\/wp-content\/uploads\/2018\/11\/arco-3506-350x196.jpg 350w, https:\/\/www.diarioimagen.net\/wp-content\/uploads\/2018\/11\/arco-3506-220x123.jpg 220w, https:\/\/www.diarioimagen.net\/wp-content\/uploads\/2018\/11\/arco-3506-237x132.jpg 237w, https:\/\/www.diarioimagen.net\/wp-content\/uploads\/2018\/11\/arco-3506.jpg 480w\" sizes=\"auto, (max-width: 460px) 100vw, 460px\" \/><\/a><\/p>\n<p>&nbsp;<\/p>\n<p>Con el prop\u00f3sito de fortalecer su funcionamiento, acorde con los objetivos del Sistema Anticorrupci\u00f3n del Estado de M\u00e9xico y Municipios (SAEMM), el gobernador Alfredo Del Mazo Maza expidi\u00f3 un nuevo Reglamento Interior para la Secretar\u00eda de la Contralor\u00eda, publicado en el Peri\u00f3dico Oficial \u201cGaceta del Gobierno\u201d, el jueves 22 de noviembre.<\/p>\n<p>Con ello, se da cumplimiento a lo previsto en el Plan de Desarrollo del Estado de M\u00e9xico 2017-2023, que en su Eje Transversal 2, relativo a un Gobierno Capaz y Responsable, establece la implementaci\u00f3n del SAEMM, as\u00ed como otras pol\u00edticas p\u00fablicas orientadas a garantizar la tolerancia cero contra los actos de corrupci\u00f3n y contrarios a la legalidad y la adecuaci\u00f3n de las estructuras administrativas, conforme a los requerimientos del propio sistema de anticorrupci\u00f3n estatal.<\/p>\n<p>Del contenido del mencionado ordenamiento destacan modificaciones como que la Unidad de Planeaci\u00f3n y Evaluaci\u00f3n Institucional se reestructura para ser ahora Unidad de Planeaci\u00f3n, Apoyo Jur\u00eddico e Igualdad de G\u00e9nero, a fin de instrumentar las acciones necesarias para dar cumplimiento con lo establecido en la Ley de Acceso de las Mujeres a una Vida Libre de Violencia, y en la de Igualdad de Trato y Oportunidades entre Mujeres y Hombres, ambas del Estado de M\u00e9xico, y dem\u00e1s disposiciones relativas, conservando sus actuales atribuciones.<\/p>\n<p>En el caso de la Unidad de Normatividad y Apoyo Jur\u00eddico, se transforma en la Unidad de Pol\u00edticas en Contrataciones P\u00fablicas, para coadyuvar en la transparencia de los procedimientos de contrataci\u00f3n p\u00fablica, as\u00ed como supervisar la participaci\u00f3n de los Testigos Sociales, en los procedimientos de contrataciones p\u00fablicas que se realicen con cargo total o parcial a recursos estatales, principalmente.<\/p>\n<p>Mientras que la Unidad de Evaluaci\u00f3n de la Satisfacci\u00f3n Social en Tr\u00e1mites y Servicios Gubernamentales y de Transparencia, pasa a denominarse Unidad de Prevenci\u00f3n de la Corrupci\u00f3n, adquiriendo entre otras atribuciones, las correspondientes a la coordinaci\u00f3n entre la Secretar\u00eda de la Contralor\u00eda y los Sistemas Nacional y Estatal en materia de Anticorrupci\u00f3n y de Fiscalizaci\u00f3n.<\/p>\n<p><em><a href=\"mailto:montanezaguilar@gmail.com\" target=\"_blank\" rel=\"noopener\">montanezaguilar@gmail.com<\/a><\/em><\/p>\n","protected":false},"excerpt":{"rendered":"<p><span style=\"color: #005497;\">Jos\u00e9 Luis Monta\u00f1ez Aguilar<\/span><br \/>\n<br \/>\nCon el prop\u00f3sito de fortalecer su funcionamiento, acorde con los objetivos del Sistema Anticorrupci\u00f3n del Estado de M\u00e9xico y Municipios (SAEMM), el gobernador Alfredo Del Mazo Maza expidi\u00f3 un nuevo Reglamento Interior para la Secretar\u00eda de la Contralor\u00eda, publicado en el Peri\u00f3dico Oficial \u201cGaceta del Gobierno\u201d, el jueves 22 de noviembre.<\/p>\n","protected":false},"author":3,"featured_media":404783,"comment_status":"open","ping_status":"open","sticky":false,"template":"","format":"standard","meta":{"_monsterinsights_skip_tracking":false,"_monsterinsights_sitenote_active":false,"_monsterinsights_sitenote_note":"","_monsterinsights_sitenote_category":0,"footnotes":""},"categories":[5],"tags":[13284,43704,43674],"class_list":["post-404722","post","type-post","status-publish","format-standard","has-post-thumbnail","hentry","category-estado-de-mexico","tag-arco-norte","tag-jose-luis-montanez-aguilar","tag-opinion"],"_links":{"self":[{"href":"https:\/\/www.diarioimagen.net\/index.php?rest_route=\/wp\/v2\/posts\/404722","targetHints":{"allow":["GET"]}}],"collection":[{"href":"https:\/\/www.diarioimagen.net\/index.php?rest_route=\/wp\/v2\/posts"}],"about":[{"href":"https:\/\/www.diarioimagen.net\/index.php?rest_route=\/wp\/v2\/types\/post"}],"author":[{"embeddable":true,"href":"https:\/\/www.diarioimagen.net\/index.php?rest_route=\/wp\/v2\/users\/3"}],"replies":[{"embeddable":true,"href":"https:\/\/www.diarioimagen.net\/index.php?rest_route=%2Fwp%2Fv2%2Fcomments&post=404722"}],"version-history":[{"count":0,"href":"https:\/\/www.diarioimagen.net\/index.php?rest_route=\/wp\/v2\/posts\/404722\/revisions"}],"wp:featuredmedia":[{"embeddable":true,"href":"https:\/\/www.diarioimagen.net\/index.php?rest_route=\/wp\/v2\/media\/404783"}],"wp:attachment":[{"href":"https:\/\/www.diarioimagen.net\/index.php?rest_route=%2Fwp%2Fv2%2Fmedia&parent=404722"}],"wp:term":[{"taxonomy":"category","embeddable":true,"href":"https:\/\/www.diarioimagen.net\/index.php?rest_route=%2Fwp%2Fv2%2Fcategories&post=404722"},{"taxonomy":"post_tag","embeddable":true,"href":"https:\/\/www.diarioimagen.net\/index.php?rest_route=%2Fwp%2Fv2%2Ftags&post=404722"}],"curies":[{"name":"wp","href":"https:\/\/api.w.org\/{rel}","templated":true}]}}