{"id":404737,"date":"2018-11-26T00:09:30","date_gmt":"2018-11-26T06:09:30","guid":{"rendered":"https:\/\/www.diarioimagen.net\/?p=404737"},"modified":"2018-11-26T04:49:16","modified_gmt":"2018-11-26T10:49:16","slug":"total-respaldo-a-alfredo-barrera-para-defender-autonomia-de-uaem","status":"publish","type":"post","link":"https:\/\/www.diarioimagen.net\/?p=404737","title":{"rendered":"Total respaldo a Alfredo Barrera para defender autonom\u00eda de UAEM"},"content":{"rendered":"<ul>\n<li><em><strong>Del Consejo Universitario<\/strong><\/em><\/li>\n<\/ul>\n<p>&nbsp;<\/p>\n<div id=\"attachment_404790\" style=\"width: 470px\" class=\"wp-caption aligncenter\"><a href=\"https:\/\/www.diarioimagen.net\/?attachment_id=404790\" rel=\"attachment wp-att-404790\"><img loading=\"lazy\" decoding=\"async\" aria-describedby=\"caption-attachment-404790\" class=\"size-large wp-image-404790\" src=\"https:\/\/www.diarioimagen.net\/wp-content\/uploads\/2018\/11\/UAEM-3506-460x259.jpg\" alt=\"\" width=\"460\" height=\"259\" srcset=\"https:\/\/www.diarioimagen.net\/wp-content\/uploads\/2018\/11\/UAEM-3506-460x259.jpg 460w, https:\/\/www.diarioimagen.net\/wp-content\/uploads\/2018\/11\/UAEM-3506-240x135.jpg 240w, https:\/\/www.diarioimagen.net\/wp-content\/uploads\/2018\/11\/UAEM-3506-235x132.jpg 235w, https:\/\/www.diarioimagen.net\/wp-content\/uploads\/2018\/11\/UAEM-3506-202x114.jpg 202w, https:\/\/www.diarioimagen.net\/wp-content\/uploads\/2018\/11\/UAEM-3506-350x196.jpg 350w, https:\/\/www.diarioimagen.net\/wp-content\/uploads\/2018\/11\/UAEM-3506-220x123.jpg 220w, https:\/\/www.diarioimagen.net\/wp-content\/uploads\/2018\/11\/UAEM-3506-237x132.jpg 237w, https:\/\/www.diarioimagen.net\/wp-content\/uploads\/2018\/11\/UAEM-3506.jpg 480w\" sizes=\"auto, (max-width: 460px) 100vw, 460px\" \/><\/a><p id=\"caption-attachment-404790\" class=\"wp-caption-text\">El rector Alfredo\u00a0 Barrera Baca reiter\u00f3 que los universitarios est\u00e1n dispuestos a colaborar y trabajar de forma coordinada, a iniciar una interlocuci\u00f3n bajo el principio de respeto pleno a la autonom\u00eda universitaria.<\/p><\/div>\n<p>&nbsp;<\/p>\n<p><strong>Toluca, Estado de M\u00e9xico<\/strong>.- El pleno del H. Consejo Universitario de la Universidad Aut\u00f3noma del Estado de M\u00e9xico expres\u00f3 su total respaldo al rector Alfredo Barrera Baca para defender la autonom\u00eda de esta casa de estudios y propiciar un di\u00e1logo basado en el respeto con integrantes de la LX Legislatura del Estado de M\u00e9xico.<\/p>\n<p>Durante la sesi\u00f3n ordinaria correspondiente al mes de noviembre del m\u00e1ximo \u00f3rgano colegiado de la instituci\u00f3n, el rector Alfredo Barrera Baca anunci\u00f3 que pr\u00f3ximamente se reunir\u00e1 con la Junta de Coordinaci\u00f3n Pol\u00edtica de la Legislatura mexiquense y reiter\u00f3 que los universitarios est\u00e1n dispuestos a colaborar y trabajar de forma coordinada, a iniciar una interlocuci\u00f3n bajo el principio de respeto pleno a la autonom\u00eda universitaria.<\/p>\n<p>Al respecto, el consejero alumno de la Facultad de Contadur\u00eda y Administraci\u00f3n de la UAEM, Mariano Jos\u00e9 de Le\u00f3n Sanabria, resalt\u00f3 que \u201ces momento de que los universitarios mostremos uni\u00f3n y defendamos la autonom\u00eda de nuestra Alma Mater\u201d. Asimismo, el estudiante de la Facultad de Derecho, Eliot Fernando Cruz D\u00edaz, se\u00f1al\u00f3 la importancia de salvaguardar el prestigio de la instituci\u00f3n y celebr\u00f3 que se inicie un di\u00e1logo, cualidad que caracteriza a los universitarios.<\/p>\n<p>En tanto, la alumna de la Facultad de Ciencias Pol\u00edticas y Sociales, Montserrat Garc\u00eda Morales, subray\u00f3 la importancia de que los universitarios respalden a su casa de estudios. \u201cTrabajar por ella es la mejor forma de protegerla\u201d.<\/p>\n<p>El consejero profesor de la Facultad de Derecho, Sergio Ruiz Pe\u00f1a, consider\u00f3 que el rector Barrera Baca respondi\u00f3 adecuadamente a los se\u00f1alamientos realizados por la legislatura mexiquense.<\/p>\n<p>El director del Plantel \u201cSor Juna In\u00e9s de la Cruz\u201d de la Escuela Preparatoria de la UAEM, Cristian Gonz\u00e1lez Flores, reconoci\u00f3 a la administraci\u00f3n 2017-2021 por las acciones que en materia laboral implementa en beneficio de los trabajadores administrativos de la instituci\u00f3n. \u201cEs un claro testimonio del apoyo de la instituci\u00f3n a su comunidad\u201d.<\/p>\n<p>Por otra parte, el H. Consejo Universitario aprob\u00f3 la creaci\u00f3n de la Maestr\u00eda en Contralor\u00eda Gubernamental, que formar\u00e1 a profesionales capaces de modernizar la gesti\u00f3n de dependencias y organismos p\u00fabicos mediante acciones preventivas de control, vigilancia, fiscalizaci\u00f3n y evaluaci\u00f3n de los ingresos, gastos, recursos y obligaciones, bajo consideraciones \u00e9ticas y que den respuesta a la ciudadan\u00eda.<\/p>\n<p>Los directores de las Facultades de Contadur\u00eda y Administraci\u00f3n y Derecho de la UAEM, Marcos Rafael Garc\u00eda P\u00e9rez e Inocenta Pe\u00f1a Ortiz, coincidieron que este programa de estudios avanzados responde a las necesidades de la sociedad en cuanto a brindar mayor transparencia y certeza a las auditor\u00edas.<\/p>\n","protected":false},"excerpt":{"rendered":"<p>El pleno del H. Consejo Universitario de la Universidad Aut\u00f3noma del Estado de M\u00e9xico expres\u00f3 su total respaldo al rector Alfredo Barrera Baca para defender la autonom\u00eda de esta casa de estudios y propiciar un di\u00e1logo basado en el respeto con integrantes de la LX Legislatura del Estado de M\u00e9xico.<\/p>\n","protected":false},"author":3,"featured_media":404790,"comment_status":"open","ping_status":"open","sticky":false,"template":"","format":"standard","meta":{"_monsterinsights_skip_tracking":false,"_monsterinsights_sitenote_active":false,"_monsterinsights_sitenote_note":"","_monsterinsights_sitenote_category":0,"footnotes":""},"categories":[35155],"tags":[58572,43675,452,1491],"class_list":["post-404737","post","type-post","status-publish","format-standard","has-post-thumbnail","hentry","category-estado-de-mexico-estado-de-mexico","tag-alfredo-barrera-baca","tag-estado-de-mexico","tag-toluca","tag-uaem"],"_links":{"self":[{"href":"https:\/\/www.diarioimagen.net\/index.php?rest_route=\/wp\/v2\/posts\/404737","targetHints":{"allow":["GET"]}}],"collection":[{"href":"https:\/\/www.diarioimagen.net\/index.php?rest_route=\/wp\/v2\/posts"}],"about":[{"href":"https:\/\/www.diarioimagen.net\/index.php?rest_route=\/wp\/v2\/types\/post"}],"author":[{"embeddable":true,"href":"https:\/\/www.diarioimagen.net\/index.php?rest_route=\/wp\/v2\/users\/3"}],"replies":[{"embeddable":true,"href":"https:\/\/www.diarioimagen.net\/index.php?rest_route=%2Fwp%2Fv2%2Fcomments&post=404737"}],"version-history":[{"count":0,"href":"https:\/\/www.diarioimagen.net\/index.php?rest_route=\/wp\/v2\/posts\/404737\/revisions"}],"wp:featuredmedia":[{"embeddable":true,"href":"https:\/\/www.diarioimagen.net\/index.php?rest_route=\/wp\/v2\/media\/404790"}],"wp:attachment":[{"href":"https:\/\/www.diarioimagen.net\/index.php?rest_route=%2Fwp%2Fv2%2Fmedia&parent=404737"}],"wp:term":[{"taxonomy":"category","embeddable":true,"href":"https:\/\/www.diarioimagen.net\/index.php?rest_route=%2Fwp%2Fv2%2Fcategories&post=404737"},{"taxonomy":"post_tag","embeddable":true,"href":"https:\/\/www.diarioimagen.net\/index.php?rest_route=%2Fwp%2Fv2%2Ftags&post=404737"}],"curies":[{"name":"wp","href":"https:\/\/api.w.org\/{rel}","templated":true}]}}