{"id":404748,"date":"2018-11-26T00:08:25","date_gmt":"2018-11-26T06:08:25","guid":{"rendered":"https:\/\/www.diarioimagen.net\/?p=404748"},"modified":"2018-11-26T04:58:16","modified_gmt":"2018-11-26T10:58:16","slug":"convenio-entre-el-tec-de-monterrey-campus-edomex-y-gobierno-de-huixquilucan","status":"publish","type":"post","link":"https:\/\/www.diarioimagen.net\/?p=404748","title":{"rendered":"Convenio entre el Tec de Monterrey campus Edomex y gobierno de Huixquilucan"},"content":{"rendered":"<ul>\n<li><strong><em>Arranca investigaci\u00f3n acad\u00e9mica, educativa y cultural<\/em><\/strong><\/li>\n<\/ul>\n<p>&nbsp;<\/p>\n<div id=\"attachment_404801\" style=\"width: 470px\" class=\"wp-caption aligncenter\"><a href=\"https:\/\/www.diarioimagen.net\/?attachment_id=404801\" rel=\"attachment wp-att-404801\"><img loading=\"lazy\" decoding=\"async\" aria-describedby=\"caption-attachment-404801\" class=\"size-large wp-image-404801\" src=\"https:\/\/www.diarioimagen.net\/wp-content\/uploads\/2018\/11\/HUIXQUILUCAN-3506-460x259.jpg\" alt=\"\" width=\"460\" height=\"259\" srcset=\"https:\/\/www.diarioimagen.net\/wp-content\/uploads\/2018\/11\/HUIXQUILUCAN-3506-460x259.jpg 460w, https:\/\/www.diarioimagen.net\/wp-content\/uploads\/2018\/11\/HUIXQUILUCAN-3506-240x135.jpg 240w, https:\/\/www.diarioimagen.net\/wp-content\/uploads\/2018\/11\/HUIXQUILUCAN-3506-235x132.jpg 235w, https:\/\/www.diarioimagen.net\/wp-content\/uploads\/2018\/11\/HUIXQUILUCAN-3506-202x114.jpg 202w, https:\/\/www.diarioimagen.net\/wp-content\/uploads\/2018\/11\/HUIXQUILUCAN-3506-350x196.jpg 350w, https:\/\/www.diarioimagen.net\/wp-content\/uploads\/2018\/11\/HUIXQUILUCAN-3506-220x123.jpg 220w, https:\/\/www.diarioimagen.net\/wp-content\/uploads\/2018\/11\/HUIXQUILUCAN-3506-237x132.jpg 237w, https:\/\/www.diarioimagen.net\/wp-content\/uploads\/2018\/11\/HUIXQUILUCAN-3506.jpg 480w\" sizes=\"auto, (max-width: 460px) 100vw, 460px\" \/><\/a><p id=\"caption-attachment-404801\" class=\"wp-caption-text\">Enrique Vargas del Villar firm\u00f3 un convenio de colaboraci\u00f3n acad\u00e9mica con el Instituto Tecnol\u00f3gico de Estudios Superiores de Monterrey campus Estado de M\u00e9xico.<\/p><\/div>\n<p>&nbsp;<\/p>\n<p><strong>Huixquilucan, Estado de M\u00e9xico<\/strong>.- El presidente municipal de Huixquilucan, Enrique Vargas del Villar, firm\u00f3 un convenio de colaboraci\u00f3n acad\u00e9mica con el Instituto Tecnol\u00f3gico de Estudios Superiores de Monterrey campus Estado de M\u00e9xico (ITESM), a efecto de llevar a cabo proyectos en los que la instituci\u00f3n aporte sus conocimientos en materia educativa, cultural y de investigaci\u00f3n.<\/p>\n<p>Acompa\u00f1ado por el director del programa de arquitectura, Jos\u00e9 Cruz, y la directora de la escuela de arquitectura, arte y dise\u00f1o del ITESM, Marisol Ugalde, el alcalde resalt\u00f3 que este tipo de acuerdos son enriquecedores para el gobierno municipal por la experiencia y conocimiento en materia de investigaci\u00f3n que tiene esta instituci\u00f3n educativa.<\/p>\n<p>Record\u00f3 que en los primeros tres a\u00f1os de gobierno, en Huixquilucan, se han invertido m\u00e1s de mil 200 millones de pesos en obra p\u00fablica y destac\u00f3 la construcci\u00f3n del complejo Rosa M\u00edstica del DIF; al tiempo que agradeci\u00f3 a las autoridades del Tecnol\u00f3gico de Monterrey tener la disposici\u00f3n de colaborar con proyectos que se puedan desarrollar en la localidad.<\/p>\n<p>Una de las primeras acciones que se llevar\u00e1 a cabo con este convenio, es el proyecto de la academia de polic\u00eda, por lo que Vargas del Villar, ofreci\u00f3 el apoyo necesario a los arquitectos del ITESM para que realicen el mejor dise\u00f1o.<\/p>\n<p>La directora de la escuela de arquitectura, arte y dise\u00f1o del Tecnol\u00f3gico de Estudios Superiores, campus estado de M\u00e9xico, Marisol Ugalde, destac\u00f3 que este convenio de colaboraci\u00f3n acad\u00e9mica, es de gran valor para los alumnos ya que los estudiantes desarrollaran los conocimientos adquiridos, en proyectos que pueden ser aplicados en el municipio.<\/p>\n","protected":false},"excerpt":{"rendered":"<p>El presidente municipal de Huixquilucan, Enrique Vargas del Villar, firm\u00f3 un convenio de colaboraci\u00f3n acad\u00e9mica con el Instituto Tecnol\u00f3gico de Estudios Superiores de Monterrey campus estado de M\u00e9xico (ITESM), a efecto de llevar a cabo proyectos en los que la instituci\u00f3n aporte sus conocimientos en materia educativa, cultural y de investigaci\u00f3n.<\/p>\n","protected":false},"author":3,"featured_media":404801,"comment_status":"open","ping_status":"open","sticky":false,"template":"","format":"standard","meta":{"_monsterinsights_skip_tracking":false,"_monsterinsights_sitenote_active":false,"_monsterinsights_sitenote_note":"","_monsterinsights_sitenote_category":0,"footnotes":""},"categories":[35155],"tags":[43675,1097,10074],"class_list":["post-404748","post","type-post","status-publish","format-standard","has-post-thumbnail","hentry","category-estado-de-mexico-estado-de-mexico","tag-estado-de-mexico","tag-huixquilucan","tag-itesm"],"_links":{"self":[{"href":"https:\/\/www.diarioimagen.net\/index.php?rest_route=\/wp\/v2\/posts\/404748","targetHints":{"allow":["GET"]}}],"collection":[{"href":"https:\/\/www.diarioimagen.net\/index.php?rest_route=\/wp\/v2\/posts"}],"about":[{"href":"https:\/\/www.diarioimagen.net\/index.php?rest_route=\/wp\/v2\/types\/post"}],"author":[{"embeddable":true,"href":"https:\/\/www.diarioimagen.net\/index.php?rest_route=\/wp\/v2\/users\/3"}],"replies":[{"embeddable":true,"href":"https:\/\/www.diarioimagen.net\/index.php?rest_route=%2Fwp%2Fv2%2Fcomments&post=404748"}],"version-history":[{"count":0,"href":"https:\/\/www.diarioimagen.net\/index.php?rest_route=\/wp\/v2\/posts\/404748\/revisions"}],"wp:featuredmedia":[{"embeddable":true,"href":"https:\/\/www.diarioimagen.net\/index.php?rest_route=\/wp\/v2\/media\/404801"}],"wp:attachment":[{"href":"https:\/\/www.diarioimagen.net\/index.php?rest_route=%2Fwp%2Fv2%2Fmedia&parent=404748"}],"wp:term":[{"taxonomy":"category","embeddable":true,"href":"https:\/\/www.diarioimagen.net\/index.php?rest_route=%2Fwp%2Fv2%2Fcategories&post=404748"},{"taxonomy":"post_tag","embeddable":true,"href":"https:\/\/www.diarioimagen.net\/index.php?rest_route=%2Fwp%2Fv2%2Ftags&post=404748"}],"curies":[{"name":"wp","href":"https:\/\/api.w.org\/{rel}","templated":true}]}}