{"id":404750,"date":"2018-11-26T00:07:39","date_gmt":"2018-11-26T06:07:39","guid":{"rendered":"https:\/\/www.diarioimagen.net\/?p=404750"},"modified":"2018-11-26T05:02:13","modified_gmt":"2018-11-26T11:02:13","slug":"evaluaciones-externas-avalan-gestion-de-david-lopez-cardenas","status":"publish","type":"post","link":"https:\/\/www.diarioimagen.net\/?p=404750","title":{"rendered":"Evaluaciones externas avalan gesti\u00f3n de David L\u00f3pez C\u00e1rdenas"},"content":{"rendered":"<ul>\n<li><strong><em>Transparencia en aplicaci\u00f3n de pol\u00edticas p\u00fablicas<\/em><\/strong><\/li>\n<\/ul>\n<p>&nbsp;<\/p>\n<div id=\"attachment_404806\" style=\"width: 470px\" class=\"wp-caption aligncenter\"><a href=\"https:\/\/www.diarioimagen.net\/?attachment_id=404806\" rel=\"attachment wp-att-404806\"><img loading=\"lazy\" decoding=\"async\" aria-describedby=\"caption-attachment-404806\" class=\"size-large wp-image-404806\" src=\"https:\/\/www.diarioimagen.net\/wp-content\/uploads\/2018\/11\/METEPEC-3506-460x259.jpg\" alt=\"\" width=\"460\" height=\"259\" srcset=\"https:\/\/www.diarioimagen.net\/wp-content\/uploads\/2018\/11\/METEPEC-3506-460x259.jpg 460w, https:\/\/www.diarioimagen.net\/wp-content\/uploads\/2018\/11\/METEPEC-3506-240x135.jpg 240w, https:\/\/www.diarioimagen.net\/wp-content\/uploads\/2018\/11\/METEPEC-3506-235x132.jpg 235w, https:\/\/www.diarioimagen.net\/wp-content\/uploads\/2018\/11\/METEPEC-3506-202x114.jpg 202w, https:\/\/www.diarioimagen.net\/wp-content\/uploads\/2018\/11\/METEPEC-3506-350x196.jpg 350w, https:\/\/www.diarioimagen.net\/wp-content\/uploads\/2018\/11\/METEPEC-3506-220x123.jpg 220w, https:\/\/www.diarioimagen.net\/wp-content\/uploads\/2018\/11\/METEPEC-3506-237x132.jpg 237w, https:\/\/www.diarioimagen.net\/wp-content\/uploads\/2018\/11\/METEPEC-3506.jpg 480w\" sizes=\"auto, (max-width: 460px) 100vw, 460px\" \/><\/a><p id=\"caption-attachment-404806\" class=\"wp-caption-text\">El gobierno de David L\u00f3pez C\u00e1rdenas ha sido evaluado por organismos y dependencias externos.<\/p><\/div>\n<p>&nbsp;<\/p>\n<p><strong>Metepec, Estado de M\u00e9xico<\/strong>.- La administraci\u00f3n del presidente municipal, David L\u00f3pez C\u00e1rdenas, ha sido evaluada por organismos y dependencias externos, obteniendo 62 resultados positivos en diferentes categor\u00edas, reflejando la eficacia y transparencia con la que se aplican las pol\u00edticas p\u00fablicas en beneficio de la ciudadan\u00eda.<\/p>\n<p>Las \u00e1reas en las que ha sido evaluado el gobierno de Metepec en los \u00faltimos tres a\u00f1os han sido: Cultura, Transparencia, Igualdad de G\u00e9nero, Inclusi\u00f3n Laboral y No Discriminaci\u00f3n; Sustentabilidad, Ni\u00f1ez y Juventud, as\u00ed como Gesti\u00f3n P\u00fablica; obteniendo primeros lugares adem\u00e1s de menciones honor\u00edficas, distintivos y certificaciones.<\/p>\n<p>Entre los reconocimientos que se han obtenido destacan: el Primer Lugar en el \u00cdndice de Informaci\u00f3n Presupuestal por dos a\u00f1os consecutivos (2016 y 2018), que entreg\u00f3 el Instituto Mexicano para la Competitividad (IMCO); la M\u00e1xima Calificaci\u00f3n del Plan de Desarrollo Municipal 2016-2018, que se obtuvo mediante una evaluaci\u00f3n que aplic\u00f3 el \u00d3rgano Superior de Fiscalizaci\u00f3n y la Secretar\u00eda de Finanzas del Estado de M\u00e9xico al gobierno local; la certificaci\u00f3n de los procesos que ejerce la polic\u00eda municipal, despu\u00e9s de una destallada auditoria que llevo a cabo \u00a0la Comisi\u00f3n de Acreditaci\u00f3n para Agencias de Aplicaci\u00f3n de la Ley (CALEA por sus siglas en ingl\u00e9s); adem\u00e1s del Primer Lugar al Esfuerzo Hacendario Municipal Jos\u00e9 Mar\u00eda Morelos y Pav\u00f3n 2017; entre otros.<\/p>\n<p>Tambi\u00e9n, la Asociaci\u00f3n Espa\u00f1ola de Normalizaci\u00f3n (AENOR) certific\u00f3 diversos servicios y procesos bajo la norma UNE 93200, por lo que Metepec obtuvo 22 Cartas de Servicio de la Administraci\u00f3n Municipal.<\/p>\n<p>Con ello, el gobierno que encabeza el alcalde, David L\u00f3pez, refrenda su compromiso con los metepequenses para trabajar hasta el \u00faltimo d\u00eda del trienio, a fin de generar mejores condiciones para el desarrollo econ\u00f3mico y social de la demarcaci\u00f3n.<\/p>\n","protected":false},"excerpt":{"rendered":"<p>La administraci\u00f3n del presidente municipal, David L\u00f3pez C\u00e1rdenas, ha sido evaluada por organismos y dependencias externos, obteniendo 62 resultados positivos en diferentes categor\u00edas, reflejando la eficacia y transparencia con la que se aplican las pol\u00edticas p\u00fablicas en beneficio de la ciudadan\u00eda.<\/p>\n","protected":false},"author":3,"featured_media":404806,"comment_status":"open","ping_status":"open","sticky":false,"template":"","format":"standard","meta":{"_monsterinsights_skip_tracking":false,"_monsterinsights_sitenote_active":false,"_monsterinsights_sitenote_note":"","_monsterinsights_sitenote_category":0,"footnotes":""},"categories":[35155],"tags":[14250,43675,876],"class_list":["post-404750","post","type-post","status-publish","format-standard","has-post-thumbnail","hentry","category-estado-de-mexico-estado-de-mexico","tag-david-lopez-cardenas","tag-estado-de-mexico","tag-metepec"],"_links":{"self":[{"href":"https:\/\/www.diarioimagen.net\/index.php?rest_route=\/wp\/v2\/posts\/404750","targetHints":{"allow":["GET"]}}],"collection":[{"href":"https:\/\/www.diarioimagen.net\/index.php?rest_route=\/wp\/v2\/posts"}],"about":[{"href":"https:\/\/www.diarioimagen.net\/index.php?rest_route=\/wp\/v2\/types\/post"}],"author":[{"embeddable":true,"href":"https:\/\/www.diarioimagen.net\/index.php?rest_route=\/wp\/v2\/users\/3"}],"replies":[{"embeddable":true,"href":"https:\/\/www.diarioimagen.net\/index.php?rest_route=%2Fwp%2Fv2%2Fcomments&post=404750"}],"version-history":[{"count":0,"href":"https:\/\/www.diarioimagen.net\/index.php?rest_route=\/wp\/v2\/posts\/404750\/revisions"}],"wp:featuredmedia":[{"embeddable":true,"href":"https:\/\/www.diarioimagen.net\/index.php?rest_route=\/wp\/v2\/media\/404806"}],"wp:attachment":[{"href":"https:\/\/www.diarioimagen.net\/index.php?rest_route=%2Fwp%2Fv2%2Fmedia&parent=404750"}],"wp:term":[{"taxonomy":"category","embeddable":true,"href":"https:\/\/www.diarioimagen.net\/index.php?rest_route=%2Fwp%2Fv2%2Fcategories&post=404750"},{"taxonomy":"post_tag","embeddable":true,"href":"https:\/\/www.diarioimagen.net\/index.php?rest_route=%2Fwp%2Fv2%2Ftags&post=404750"}],"curies":[{"name":"wp","href":"https:\/\/api.w.org\/{rel}","templated":true}]}}