{"id":404850,"date":"2018-11-27T00:08:09","date_gmt":"2018-11-27T06:08:09","guid":{"rendered":"https:\/\/www.diarioimagen.net\/?p=404850"},"modified":"2018-11-27T23:53:03","modified_gmt":"2018-11-28T05:53:03","slug":"patrulla-fronteriza-confirma-arresto-de-42-migrantes","status":"publish","type":"post","link":"https:\/\/www.diarioimagen.net\/?p=404850","title":{"rendered":"Un contingente de migrantes en Tijuana pide deportaci\u00f3n voluntaria"},"content":{"rendered":"<ul>\n<li><em><strong>Desisten del \u201csue\u00f1o americano\u201d<\/strong><\/em><\/li>\n<li><em><strong>Tras enfrentamiento con polic\u00edas, varios prefieren regresar a sus pa\u00edses de origen, luego de casi un mes de estar lejos de su tierra y unas semanas en la frontera<\/strong><\/em><\/li>\n<\/ul>\n<p>&nbsp;<\/p>\n<div id=\"attachment_405030\" style=\"width: 470px\" class=\"wp-caption aligncenter\"><a href=\"https:\/\/www.diarioimagen.net\/?attachment_id=405030\" rel=\"attachment wp-att-405030\"><img loading=\"lazy\" decoding=\"async\" aria-describedby=\"caption-attachment-405030\" class=\"size-large wp-image-405030\" src=\"https:\/\/www.diarioimagen.net\/wp-content\/uploads\/2018\/11\/MIGRANTES27-460x259.jpg\" alt=\"\" width=\"460\" height=\"259\" srcset=\"https:\/\/www.diarioimagen.net\/wp-content\/uploads\/2018\/11\/MIGRANTES27-460x259.jpg 460w, https:\/\/www.diarioimagen.net\/wp-content\/uploads\/2018\/11\/MIGRANTES27-240x135.jpg 240w, https:\/\/www.diarioimagen.net\/wp-content\/uploads\/2018\/11\/MIGRANTES27-235x132.jpg 235w, https:\/\/www.diarioimagen.net\/wp-content\/uploads\/2018\/11\/MIGRANTES27-202x114.jpg 202w, https:\/\/www.diarioimagen.net\/wp-content\/uploads\/2018\/11\/MIGRANTES27-350x196.jpg 350w, https:\/\/www.diarioimagen.net\/wp-content\/uploads\/2018\/11\/MIGRANTES27-220x123.jpg 220w, https:\/\/www.diarioimagen.net\/wp-content\/uploads\/2018\/11\/MIGRANTES27-237x132.jpg 237w, https:\/\/www.diarioimagen.net\/wp-content\/uploads\/2018\/11\/MIGRANTES27.jpg 480w\" sizes=\"auto, (max-width: 460px) 100vw, 460px\" \/><\/a><p id=\"caption-attachment-405030\" class=\"wp-caption-text\">\u201cVamos a regresar porque aqu\u00ed est\u00e1 muy duro y la pasada para Estados Unidos tambi\u00e9n est\u00e1 muy dura, ayer vimos que nos recibieron mal y sent\u00edamos que nos mataban y mejor para no tener problemas prefiero regresarme a mi pa\u00eds\u201d<\/p><\/div>\n<p>&nbsp;<\/p>\n<p>El primer contingente, con migrantes que retornan a su pa\u00eds bajo salida voluntaria, parti\u00f3 luego que la v\u00edspera, en su intento por cruzar de forma ilegal a Estados Unidos, fueron recibidos con gas lacrim\u00f3geno.<\/p>\n<p>En un autob\u00fas y una camioneta viajan unos 70 migrantes que desistieron del <em>sue\u00f1o americano <\/em>y prefirieron regresar a sus pa\u00edses de origen, luego de casi un mes de estar lejos de su tierra y unas semanas en el albergue acondicionado en una unidad deportiva.<\/p>\n<p>En el autob\u00fas viajan madres con sus hijos y en la camioneta personas que llegaron sin familia, entre mujeres y hombres, quienes en primera instancia se dirigen a las instalaciones del Instituto Nacional de Migraci\u00f3n (INM) en la Ciudad de M\u00e9xico.<\/p>\n<p>Ya en el INM, las autoridades definir\u00e1n si el retorno a sus pa\u00edses de origen, principalmente Guatemala y Honduras, ser\u00e1 v\u00eda terrestre o a\u00e9rea.<\/p>\n<p>El rostro lleno de desilusi\u00f3n y tristeza fue el com\u00fan denominador de quienes llegaron a esta frontera, la m\u00e1s visitada del mundo, con la esperanza de solicitar asilo humanitario en Estados Unidos, pero que se encontraron con una realidad muy distinta.<\/p>\n<p>Otros, los menos, viajaban contentos por ver sus familiares y con la ilusi\u00f3n de poder abrazarlos, tal es el caso de Kevin Giovani Torres, de origen guatemalteco, quien a bordo del transporte, dijo que \u00e9l solicit\u00f3 la deportaci\u00f3n voluntaria porque tiene familia.<\/p>\n<p>\u201cVamos a regresar porque aqu\u00ed est\u00e1 muy duro y la pasada para Estados Unidos tambi\u00e9n est\u00e1 muy dura, ayer vimos que nos recibieron mal y sent\u00edamos que nos mataban y mejor para no tener problemas, prefiero regresarme a mi pa\u00eds\u201d.<\/p>\n<p>Explic\u00f3 que lleg\u00f3 a Tijuana hace 15 d\u00edas, tiempo que permaneci\u00f3 en el albergue migrante, aunque lleva casi dos meses lejos de su familia, fue uno de los primeros en llegar con la caravana migrante. Relat\u00f3 que hace una semana busc\u00f3 trabajo cuadra por cuadra pero no encontr\u00f3 nada, \u201cme dijeron que llamara a un n\u00famero para que en un mes o en enero pudiera trabajar, as\u00ed que mejor me regreso\u201d.<\/p>\n<p style=\"text-align: center;\"><strong>Han retornado a su pa\u00eds m\u00e1s de mil 700 personas de caravana migrante<\/strong><\/p>\n<p>M\u00e1s de mil 700 migrantes centroamericanos han sido retornados a lo largo de todo el recorrido que lleva la Caravana Migrante por el pa\u00eds, afirm\u00f3 la Comisi\u00f3n Nacional de Derechos Humanos (CNDH).<\/p>\n<p>En su recorrido por el campamento migrante acondicionado en la unidad deportiva Benito Ju\u00e1rez, el quinto visitador general de la Comisi\u00f3n Nacional de los Derechos Humanos, Edgar Corzo Sosa, dijo que algunos migrantes han preguntado c\u00f3mo hacer para retornar.<\/p>\n<p>Consider\u00f3 que \u201cse complican las cosas cuando no se hacen de manera ordenada, sin embargo, hay que tomar en cuenta que estamos hablando de m\u00e1s de 7 mil personas\u201d.<\/p>\n<p>Se\u00f1al\u00f3 que este albergue est\u00e1 sobrepoblado, \u201chay hacinamiento porque era para unas 3 mil 500 personas y ya hay m\u00e1s de 5 mil y algunas personas siguen llegando\u201d.<\/p>\n<p>Corzo Sosa manifest\u00f3 que eso no es bueno ni por cuestiones de seguridad, ni de asistencia humanitaria, ni por alimentaci\u00f3n, ni por salud.<\/p>\n<p>Detall\u00f3 que han hecho el llamado para que se abra otro lugar para dar asistencia a m\u00e1s personas en contexto de migraci\u00f3n y se les puedan dar los servicios como se requieren.<\/p>\n<p>Sobre los migrantes detenidos la v\u00edspera durante su intento por ingresar a Estados Unidos de manera ilegal, indic\u00f3 que \u201cnosotros lo que hacemos es acudir al lugar y realizar las gestiones para entrevistar a los detenidos para determinar si fueron detenidos con base en la ley\u201d..<\/p>\n<p style=\"text-align: center;\"><strong>PF actuar\u00e1 si migrantes insisten en romper la ley: comisionado<\/strong><\/p>\n<p>El comisionado general de la Polic\u00eda Federal, Manelich Castilla Craviotto, recorri\u00f3 las inmediaciones de la unidad deportiva Benito Ju\u00e1rez en Tijuana, Baja California, donde se encuentra instalado el albergue migrante.<\/p>\n<p>Luego de que el domingo migrantes intentaron cruzar a Estados Unidos, ayer lunes polic\u00edas de los tres \u00f3rdenes de gobierno, federal, estatal y municipal, reforzaron la seguridad en las inmediaciones del campamento.<\/p>\n<p>Castilla rechaz\u00f3 precisar el n\u00famero de elementos de la Polic\u00eda Federal que se sumar\u00e1n a este dispositivo, aunque asegur\u00f3 que se trata de un \u201creforzamiento importante\u201d.<\/p>\n<p>El comisionado reconoci\u00f3 que actuar\u00e1n en caso de migrantes insistan en \u201cromper la ley\u201d.<\/p>\n<p>\u201cNo puede haber afectaciones como las que se presentaron ayer y desde luego que aquellos que insistan en romper las normas, en no acatar leyes y en colocar en riesgo a los migrantes vamos a actuar conforme nos establece la ley\u201d, enfatiz\u00f3.<\/p>\n<p>Tambi\u00e9n asever\u00f3 que en los hechos del domingor hab\u00eda \u201cpersonas que no necesariamente salieron de aqu\u00ed, sino que llevan mucho tiempo en la ciudad y aprovecharon esa coyuntura para que por diferentes lugares intentar un cruce, con los resultados que ya ustedes vieron\u201d.<\/p>\n<p style=\"text-align: center;\"><strong>Patrulla Fronteriza confirma arresto de 42 migrantes <\/strong><\/p>\n<p>La Patrulla Fronteriza confirm\u00f3 este lunes el arresto de 42 inmigrantes centroamericanos que lograron ingresar el domingo a territorio estadunidense como parte de la movilizaci\u00f3n que fue disuelta con gases lacrim\u00f3genos.<\/p>\n<p>El Jefe de la Patrulla Fronteriza en el sector de San Diego, Rodney Scott, se\u00f1al\u00f3 que los detenidos est\u00e1n siendo procesados por las autoridades estadunidenses y que la mayor\u00eda son varones adultos. \u201cCuarenta y dos cruzaron la frontera y fueron arrestados\u2026 el grupo traspas\u00f3 dos secciones (de muro) y penetraron.<\/p>\n<p>Fue en ese momento que empezaron a agredir a nuestros agentes, pudimos contenerlos usando t\u00e9cnicas para disturbios\u201d, explic\u00f3 a la cadena CNN.<\/p>\n","protected":false},"excerpt":{"rendered":"<p>El primer contingente, con migrantes que retornan a su pa\u00eds bajo salida voluntaria, parti\u00f3 luego que la v\u00edspera, en su intento por cruzar de forma ilegal a Estados Unidos, fueron recibidos con gas lacrim\u00f3geno.<\/p>\n","protected":false},"author":5,"featured_media":405030,"comment_status":"open","ping_status":"open","sticky":false,"template":"","format":"standard","meta":{"_monsterinsights_skip_tracking":false,"_monsterinsights_sitenote_active":false,"_monsterinsights_sitenote_note":"","_monsterinsights_sitenote_category":0,"footnotes":""},"categories":[3],"tags":[80496,80528,80498,55659,43673,80497,80529],"class_list":["post-404850","post","type-post","status-publish","format-standard","has-post-thumbnail","hentry","category-nacional","tag-42-migrantes","tag-contingente","tag-cruzar-a-estados-unidos","tag-deportacion","tag-nacional","tag-patrulla-fronteriza","tag-voluntaria"],"_links":{"self":[{"href":"https:\/\/www.diarioimagen.net\/index.php?rest_route=\/wp\/v2\/posts\/404850","targetHints":{"allow":["GET"]}}],"collection":[{"href":"https:\/\/www.diarioimagen.net\/index.php?rest_route=\/wp\/v2\/posts"}],"about":[{"href":"https:\/\/www.diarioimagen.net\/index.php?rest_route=\/wp\/v2\/types\/post"}],"author":[{"embeddable":true,"href":"https:\/\/www.diarioimagen.net\/index.php?rest_route=\/wp\/v2\/users\/5"}],"replies":[{"embeddable":true,"href":"https:\/\/www.diarioimagen.net\/index.php?rest_route=%2Fwp%2Fv2%2Fcomments&post=404850"}],"version-history":[{"count":0,"href":"https:\/\/www.diarioimagen.net\/index.php?rest_route=\/wp\/v2\/posts\/404850\/revisions"}],"wp:featuredmedia":[{"embeddable":true,"href":"https:\/\/www.diarioimagen.net\/index.php?rest_route=\/wp\/v2\/media\/405030"}],"wp:attachment":[{"href":"https:\/\/www.diarioimagen.net\/index.php?rest_route=%2Fwp%2Fv2%2Fmedia&parent=404850"}],"wp:term":[{"taxonomy":"category","embeddable":true,"href":"https:\/\/www.diarioimagen.net\/index.php?rest_route=%2Fwp%2Fv2%2Fcategories&post=404850"},{"taxonomy":"post_tag","embeddable":true,"href":"https:\/\/www.diarioimagen.net\/index.php?rest_route=%2Fwp%2Fv2%2Ftags&post=404850"}],"curies":[{"name":"wp","href":"https:\/\/api.w.org\/{rel}","templated":true}]}}