{"id":404901,"date":"2018-11-27T00:11:48","date_gmt":"2018-11-27T06:11:48","guid":{"rendered":"https:\/\/www.diarioimagen.net\/?p=404901"},"modified":"2018-11-28T02:03:26","modified_gmt":"2018-11-28T08:03:26","slug":"fomenta-uaem-imaginacion-cientifica-y-tecnologica","status":"publish","type":"post","link":"https:\/\/www.diarioimagen.net\/?p=404901","title":{"rendered":"Fomenta UAEM imaginaci\u00f3n cient\u00edfica y tecnol\u00f3gica"},"content":{"rendered":"<ul>\n<li><strong><em>Premian a ganadores de la Bienal Estudiantil de Ciencia y Tecnolog\u00eda<\/em><\/strong><\/li>\n<\/ul>\n<p>&nbsp;<\/p>\n<div id=\"attachment_404974\" style=\"width: 470px\" class=\"wp-caption aligncenter\"><a href=\"https:\/\/www.diarioimagen.net\/?attachment_id=404974\" rel=\"attachment wp-att-404974\"><img loading=\"lazy\" decoding=\"async\" aria-describedby=\"caption-attachment-404974\" class=\"size-large wp-image-404974\" src=\"https:\/\/www.diarioimagen.net\/wp-content\/uploads\/2018\/11\/UAEM-27-460x259.jpg\" alt=\"\" width=\"460\" height=\"259\" srcset=\"https:\/\/www.diarioimagen.net\/wp-content\/uploads\/2018\/11\/UAEM-27-460x259.jpg 460w, https:\/\/www.diarioimagen.net\/wp-content\/uploads\/2018\/11\/UAEM-27-240x135.jpg 240w, https:\/\/www.diarioimagen.net\/wp-content\/uploads\/2018\/11\/UAEM-27-235x132.jpg 235w, https:\/\/www.diarioimagen.net\/wp-content\/uploads\/2018\/11\/UAEM-27-202x114.jpg 202w, https:\/\/www.diarioimagen.net\/wp-content\/uploads\/2018\/11\/UAEM-27-350x196.jpg 350w, https:\/\/www.diarioimagen.net\/wp-content\/uploads\/2018\/11\/UAEM-27-220x123.jpg 220w, https:\/\/www.diarioimagen.net\/wp-content\/uploads\/2018\/11\/UAEM-27-237x132.jpg 237w, https:\/\/www.diarioimagen.net\/wp-content\/uploads\/2018\/11\/UAEM-27.jpg 480w\" sizes=\"auto, (max-width: 460px) 100vw, 460px\" \/><\/a><p id=\"caption-attachment-404974\" class=\"wp-caption-text\">El rector de la UAEM, Alfredo Barrera Baca, premi\u00f3 a los tres primeros lugares de la Bienal Estudiantil de Ciencia y Tecnolog\u00eda.<\/p><\/div>\n<p>&nbsp;<\/p>\n<p><strong>Toluca, Estado de M\u00e9xico<\/strong>.- El rector de la Universidad Aut\u00f3noma del Estado de M\u00e9xico, Alfredo Barrera Baca, premi\u00f3 a los tres primeros lugares de la Bienal Estudiantil de Ciencia y Tecnolog\u00eda, que tiene como prop\u00f3sito impulsar la creatividad cient\u00edfica y de innovaci\u00f3n tecnol\u00f3gica entre la comunidad universitaria.<\/p>\n<p>En este ejercicio acad\u00e9mico, 53 alumnos presentaron 36 proyectos de investigaci\u00f3n. De ellos, 33 fueron considerados finalistas: 17 elaborados por estudiantes de licenciatura y 16 por estudiantes de especialidad, maestr\u00eda o doctorado.<\/p>\n<p>En el Patio del Cincuentenario del Edificio de Rector\u00eda, donde conoci\u00f3 los pormenores de estos trabajos, Alfredo Barrera subray\u00f3 que esta iniciativa pedag\u00f3gica y cultural \u201cbusca que los estudiantes de ciencias se aventuren a imaginar proyectos de investigaci\u00f3n de manera libre y original\u201d.<\/p>\n<p>Acompa\u00f1ado del secretario de Investigaci\u00f3n y Estudios Avanzados de esta casa de estudios, Carlos Eduardo Barrera D\u00edaz, dijo que la Bienal fomenta la imaginaci\u00f3n cient\u00edfica y tecnol\u00f3gica, \u201ccon el objetivo de detonar la creatividad y contribuir a generar soluciones tecnol\u00f3gicas y productivas m\u00e1s eficientes y limpias\u201d. Los trabajos participantes en este ejercicio, expres\u00f3, abonan a que los futuros ingenieros, profesionales de la salud, bi\u00f3logos, qu\u00edmicos, f\u00edsicos, matem\u00e1ticos y estudiosos de las ciencias de la tierra desplieguen su talento intelectual de una manera pr\u00e1ctica, orientando sus esfuerzos a la generaci\u00f3n de conocimientos \u00fatiles para la ciencia y la sociedad.<\/p>\n<p>Por otro lado, resalt\u00f3 la importancia de \u201cestimular entre los j\u00f3venes, sea cual sea su vocaci\u00f3n, el pensamiento cr\u00edtico, el razonamiento y pensamiento independientes, que, desarrollado met\u00f3dicamente, tiende a dar resultados absolutamente originales\u201d.<\/p>\n<p>El primer lugar de la Bienal Estudiantil de Ciencia y Tecnolog\u00eda de la UAEM lo obtuvieron las alumnas Nadia Alejandra S\u00e1nchez Guerra y Lizbeth Esmeralda Robles Jim\u00e9nez, de la Especialidad en Producci\u00f3n Ovina de la Facultad de Medicina Veterinaria y Zootecnia, con el proyecto \u201cEfecto en la absorci\u00f3n y excreci\u00f3n de f\u00f3sforo en dietas para ovejas: hacia una dieta sustentable\u201d.<\/p>\n<p>Mar\u00eda Carla Rodr\u00edguez Dom\u00ednguez, de la Maestr\u00eda en Ciencias Agropecuarias y Recursos Naturales del Instituto Ciencias de Agropecuarias y Rurales, obtuvo el segundo lugar, con el proyecto \u201cEvaluaci\u00f3n de desempe\u00f1o de los medios kits ELISA AIE-LAB y AGID AIE-LABIOFAM para el diagn\u00f3stico de anemia infecciosa equina\u201d.<\/p>\n<p>Mientras que el tercer lugar lo obtuvo la alumna Ingrid Marzano P\u00e9rez, de la Licenciatura en Ingenier\u00eda Industrial del Centro Universitario UAEM Valle de M\u00e9xico, con el proyecto \u201cMejora continua del proceso de electrospining por medio del an\u00e1lisis de procesos\u201d.<\/p>\n","protected":false},"excerpt":{"rendered":"<p> El rector de la Universidad Aut\u00f3noma del Estado de M\u00e9xico, Alfredo Barrera Baca, premi\u00f3 a los tres primeros lugares de la Bienal Estudiantil de Ciencia y Tecnolog\u00eda, que tiene como prop\u00f3sito impulsar la creatividad cient\u00edfica y de innovaci\u00f3n tecnol\u00f3gica entre la comunidad universitaria.<\/p>\n","protected":false},"author":3,"featured_media":404974,"comment_status":"open","ping_status":"open","sticky":false,"template":"","format":"standard","meta":{"_monsterinsights_skip_tracking":false,"_monsterinsights_sitenote_active":false,"_monsterinsights_sitenote_note":"","_monsterinsights_sitenote_category":0,"footnotes":""},"categories":[5],"tags":[58572,43675,452,1491],"class_list":["post-404901","post","type-post","status-publish","format-standard","has-post-thumbnail","hentry","category-estado-de-mexico","tag-alfredo-barrera-baca","tag-estado-de-mexico","tag-toluca","tag-uaem"],"_links":{"self":[{"href":"https:\/\/www.diarioimagen.net\/index.php?rest_route=\/wp\/v2\/posts\/404901","targetHints":{"allow":["GET"]}}],"collection":[{"href":"https:\/\/www.diarioimagen.net\/index.php?rest_route=\/wp\/v2\/posts"}],"about":[{"href":"https:\/\/www.diarioimagen.net\/index.php?rest_route=\/wp\/v2\/types\/post"}],"author":[{"embeddable":true,"href":"https:\/\/www.diarioimagen.net\/index.php?rest_route=\/wp\/v2\/users\/3"}],"replies":[{"embeddable":true,"href":"https:\/\/www.diarioimagen.net\/index.php?rest_route=%2Fwp%2Fv2%2Fcomments&post=404901"}],"version-history":[{"count":0,"href":"https:\/\/www.diarioimagen.net\/index.php?rest_route=\/wp\/v2\/posts\/404901\/revisions"}],"wp:featuredmedia":[{"embeddable":true,"href":"https:\/\/www.diarioimagen.net\/index.php?rest_route=\/wp\/v2\/media\/404974"}],"wp:attachment":[{"href":"https:\/\/www.diarioimagen.net\/index.php?rest_route=%2Fwp%2Fv2%2Fmedia&parent=404901"}],"wp:term":[{"taxonomy":"category","embeddable":true,"href":"https:\/\/www.diarioimagen.net\/index.php?rest_route=%2Fwp%2Fv2%2Fcategories&post=404901"},{"taxonomy":"post_tag","embeddable":true,"href":"https:\/\/www.diarioimagen.net\/index.php?rest_route=%2Fwp%2Fv2%2Ftags&post=404901"}],"curies":[{"name":"wp","href":"https:\/\/api.w.org\/{rel}","templated":true}]}}