{"id":404938,"date":"2018-11-27T00:07:21","date_gmt":"2018-11-27T06:07:21","guid":{"rendered":"https:\/\/www.diarioimagen.net\/?p=404938"},"modified":"2018-11-27T05:30:49","modified_gmt":"2018-11-27T11:30:49","slug":"administracion-de-barron-elizalde-sigue-entregando-vialidades-de-calidad","status":"publish","type":"post","link":"https:\/\/www.diarioimagen.net\/?p=404938","title":{"rendered":"Administraci\u00f3n de Barr\u00f3n Elizalde sigue entregando vialidades de calidad"},"content":{"rendered":"<ul>\n<li><strong><em>En beneficio de los tultitlenses<\/em><\/strong><\/li>\n<\/ul>\n<p>&nbsp;<\/p>\n<div id=\"attachment_405007\" style=\"width: 470px\" class=\"wp-caption aligncenter\"><a href=\"https:\/\/www.diarioimagen.net\/?attachment_id=405007\" rel=\"attachment wp-att-405007\"><img loading=\"lazy\" decoding=\"async\" aria-describedby=\"caption-attachment-405007\" class=\"size-large wp-image-405007\" src=\"https:\/\/www.diarioimagen.net\/wp-content\/uploads\/2018\/11\/TULTITLAN-27-460x259.jpg\" alt=\"\" width=\"460\" height=\"259\" srcset=\"https:\/\/www.diarioimagen.net\/wp-content\/uploads\/2018\/11\/TULTITLAN-27-460x259.jpg 460w, https:\/\/www.diarioimagen.net\/wp-content\/uploads\/2018\/11\/TULTITLAN-27-240x135.jpg 240w, https:\/\/www.diarioimagen.net\/wp-content\/uploads\/2018\/11\/TULTITLAN-27-235x132.jpg 235w, https:\/\/www.diarioimagen.net\/wp-content\/uploads\/2018\/11\/TULTITLAN-27-202x114.jpg 202w, https:\/\/www.diarioimagen.net\/wp-content\/uploads\/2018\/11\/TULTITLAN-27-350x196.jpg 350w, https:\/\/www.diarioimagen.net\/wp-content\/uploads\/2018\/11\/TULTITLAN-27-220x123.jpg 220w, https:\/\/www.diarioimagen.net\/wp-content\/uploads\/2018\/11\/TULTITLAN-27-237x132.jpg 237w, https:\/\/www.diarioimagen.net\/wp-content\/uploads\/2018\/11\/TULTITLAN-27.jpg 480w\" sizes=\"auto, (max-width: 460px) 100vw, 460px\" \/><\/a><p id=\"caption-attachment-405007\" class=\"wp-caption-text\">Se dio el corte de list\u00f3n para inaugurar esta obra con concreto hidr\u00e1ulico en la colonia FIMESA, que beneficiar\u00e1 a 2 mil 500 habitantes.<\/p><\/div>\n<p>&nbsp;<\/p>\n<p><strong>Tultitl\u00e1n, Estado de M\u00e9xico<\/strong>.- El presidente municipal de Tultitl\u00e1n, Jorge Ad\u00e1n Barr\u00f3n Elizalde, trabaja en coordinaci\u00f3n con Obras P\u00fablicas, para el beneficio de los tultitlenses, se dio el corte de list\u00f3n de inauguraci\u00f3n de las calles Copal, Pino y Naranjo en la colonia FIMESA \u201cEl Paraje\u201d.<\/p>\n<p>\u201cCon obras y no palabras es la mejor forma de corresponder a la confianza de la ciudadan\u00eda para el bienestar de los ciudadanos. El presidente Ad\u00e1n Barr\u00f3n, seguir\u00e1 trabajando de manera cercana hasta el \u00faltimo d\u00eda de su administraci\u00f3n\u201d, enfatiz\u00f3 la subdirectora de Agua Potable Alcantarillado y Saneamiento de Tultitl\u00e1n (APAST) Abigail Yepes Maga\u00f1a.<\/p>\n<p>Tambi\u00e9n dijo que el gobierno municipal debe proveer mejores condiciones de vida para sus habitantes sin distinci\u00f3n alguna y en ello se est\u00e1 trabajando, porque \u00e9se es el compromiso con todas y todos los tultitlenses\u00a0 y no s\u00f3lo con algunos, \u201cel objetivo es que todos tengan las condiciones dignas para vivir que todos merecemos\u201d, es por eso que el presidente sigue trabajando por la infraestructura urbana.<\/p>\n<p>Por su parte, el director de Obras P\u00fablicas, coment\u00f3 que estas calles fueron realizadas con pavimento con concreto hidr\u00e1ulico de dos mil 321 metros cuadrados, como construcci\u00f3n de guarniciones, banquetas, construcci\u00f3n de pozo de visita y descarga sanitaria.<\/p>\n<p>Acompa\u00f1ado por directores, regidores y colonos; la subdirectora de APAST reconoci\u00f3 p\u00fablicamente el trabajo que realiza la administraci\u00f3n 2016-2018 por el beneficio de los habitantes\u00a0 y el d\u00eda de hoy nos encontramos en la inauguraci\u00f3n de una obra m\u00e1s con pavimentaci\u00f3n con concreto hidr\u00e1ulico de las calles: Copal, Pino y Naranjo de la colonia El Paraje.<\/p>\n","protected":false},"excerpt":{"rendered":"<p>El presidente municipal de Tultitl\u00e1n, Jorge Ad\u00e1n Barr\u00f3n Elizalde, trabaja en coordinaci\u00f3n con Obras P\u00fablicas, para el beneficio de los tultitlenses, se dio el corte de list\u00f3n de inauguraci\u00f3n de las calles Copal, Pino y Naranjo en la colonia FIMESA \u201cEl Paraje\u201d.<\/p>\n","protected":false},"author":3,"featured_media":405007,"comment_status":"open","ping_status":"open","sticky":false,"template":"","format":"standard","meta":{"_monsterinsights_skip_tracking":false,"_monsterinsights_sitenote_active":false,"_monsterinsights_sitenote_note":"","_monsterinsights_sitenote_category":0,"footnotes":""},"categories":[35155],"tags":[43675,80538,578],"class_list":["post-404938","post","type-post","status-publish","format-standard","has-post-thumbnail","hentry","category-estado-de-mexico-estado-de-mexico","tag-estado-de-mexico","tag-fimesa","tag-tultitlan"],"_links":{"self":[{"href":"https:\/\/www.diarioimagen.net\/index.php?rest_route=\/wp\/v2\/posts\/404938","targetHints":{"allow":["GET"]}}],"collection":[{"href":"https:\/\/www.diarioimagen.net\/index.php?rest_route=\/wp\/v2\/posts"}],"about":[{"href":"https:\/\/www.diarioimagen.net\/index.php?rest_route=\/wp\/v2\/types\/post"}],"author":[{"embeddable":true,"href":"https:\/\/www.diarioimagen.net\/index.php?rest_route=\/wp\/v2\/users\/3"}],"replies":[{"embeddable":true,"href":"https:\/\/www.diarioimagen.net\/index.php?rest_route=%2Fwp%2Fv2%2Fcomments&post=404938"}],"version-history":[{"count":0,"href":"https:\/\/www.diarioimagen.net\/index.php?rest_route=\/wp\/v2\/posts\/404938\/revisions"}],"wp:featuredmedia":[{"embeddable":true,"href":"https:\/\/www.diarioimagen.net\/index.php?rest_route=\/wp\/v2\/media\/405007"}],"wp:attachment":[{"href":"https:\/\/www.diarioimagen.net\/index.php?rest_route=%2Fwp%2Fv2%2Fmedia&parent=404938"}],"wp:term":[{"taxonomy":"category","embeddable":true,"href":"https:\/\/www.diarioimagen.net\/index.php?rest_route=%2Fwp%2Fv2%2Fcategories&post=404938"},{"taxonomy":"post_tag","embeddable":true,"href":"https:\/\/www.diarioimagen.net\/index.php?rest_route=%2Fwp%2Fv2%2Ftags&post=404938"}],"curies":[{"name":"wp","href":"https:\/\/api.w.org\/{rel}","templated":true}]}}