{"id":404940,"date":"2018-11-27T00:06:44","date_gmt":"2018-11-27T06:06:44","guid":{"rendered":"https:\/\/www.diarioimagen.net\/?p=404940"},"modified":"2018-11-27T05:32:09","modified_gmt":"2018-11-27T11:32:09","slug":"mejora-metepec-movilidad-con-modernizacion-de-calles","status":"publish","type":"post","link":"https:\/\/www.diarioimagen.net\/?p=404940","title":{"rendered":"Mejora Metepec movilidad con modernizaci\u00f3n de calles"},"content":{"rendered":"<p><a href=\"https:\/\/www.diarioimagen.net\/?attachment_id=405010\" rel=\"attachment wp-att-405010\"><img loading=\"lazy\" decoding=\"async\" class=\"aligncenter size-large wp-image-405010\" src=\"https:\/\/www.diarioimagen.net\/wp-content\/uploads\/2018\/11\/METEPEC-27-460x259.jpg\" alt=\"\" width=\"460\" height=\"259\" srcset=\"https:\/\/www.diarioimagen.net\/wp-content\/uploads\/2018\/11\/METEPEC-27-460x259.jpg 460w, https:\/\/www.diarioimagen.net\/wp-content\/uploads\/2018\/11\/METEPEC-27-240x135.jpg 240w, https:\/\/www.diarioimagen.net\/wp-content\/uploads\/2018\/11\/METEPEC-27-235x132.jpg 235w, https:\/\/www.diarioimagen.net\/wp-content\/uploads\/2018\/11\/METEPEC-27-202x114.jpg 202w, https:\/\/www.diarioimagen.net\/wp-content\/uploads\/2018\/11\/METEPEC-27-350x196.jpg 350w, https:\/\/www.diarioimagen.net\/wp-content\/uploads\/2018\/11\/METEPEC-27-220x123.jpg 220w, https:\/\/www.diarioimagen.net\/wp-content\/uploads\/2018\/11\/METEPEC-27-237x132.jpg 237w, https:\/\/www.diarioimagen.net\/wp-content\/uploads\/2018\/11\/METEPEC-27.jpg 480w\" sizes=\"auto, (max-width: 460px) 100vw, 460px\" \/><\/a><\/p>\n<p>&nbsp;<\/p>\n<p><strong>Metepec, Estado de M\u00e9xico.-<\/strong> Con el objetivo de contar con calles y avenidas que mejoren la movilidad en Metepec, as\u00ed como preservar\u00a0 la imagen t\u00edpica para el uso y disfrute de vecinos y visitantes, de 2016 a 2018, el ayuntamiento junto con los \u00a0gobiernos federal y estatal destin\u00f3 m\u00e1s de 974 millones de pesos en total para la modernizaci\u00f3n de diferentes calles y avenidas.<\/p>\n<p>Del total de estos recursos, m\u00e1s de 157 millones se utilizaron para la modernizaci\u00f3n de 15 vialidades con concreto hidr\u00e1ulico, aplicados en 102 mil 814 metros cuadrados; tambi\u00e9n se realizaron trabajos de adocretado y pavimentaci\u00f3n, logrando que 63 calles mejoraran sus condiciones, entre ellas, 17 que eran caminos de terracer\u00eda.<\/p>\n","protected":false},"excerpt":{"rendered":"<p>Con el objetivo de contar con calles y avenidas que mejoren la movilidad en Metepec, as\u00ed como preservar  la imagen t\u00edpica para el uso y disfrute de vecinos y visitantes, de 2016 a 2018, el ayuntamiento junto con los  gobiernos federal y estatal destin\u00f3 m\u00e1s de 974 millones de pesos en total para la modernizaci\u00f3n de diferentes calles y avenidas.<\/p>\n","protected":false},"author":3,"featured_media":405010,"comment_status":"open","ping_status":"open","sticky":false,"template":"","format":"standard","meta":{"_monsterinsights_skip_tracking":false,"_monsterinsights_sitenote_active":false,"_monsterinsights_sitenote_note":"","_monsterinsights_sitenote_category":0,"footnotes":""},"categories":[35155],"tags":[50283,43675,876],"class_list":["post-404940","post","type-post","status-publish","format-standard","has-post-thumbnail","hentry","category-estado-de-mexico-estado-de-mexico","tag-calles","tag-estado-de-mexico","tag-metepec"],"_links":{"self":[{"href":"https:\/\/www.diarioimagen.net\/index.php?rest_route=\/wp\/v2\/posts\/404940","targetHints":{"allow":["GET"]}}],"collection":[{"href":"https:\/\/www.diarioimagen.net\/index.php?rest_route=\/wp\/v2\/posts"}],"about":[{"href":"https:\/\/www.diarioimagen.net\/index.php?rest_route=\/wp\/v2\/types\/post"}],"author":[{"embeddable":true,"href":"https:\/\/www.diarioimagen.net\/index.php?rest_route=\/wp\/v2\/users\/3"}],"replies":[{"embeddable":true,"href":"https:\/\/www.diarioimagen.net\/index.php?rest_route=%2Fwp%2Fv2%2Fcomments&post=404940"}],"version-history":[{"count":0,"href":"https:\/\/www.diarioimagen.net\/index.php?rest_route=\/wp\/v2\/posts\/404940\/revisions"}],"wp:featuredmedia":[{"embeddable":true,"href":"https:\/\/www.diarioimagen.net\/index.php?rest_route=\/wp\/v2\/media\/405010"}],"wp:attachment":[{"href":"https:\/\/www.diarioimagen.net\/index.php?rest_route=%2Fwp%2Fv2%2Fmedia&parent=404940"}],"wp:term":[{"taxonomy":"category","embeddable":true,"href":"https:\/\/www.diarioimagen.net\/index.php?rest_route=%2Fwp%2Fv2%2Fcategories&post=404940"},{"taxonomy":"post_tag","embeddable":true,"href":"https:\/\/www.diarioimagen.net\/index.php?rest_route=%2Fwp%2Fv2%2Ftags&post=404940"}],"curies":[{"name":"wp","href":"https:\/\/api.w.org\/{rel}","templated":true}]}}