{"id":404967,"date":"2018-11-27T00:03:35","date_gmt":"2018-11-27T06:03:35","guid":{"rendered":"https:\/\/www.diarioimagen.net\/?p=404967"},"modified":"2018-11-27T05:03:48","modified_gmt":"2018-11-27T11:03:48","slug":"se-roban-a-los-heroes","status":"publish","type":"post","link":"https:\/\/www.diarioimagen.net\/?p=404967","title":{"rendered":"Se roban a los h\u00e9roes"},"content":{"rendered":"<h2>Folclor urbano<\/h2>\n<h5>Salvador Estrada<\/h5>\n<p>&nbsp;<\/p>\n<p>Las estatuas de los h\u00e9roes de la Rep\u00fablica Juarista, \u00a0que se colocaron a lo largo de Paseo de la Reforma, que fueron el atractivo visual de enorme y bella avenida desde finales del siglo XIX, hoy son codiciadas por los rateros o los indigentes.<\/p>\n<p>Hasta el momento, uno solo de esos delincuentes ha ca\u00eddo en manos de la polic\u00eda a quien, por indicaciones de los derechos humanos, no se le ve el rostro, se le cubre en la prensa con una raya negra o se desfigura en internet.<\/p>\n<p>Y esta vacilada no permite a los ciudadanos identificar a ese maloso, que quiz\u00e1 lo atrac\u00f3 o lo rob\u00f3 en un cajero autom\u00e1tico, por lo cual se le pone tache a los derechos humanos.<\/p>\n<p>Esas estatuas, junto con las placas de su identificaci\u00f3n, as\u00ed como los \u201cjarrones\u201d que adornan la avenida son de bronce y por eso son codiciadas, por el precio que tiene ese metal en el mercado.<\/p>\n<p>El primer robo fue el mes pasado. La estatua de Eustaquio Buelna, que fue gobernador de Sinaloa. La amarraron y la tiraron al suelo, y ya da\u00f1ada de la cabeza ah\u00ed qued\u00f3 cuando lleg\u00f3 la polic\u00eda.<\/p>\n<p>La segunda, que se quer\u00edan robar fue la de Ignacio Mej\u00eda Fern\u00e1ndez de Arteaga, la cual el ratero la quer\u00eda llevar en un \u201cdiablito\u201d, pero la polic\u00eda lo sorprendi\u00f3.<\/p>\n<p>Pero los indigentes, dice la polic\u00eda, son los que desean robarse las estatuas para venderlas como fierro, al igual \u00a0que hacen \u00a0con las alcantarillas. As\u00ed ser\u00e1 el tama\u00f1o del hambre.<\/p>\n<p>Sea como fuere, el robo de los h\u00e9roes de la Reforma ya han aumentado y en uno \u00a0de ellos se llevaron hasta la base de piedra \u201cpara no dejar huella\u201d.<\/p>\n<p>Pero \u201cel colmo de la ley\u201d, es que un sujeto se dedic\u00f3 a robar las placas de \u00a0identificaci\u00f3n de los \u201cpatriotas del liberalismo juarista\u201d y se llev\u00f3 siete de ellas en siete robos y \u00a0\u00bfqu\u00e9 cree? \u00a1lo dejaron libre! Ese robo no es un delito grave, dijo el juez.<\/p>\n<p>El Paseo de la Reforma fue adornado en 1895 con 36 estatuas y Porfirio D\u00edaz inaugur\u00f3 el conjunto \u00a0hist\u00f3rico, que con el tiempo se increment\u00f3 hasta llegar a 77, entre las cuales se encuentran pol\u00edticos, generales y cient\u00edficos y ya no solamente los h\u00e9roes liberales de la Rep\u00fablica, estatuas que nadie las ve ni las admira.<\/p>\n<p>Ante este robo de \u201cpatriotas de bronce\u201d las nuevas autoridades del gobierno de la Ciudad de M\u00e9xico deber\u00edan entrar en acci\u00f3n y darles una manita de gato para dejarlas limpias y colocarles luz para tambi\u00e9n darle alumbrado as\u00ed a esa \u00a0avenida tan importante, que ahora tiene \u201cluz f\u00fanebre \u201c y no luce en toda su magnitud.<\/p>\n<p>Y de paso, los diputados deben \u00a0trabajar \u00a0y legislar para que robar \u201cplacas hist\u00f3ricas\u201d o estatuas de h\u00e9roes, deje de ser un delito no grave \u00a0y se castigue.<\/p>\n<p><em><a href=\"mailto:chavasec@yahoo.com.mx\" target=\"_blank\" rel=\"noopener\">chavasec@yahoo.com.mx<\/a><\/em><\/p>\n","protected":false},"excerpt":{"rendered":"<p><span style=\"color: #005497;\"><strong>Salvador Estrada<\/strong><\/span><\/p>\n","protected":false},"author":3,"featured_media":0,"comment_status":"open","ping_status":"open","sticky":false,"template":"","format":"standard","meta":{"_monsterinsights_skip_tracking":false,"_monsterinsights_sitenote_active":false,"_monsterinsights_sitenote_note":"","_monsterinsights_sitenote_category":0,"footnotes":""},"categories":[41601],"tags":[41599,43674,41600],"class_list":["post-404967","post","type-post","status-publish","format-standard","hentry","category-salvador-estrada-opinion","tag-folclor-urbano","tag-opinion","tag-salvador-estrada"],"_links":{"self":[{"href":"https:\/\/www.diarioimagen.net\/index.php?rest_route=\/wp\/v2\/posts\/404967","targetHints":{"allow":["GET"]}}],"collection":[{"href":"https:\/\/www.diarioimagen.net\/index.php?rest_route=\/wp\/v2\/posts"}],"about":[{"href":"https:\/\/www.diarioimagen.net\/index.php?rest_route=\/wp\/v2\/types\/post"}],"author":[{"embeddable":true,"href":"https:\/\/www.diarioimagen.net\/index.php?rest_route=\/wp\/v2\/users\/3"}],"replies":[{"embeddable":true,"href":"https:\/\/www.diarioimagen.net\/index.php?rest_route=%2Fwp%2Fv2%2Fcomments&post=404967"}],"version-history":[{"count":0,"href":"https:\/\/www.diarioimagen.net\/index.php?rest_route=\/wp\/v2\/posts\/404967\/revisions"}],"wp:attachment":[{"href":"https:\/\/www.diarioimagen.net\/index.php?rest_route=%2Fwp%2Fv2%2Fmedia&parent=404967"}],"wp:term":[{"taxonomy":"category","embeddable":true,"href":"https:\/\/www.diarioimagen.net\/index.php?rest_route=%2Fwp%2Fv2%2Fcategories&post=404967"},{"taxonomy":"post_tag","embeddable":true,"href":"https:\/\/www.diarioimagen.net\/index.php?rest_route=%2Fwp%2Fv2%2Ftags&post=404967"}],"curies":[{"name":"wp","href":"https:\/\/api.w.org\/{rel}","templated":true}]}}