{"id":405140,"date":"2018-11-28T00:07:26","date_gmt":"2018-11-28T06:07:26","guid":{"rendered":"https:\/\/www.diarioimagen.net\/?p=405140"},"modified":"2018-11-28T09:34:54","modified_gmt":"2018-11-28T15:34:54","slug":"festejo-de-empresarios-mexiquenses-en-naucalpan","status":"publish","type":"post","link":"https:\/\/www.diarioimagen.net\/?p=405140","title":{"rendered":"Festejo de empresarios mexiquenses en Naucalpan"},"content":{"rendered":"<p><a href=\"https:\/\/www.diarioimagen.net\/?attachment_id=405214\" rel=\"attachment wp-att-405214\"><img loading=\"lazy\" decoding=\"async\" class=\"aligncenter size-large wp-image-405214\" src=\"https:\/\/www.diarioimagen.net\/wp-content\/uploads\/2018\/11\/NAUCALPAN-28-1-460x259.jpg\" alt=\"\" width=\"460\" height=\"259\" srcset=\"https:\/\/www.diarioimagen.net\/wp-content\/uploads\/2018\/11\/NAUCALPAN-28-1-460x259.jpg 460w, https:\/\/www.diarioimagen.net\/wp-content\/uploads\/2018\/11\/NAUCALPAN-28-1-240x135.jpg 240w, https:\/\/www.diarioimagen.net\/wp-content\/uploads\/2018\/11\/NAUCALPAN-28-1-235x132.jpg 235w, https:\/\/www.diarioimagen.net\/wp-content\/uploads\/2018\/11\/NAUCALPAN-28-1-202x114.jpg 202w, https:\/\/www.diarioimagen.net\/wp-content\/uploads\/2018\/11\/NAUCALPAN-28-1-350x196.jpg 350w, https:\/\/www.diarioimagen.net\/wp-content\/uploads\/2018\/11\/NAUCALPAN-28-1-220x123.jpg 220w, https:\/\/www.diarioimagen.net\/wp-content\/uploads\/2018\/11\/NAUCALPAN-28-1-237x132.jpg 237w, https:\/\/www.diarioimagen.net\/wp-content\/uploads\/2018\/11\/NAUCALPAN-28-1.jpg 480w\" sizes=\"auto, (max-width: 460px) 100vw, 460px\" \/><\/a><\/p>\n<p>&nbsp;<\/p>\n<p><strong>Naucalpan, Estado de M\u00e9xico<\/strong><strong>.- <\/strong>Como cada a\u00f1o, el empresario mexiquense, Ra\u00fal Chaparro Romero, presidente de la Asociaci\u00f3n de Empresarios y Ciudadanos del Estado de M\u00e9xico (ACESEM), ofreci\u00f3 un desayuno de fin de a\u00f1o a los periodistas que cubren la fuente del Estado de M\u00e9xico, destacando en \u00e9ste, la presencia del diputado federal suplente por el distrito LXIV, Paulo C\u00e9sar Ju\u00e1rez Segura, as\u00ed como el doctor Ernesto Reyes y Jos\u00e9 Luis Gonz\u00e1lez Mosqueda.<\/p>\n<p>En el evento los industriales, obsequiaron, aparatos el\u00e9ctricos y otros objetos a los informadores.<\/p>\n","protected":false},"excerpt":{"rendered":"<p>Como cada a\u00f1o, el empresario mexiquense, Ra\u00fal Chaparro Romero, presidente de la Asociaci\u00f3n de Empresarios y Ciudadanos del Estado de M\u00e9xico (ACESEM), ofreci\u00f3 un desayuno de fin de a\u00f1o a los periodistas que cubren la fuente del Estado de M\u00e9xico, destacando en \u00e9ste, la presencia del diputado federal suplente por el distrito LXIV, Paulo C\u00e9sar Ju\u00e1rez Segura, as\u00ed como el doctor Ernesto Reyes y Jos\u00e9 Luis Gonz\u00e1lez Mosqueda.<\/p>\n","protected":false},"author":3,"featured_media":405214,"comment_status":"open","ping_status":"open","sticky":false,"template":"","format":"standard","meta":{"_monsterinsights_skip_tracking":false,"_monsterinsights_sitenote_active":false,"_monsterinsights_sitenote_note":"","_monsterinsights_sitenote_category":0,"footnotes":""},"categories":[35155],"tags":[43675,277,970],"class_list":["post-405140","post","type-post","status-publish","format-standard","has-post-thumbnail","hentry","category-estado-de-mexico-estado-de-mexico","tag-estado-de-mexico","tag-mexiquense","tag-naucalpan"],"_links":{"self":[{"href":"https:\/\/www.diarioimagen.net\/index.php?rest_route=\/wp\/v2\/posts\/405140","targetHints":{"allow":["GET"]}}],"collection":[{"href":"https:\/\/www.diarioimagen.net\/index.php?rest_route=\/wp\/v2\/posts"}],"about":[{"href":"https:\/\/www.diarioimagen.net\/index.php?rest_route=\/wp\/v2\/types\/post"}],"author":[{"embeddable":true,"href":"https:\/\/www.diarioimagen.net\/index.php?rest_route=\/wp\/v2\/users\/3"}],"replies":[{"embeddable":true,"href":"https:\/\/www.diarioimagen.net\/index.php?rest_route=%2Fwp%2Fv2%2Fcomments&post=405140"}],"version-history":[{"count":0,"href":"https:\/\/www.diarioimagen.net\/index.php?rest_route=\/wp\/v2\/posts\/405140\/revisions"}],"wp:featuredmedia":[{"embeddable":true,"href":"https:\/\/www.diarioimagen.net\/index.php?rest_route=\/wp\/v2\/media\/405214"}],"wp:attachment":[{"href":"https:\/\/www.diarioimagen.net\/index.php?rest_route=%2Fwp%2Fv2%2Fmedia&parent=405140"}],"wp:term":[{"taxonomy":"category","embeddable":true,"href":"https:\/\/www.diarioimagen.net\/index.php?rest_route=%2Fwp%2Fv2%2Fcategories&post=405140"},{"taxonomy":"post_tag","embeddable":true,"href":"https:\/\/www.diarioimagen.net\/index.php?rest_route=%2Fwp%2Fv2%2Ftags&post=405140"}],"curies":[{"name":"wp","href":"https:\/\/api.w.org\/{rel}","templated":true}]}}