{"id":405247,"date":"2018-11-29T00:10:02","date_gmt":"2018-11-29T06:10:02","guid":{"rendered":"https:\/\/www.diarioimagen.net\/?p=405247"},"modified":"2018-11-29T00:24:26","modified_gmt":"2018-11-29T06:24:26","slug":"convenio-del-gem-para-un-transporte-publico-moderno-y-seguro","status":"publish","type":"post","link":"https:\/\/www.diarioimagen.net\/?p=405247","title":{"rendered":"Apoyo para renovaci\u00f3n de parque vehicular"},"content":{"rendered":"<h2>Arco Norte<\/h2>\n<h5>Jos\u00e9 Luis Monta\u00f1ez Aguilar<\/h5>\n<p>&nbsp;<\/p>\n<div id=\"attachment_405248\" style=\"width: 470px\" class=\"wp-caption aligncenter\"><img loading=\"lazy\" decoding=\"async\" aria-describedby=\"caption-attachment-405248\" class=\"size-large wp-image-405248\" src=\"https:\/\/www.diarioimagen.net\/wp-content\/uploads\/2018\/11\/CONVENIO29-PORTAL-460x268.jpg\" alt=\"\" width=\"460\" height=\"268\" srcset=\"https:\/\/www.diarioimagen.net\/wp-content\/uploads\/2018\/11\/CONVENIO29-PORTAL-460x268.jpg 460w, https:\/\/www.diarioimagen.net\/wp-content\/uploads\/2018\/11\/CONVENIO29-PORTAL-240x140.jpg 240w, https:\/\/www.diarioimagen.net\/wp-content\/uploads\/2018\/11\/CONVENIO29-PORTAL.jpg 480w\" sizes=\"auto, (max-width: 460px) 100vw, 460px\" \/><p id=\"caption-attachment-405248\" class=\"wp-caption-text\">El Secretario de Movilidad, Raymundo Mart\u00ednez Carbajal, furm\u00f3 un Convenio de Concertaci\u00f3n de Acciones con ANPACT) y AMDAMEX para apoyar a los concesionarios del transporte p\u00fablico de la entidad.<\/p><\/div>\n<p>&nbsp;<\/p>\n<p>La Secretar\u00eda de Movilidad del Estado de M\u00e9xico firm\u00f3 un convenio de colaboraci\u00f3n con distribuidoras de autom\u00f3viles a trav\u00e9s del cual los transportistas cuentan con esquemas de financiamiento accesibles para renovar su parque vehicular con unidades h\u00edbridas, el\u00e9ctricas o de combusti\u00f3n interna, mismas que ser\u00e1n entregadas con equipo de seguridad, como c\u00e1maras de videovigilancia, GPS y bot\u00f3n de p\u00e1nico.<\/p>\n<p>El secretario de Movilidad, Raymundo Mart\u00ednez Carbajal, dijo que el Convenio de Concertaci\u00f3n de Acciones, firmado con la Asociaci\u00f3n Nacional de Productores de Autobuses, Camiones y Tractocamiones (ANPACT) y con la Asociaci\u00f3n de Distribuidores de Autom\u00f3viles del Estado de M\u00e9xico (AMDAMEX), busca apoyar a los concesionarios del transporte p\u00fablico de la entidad, para que puedan cumplir con el programa de ordenamiento establecidos en la Gaceta de Gobierno del 20 de marzo.<\/p>\n<p>En este sentido, destac\u00f3 que \u201clas alianzas estrat\u00e9gicas entre todos los \u00f3rdenes de gobierno, el sector privado, acad\u00e9mico y las organizaciones de la sociedad civil son factor de \u00e9xito en la implementaci\u00f3n de pol\u00edticas p\u00fablicas para atender problemas espec\u00edficos y mejorar la calidad de vida de la poblaci\u00f3n\u201d.<\/p>\n<p>En su oportunidad Mar\u00eda de los \u00c1ngeles Arriaga de Quiroz, presidenta de la AMDAMEX, dijo que con este acuerdo se garantiza a los interesados a acceder a unidades modernas, seguras y debidamente identificadas que estar\u00e1n monitoreadas y, a la larga, se ver\u00e1n los beneficios, ya que se reducir\u00e1n los costos de mantenimiento.<\/p>\n<p>Por su parte, Miguel\u00a0 Heberto Elizalde Liz\u00e1rraga, presidente Ejecutivo de la ANPACT, destac\u00f3 que la industria productora de veh\u00edculos de carga y pasaje se compromete a colaborar con las autoridades del Estado de M\u00e9xico y de todos los niveles de gobierno, para impulsar un autotransporte moderno que repercuta en mayor seguridad, mejore el medio ambiente, ofrezca mayor competitividad y beneficie a la ciudadan\u00eda.<\/p>\n<p>En este mismo evento, Mart\u00ednez Carbajal tambi\u00e9n se refiri\u00f3 al curso de \u201cCapacitaci\u00f3n\/Alineaci\u00f3n y Certificaci\u00f3n para los Operadores del Servicio P\u00fablico de Transporte\u201d, que impartir\u00e1 el Conalep.<\/p>\n<p><em><a href=\"mailto:montanezaguilar@gmail.com\" target=\"_blank\" rel=\"noopener\">montanezaguilar@gmail.com<\/a><\/em><\/p>\n<p>&nbsp;<\/p>\n","protected":false},"excerpt":{"rendered":"<p><span style=\"color: #005497;\">Jos\u00e9 Luis Monta\u00f1ez Aguilar<\/span><br \/>\n<br \/>\nLa Secretar\u00eda de Movilidad del Estado de M\u00e9xico firm\u00f3 un convenio de colaboraci\u00f3n con distribuidoras de autom\u00f3viles a trav\u00e9s del cual los transportistas cuentan con esquemas de financiamiento accesibles para renovar su parque vehicular con unidades h\u00edbridas, el\u00e9ctricas o de combusti\u00f3n interna, mismas que ser\u00e1n entregadas con equipo de seguridad, como c\u00e1maras de videovigilancia, GPS y bot\u00f3n de p\u00e1nico.<\/p>\n","protected":false},"author":5,"featured_media":405248,"comment_status":"open","ping_status":"open","sticky":false,"template":"","format":"standard","meta":{"_monsterinsights_skip_tracking":false,"_monsterinsights_sitenote_active":false,"_monsterinsights_sitenote_note":"","_monsterinsights_sitenote_category":0,"footnotes":""},"categories":[5],"tags":[13284,1720,43704,43674,68464,80586],"class_list":["post-405247","post","type-post","status-publish","format-standard","has-post-thumbnail","hentry","category-estado-de-mexico","tag-arco-norte","tag-gem","tag-jose-luis-montanez-aguilar","tag-opinion","tag-raymundo-martinez-carbajal","tag-transporte-publico-moderno"],"_links":{"self":[{"href":"https:\/\/www.diarioimagen.net\/index.php?rest_route=\/wp\/v2\/posts\/405247","targetHints":{"allow":["GET"]}}],"collection":[{"href":"https:\/\/www.diarioimagen.net\/index.php?rest_route=\/wp\/v2\/posts"}],"about":[{"href":"https:\/\/www.diarioimagen.net\/index.php?rest_route=\/wp\/v2\/types\/post"}],"author":[{"embeddable":true,"href":"https:\/\/www.diarioimagen.net\/index.php?rest_route=\/wp\/v2\/users\/5"}],"replies":[{"embeddable":true,"href":"https:\/\/www.diarioimagen.net\/index.php?rest_route=%2Fwp%2Fv2%2Fcomments&post=405247"}],"version-history":[{"count":0,"href":"https:\/\/www.diarioimagen.net\/index.php?rest_route=\/wp\/v2\/posts\/405247\/revisions"}],"wp:featuredmedia":[{"embeddable":true,"href":"https:\/\/www.diarioimagen.net\/index.php?rest_route=\/wp\/v2\/media\/405248"}],"wp:attachment":[{"href":"https:\/\/www.diarioimagen.net\/index.php?rest_route=%2Fwp%2Fv2%2Fmedia&parent=405247"}],"wp:term":[{"taxonomy":"category","embeddable":true,"href":"https:\/\/www.diarioimagen.net\/index.php?rest_route=%2Fwp%2Fv2%2Fcategories&post=405247"},{"taxonomy":"post_tag","embeddable":true,"href":"https:\/\/www.diarioimagen.net\/index.php?rest_route=%2Fwp%2Fv2%2Ftags&post=405247"}],"curies":[{"name":"wp","href":"https:\/\/api.w.org\/{rel}","templated":true}]}}