{"id":405260,"date":"2018-11-29T00:11:40","date_gmt":"2018-11-29T06:11:40","guid":{"rendered":"https:\/\/www.diarioimagen.net\/?p=405260"},"modified":"2018-11-29T02:44:24","modified_gmt":"2018-11-29T08:44:24","slug":"lopez-obrador-toma-un-descanso-previo-a-su-toma-de-posesion","status":"publish","type":"post","link":"https:\/\/www.diarioimagen.net\/?p=405260","title":{"rendered":"AMLO se va de descanso, previo a toma de posesi\u00f3n"},"content":{"rendered":"<ul>\n<li><strong><em>Viaja a su rancho en Palenque<\/em><\/strong><\/li>\n<li><strong><em>Lo acompa\u00f1a el presidente de Cantabria, \u00c1ngel Revi\u00f1a<\/em><\/strong><\/li>\n<\/ul>\n<p>&nbsp;<\/p>\n<div id=\"attachment_405261\" style=\"width: 470px\" class=\"wp-caption aligncenter\"><img loading=\"lazy\" decoding=\"async\" aria-describedby=\"caption-attachment-405261\" class=\"wp-image-405261 size-large\" src=\"https:\/\/www.diarioimagen.net\/wp-content\/uploads\/2018\/11\/OBRADOR-PORTAL-460x268.jpg\" alt=\"\" width=\"460\" height=\"268\" srcset=\"https:\/\/www.diarioimagen.net\/wp-content\/uploads\/2018\/11\/OBRADOR-PORTAL-460x268.jpg 460w, https:\/\/www.diarioimagen.net\/wp-content\/uploads\/2018\/11\/OBRADOR-PORTAL-240x140.jpg 240w, https:\/\/www.diarioimagen.net\/wp-content\/uploads\/2018\/11\/OBRADOR-PORTAL.jpg 480w\" sizes=\"auto, (max-width: 460px) 100vw, 460px\" \/><p id=\"caption-attachment-405261\" class=\"wp-caption-text\">Andr\u00e9s Manuel L\u00f3pez Obrador viaj\u00f3 a su rancho en Palenque, acompa\u00f1ado por Miguel \u00c1ngel Revilla, presidente de Cantabria.<\/p><\/div>\n<p>&nbsp;<\/p>\n<p>&nbsp;<\/p>\n<p>El Presidente electo, Andr\u00e9s Manuel L\u00f3pez Obrador, viaj\u00f3 ayer mi\u00e9rcoles a Chiapas, para tomarse unos d\u00edas previo a su toma de posesi\u00f3n, el pr\u00f3ximo s\u00e1bado 1 de diciembre.<\/p>\n<p>L\u00f3pez Obrador vol\u00f3 acompa\u00f1ado por Miguel \u00c1ngel Revilla, presidente de Cantabria, Espa\u00f1a, quien lleg\u00f3 a M\u00e9xico ayer y fue recibido por el propio Presidente electo para despu\u00e9s dirigirse a Palenque.<\/p>\n<p>De acuerdo con Revilla, tambi\u00e9n secretario general del Partido Regionalista de Cantabria (PRC), el pol\u00edtico tabasque\u00f1o lo hospedar\u00e1 en su rancho, ubicado en Palenque, Chiapas.<\/p>\n<p>\u201cYa estoy en M\u00e9xico donde me espera mi amigo, y que ser\u00e1 pr\u00f3ximo Presidente, para quedarme en su ranchito en Palenque, puro tr\u00f3pico\u201d, public\u00f3 en su cuenta de Twitter @RevillaMiguelA, donde comparti\u00f3 dos fotograf\u00edas con L\u00f3pez Obrador, una en el aeropuerto y otra en el rancho.<\/p>\n<p>Ambos pol\u00edticos volaron hasta Palenque, ciudad cercana a la finca \u201cLa Chingada\u201d, propiedad de L\u00f3pez Obrador, seg\u00fan public\u00f3 el pol\u00edtico c\u00e1ntabro en redes sociales.\u201cAterrizo en M\u00e9xico para ir a la toma de posesi\u00f3n de mi amigo AMLO. Aqu\u00ed estamos en el aeropuerto, recibi\u00e9ndome para dirigirnos a Palenque\u201d, escribi\u00f3 Revilla en Twitter junto a una foto de los dos pol\u00edticos abraz\u00e1ndose efusivamente.<\/p>\n<p>Revilla, quien calific\u00f3 al \u201cranchito\u201d como \u201cpuro tr\u00f3pico\u201d, conoci\u00f3 al pr\u00f3ximo mandatario mexicano el a\u00f1o pasado durante una visita a Espa\u00f1a, tras haberle mandado varios libros, sin que L\u00f3pez Obrador respondiera.<\/p>\n<p>Gracias a la intermediaci\u00f3n de un empresario c\u00e1ntabro y de Yeidckol Polevnsky, presidenta del Movimiento Regeneraci\u00f3n Nacional de L\u00f3pez Obrador, Revilla y L\u00f3pez Obrador pudieron conocerse en Espa\u00f1a y visitar juntos Cantabria, tierra natal del abuelo del mexicano.<\/p>\n<p>L\u00f3pez Obrador descansar\u00e1 en su finca chiapaneca junto a su esposa, Beatriz Guti\u00e9rrez, los d\u00edas previos a la toma de posesi\u00f3n como presidente, sucediendo a Enrique Pe\u00f1a Nieto, informaron medios locales.<\/p>\n<p>La ceremonia tendr\u00e1 lugar este s\u00e1bado, 1 de diciembre, en la C\u00e1mara de Diputados ante numerosas autoridades extranjeras, como el rey Felipe VI de Espa\u00f1a; el presidente de Colombia, Iv\u00e1n Duque; el de Venezuela, Nicol\u00e1s Maduro e Ivanka Trump, hija del presidente Donald Trump.<\/p>\n","protected":false},"excerpt":{"rendered":"<p>El Presidente electo, Andr\u00e9s Manuel L\u00f3pez Obrador, viaj\u00f3 ayer mi\u00e9rcoles a Chiapas, para tomarse unos d\u00edas previo a su toma de posesi\u00f3n, el pr\u00f3ximo s\u00e1bado 1 de diciembre. L\u00f3pez Obrador vol\u00f3 acompa\u00f1ado por Miguel \u00c1ngel Revilla, presidente de Cantabria, Espa\u00f1a, quien lleg\u00f3 a M\u00e9xico ayer y fue recibido por el propio Presidente electo para despu\u00e9s dirigirse a Palenque.<\/p>\n","protected":false},"author":5,"featured_media":405261,"comment_status":"open","ping_status":"open","sticky":false,"template":"","format":"standard","meta":{"_monsterinsights_skip_tracking":false,"_monsterinsights_sitenote_active":false,"_monsterinsights_sitenote_note":"","_monsterinsights_sitenote_category":0,"footnotes":""},"categories":[3],"tags":[2545,2269,80599,43673,77412,80597,65661,80596],"class_list":["post-405260","post","type-post","status-publish","format-standard","has-post-thumbnail","hentry","category-nacional","tag-amlo","tag-chiapas","tag-este-miercoles-a-chiapas","tag-nacional","tag-posesion","tag-rancho-en-palenque","tag-toma","tag-toma-de-posesion"],"_links":{"self":[{"href":"https:\/\/www.diarioimagen.net\/index.php?rest_route=\/wp\/v2\/posts\/405260","targetHints":{"allow":["GET"]}}],"collection":[{"href":"https:\/\/www.diarioimagen.net\/index.php?rest_route=\/wp\/v2\/posts"}],"about":[{"href":"https:\/\/www.diarioimagen.net\/index.php?rest_route=\/wp\/v2\/types\/post"}],"author":[{"embeddable":true,"href":"https:\/\/www.diarioimagen.net\/index.php?rest_route=\/wp\/v2\/users\/5"}],"replies":[{"embeddable":true,"href":"https:\/\/www.diarioimagen.net\/index.php?rest_route=%2Fwp%2Fv2%2Fcomments&post=405260"}],"version-history":[{"count":0,"href":"https:\/\/www.diarioimagen.net\/index.php?rest_route=\/wp\/v2\/posts\/405260\/revisions"}],"wp:featuredmedia":[{"embeddable":true,"href":"https:\/\/www.diarioimagen.net\/index.php?rest_route=\/wp\/v2\/media\/405261"}],"wp:attachment":[{"href":"https:\/\/www.diarioimagen.net\/index.php?rest_route=%2Fwp%2Fv2%2Fmedia&parent=405260"}],"wp:term":[{"taxonomy":"category","embeddable":true,"href":"https:\/\/www.diarioimagen.net\/index.php?rest_route=%2Fwp%2Fv2%2Fcategories&post=405260"},{"taxonomy":"post_tag","embeddable":true,"href":"https:\/\/www.diarioimagen.net\/index.php?rest_route=%2Fwp%2Fv2%2Ftags&post=405260"}],"curies":[{"name":"wp","href":"https:\/\/api.w.org\/{rel}","templated":true}]}}