{"id":405263,"date":"2018-11-29T00:09:06","date_gmt":"2018-11-29T06:09:06","guid":{"rendered":"https:\/\/www.diarioimagen.net\/?p=405263"},"modified":"2018-11-30T00:52:53","modified_gmt":"2018-11-30T06:52:53","slug":"destaca-del-mazo-renovacion-de-cerca-de-30-mil-unidades-de-transporte-publico","status":"publish","type":"post","link":"https:\/\/www.diarioimagen.net\/?p=405263","title":{"rendered":"Destaca Del Mazo renovaci\u00f3n de unidades de transporte p\u00fablico"},"content":{"rendered":"<ul>\n<li><em><strong>Banderazo a 400 unidades con sistema de seguridad<\/strong><\/em><\/li>\n<li><em><strong>Cerca de 98 mil concesiones han sido actualizadas<\/strong><\/em><\/li>\n<\/ul>\n<h6>Jos\u00e9 Luis Monta\u00f1ez<\/h6>\n<p>&nbsp;<\/p>\n<div id=\"attachment_405264\" style=\"width: 470px\" class=\"wp-caption aligncenter\"><img loading=\"lazy\" decoding=\"async\" aria-describedby=\"caption-attachment-405264\" class=\"wp-image-405264 size-large\" src=\"https:\/\/www.diarioimagen.net\/wp-content\/uploads\/2018\/11\/DEL-MAZO29-PORTAL-460x268.jpg\" alt=\"\" width=\"460\" height=\"268\" srcset=\"https:\/\/www.diarioimagen.net\/wp-content\/uploads\/2018\/11\/DEL-MAZO29-PORTAL-460x268.jpg 460w, https:\/\/www.diarioimagen.net\/wp-content\/uploads\/2018\/11\/DEL-MAZO29-PORTAL-240x140.jpg 240w, https:\/\/www.diarioimagen.net\/wp-content\/uploads\/2018\/11\/DEL-MAZO29-PORTAL.jpg 480w\" sizes=\"auto, (max-width: 460px) 100vw, 460px\" \/><p id=\"caption-attachment-405264\" class=\"wp-caption-text\">Alfredo Del Mazo Maza inform\u00f3 que hasta el momento se han renovado cerca de 30 mil veh\u00edculos de transporte p\u00fablico que ten\u00edan m\u00e1s de 10 a\u00f1os de servicio.<\/p><\/div>\n<p>&nbsp;<\/p>\n<p>&nbsp;<\/p>\n<p><strong>Chalco, Estado de M\u00e9xico<\/strong>.- Durante el banderazo de salida de 400 unidades de transporte p\u00fablico con kit de seguridad de la Asociaci\u00f3n de Transportistas G7, el gobernador Alfredo Del Mazo Maza inform\u00f3 que hasta el momento se han renovado cerca de 30 mil veh\u00edculos de transporte p\u00fablico que ten\u00edan m\u00e1s de 10 a\u00f1os de servicio.<\/p>\n<p>Aunado a ello, dijo, se cuenta con unidades de transporte que son monitoreadas en los Centros de Control y Gesti\u00f3n, y las cuales ya tiene c\u00e1maras de vigilancia, bot\u00f3n de p\u00e1nico y GPS, lo que incrementa la seguridad de los usuarios y de los transportistas, al inhibir acciones delincuenciales.<\/p>\n<p>\u201cHoy podemos decir que en el Estado de M\u00e9xico trabajamos de la mano del sector de los transportistas, que juntos hemos logrado esta transformaci\u00f3n, que gracias a la confianza y a la voluntad de ustedes y al esfuerzo que ha hecho el gobierno del Estado y la Secretar\u00eda estamos haciendo un cambio, estamos seguros que juntos los vamos a lograr para darle el servicio que requiere la ciudadan\u00eda y las familias mexiquenses\u201d.<\/p>\n<p>Del Mazo Maza indic\u00f3 que tambi\u00e9n se trabaja en el ordenamiento del transporte p\u00fablico para evitar la competencia desleal, as\u00ed como para garantizar que las empresas que brindan un servicio de transporte eficiente y seguro, lo puedan seguir haciendo.<\/p>\n<p>En este sentido, precis\u00f3 que en este rubro se lleva un avance del 56 por ciento, lo que representa que cerca de 98 mil concesiones de transporte han sido actualizadas y renovadas.<\/p>\n<p>El gobernador mexiquense afirm\u00f3 que en el Estado de M\u00e9xico tambi\u00e9n se vela por el cuidado y la integridad de las mujeres mexiquenses, por ello, dentro del Plan Integral de Movilidad, se contempla la implementaci\u00f3n de un modelo con perspectiva de g\u00e9nero en el transporte p\u00fablico.<\/p>\n<p>Al respecto, detall\u00f3 que este modelo contempla incrementar el monitoreo de las rutas y fortalecer el sistema de video vigilancia, GPS y botones de p\u00e1nico en los municipios que tienen Alerta de G\u00e9nero y aumentar el n\u00famero de unidades de transporte rosa. Adem\u00e1s de realizar operativos de inspecci\u00f3n para inhibir delitos, as\u00ed como profesionalizar y capacitar a los conductores en perspectiva de g\u00e9nero.<\/p>\n<p>\u201cLa importancia de implementar un modelo de movilidad con perspectiva de g\u00e9nero que ayude a fortalecer el servicio de transporte brindado a las mujeres, que ese servicio nos ayude a tener una mayor seguridad a lo largo del transporte para las usuarias y tambi\u00e9n para las operadoras mujeres que se dedican al transporte p\u00fablico\u201d.<\/p>\n<p>Manifest\u00f3 que la mitad de los usuarios del transporte p\u00fablico en la entidad son mujeres, quienes realizan seis veces m\u00e1s viajes que los hombres y son m\u00e1s vulnerables a sufrir ataques y acosos durante su traslado, por ello, la importancia de implementar un modelo con perspectiva de g\u00e9nero, que fortalezca el servicio brindado al sector femenino.<\/p>\n<p>Puntualiz\u00f3 que se apoya a los transportistas con esquemas de financiamiento para que puedan renovar sus unidades, para que sean modernas, seguras y c\u00f3modas, para dignificar el servicio en beneficio de las familias mexiquenses.<\/p>\n<p>Agreg\u00f3 que se busca tambi\u00e9n crear condiciones que desincentiven el uso del autom\u00f3vil, proteger el medio ambiente, as\u00ed como reducir el tr\u00e1fico y los tiempos de traslado, y se certifica y capacita a los conductores, para que den un mejor servicio.<\/p>\n<p>El mandatario estatal se\u00f1al\u00f3 que estas acciones se llevan a cabo, porque hacer valer el derecho a la movilidad es fundamental para impulsar la competitividad de las empresas, elevar la productividad de las personas y mejorar la calidad de vida de las familias. Por ello, dijo, el Plan Integral de Movilidad de la entidad, contempla brindar mayores condiciones de igualdad, seguridad, inclusi\u00f3n y sustentabilidad en materia de transporte p\u00fablico.<\/p>\n<p>Asimismo, dijo que la entidad forma parte de la cuarta Zona Metropolitana m\u00e1s grande a nivel mundial, donde se realizan m\u00e1s de 34 millones de viajes diarios, en los cuales se movilizan cerca de 15 millones de personas.<\/p>\n<p>\u201cAmigos, amigas transportistas del Estado de M\u00e9xico, porque en ustedes recae una responsabilidad muy grande de mover a millones de mujeres, de hombres, de j\u00f3venes, de familias todos los d\u00edas, queremos que el sistema de transporte de nuestro estado sea un sistema m\u00e1s eficiente, m\u00e1s seguro, con mejor calidad en el servicio y un sistema que adem\u00e1s de brindar un mejor servicio tambi\u00e9n represente mejores ingresos para los empresarios que se dedican al transporte\u201d, apunt\u00f3.<\/p>\n<p>El Gobernador mexiquense reconoci\u00f3 y agradeci\u00f3 a los transportistas que se han sumado a estas acciones que permiten brindar mejores servicios y mayor seguridad para los mexiquenses, y reiter\u00f3 su compromiso de continuar trabajando de la mano con este sector.<\/p>\n<p>Durante su intervenci\u00f3n, el Secretario de Movilidad, Raymundo Mart\u00ednez Carbajal, destac\u00f3 las acciones emprendidas por el Gobierno mexiquense en materia de movilidad con visi\u00f3n de g\u00e9nero.<\/p>\n<p>\u201cGarantizar la movilidad de las mujeres en condiciones de igualdad y que la introducci\u00f3n de la perspectiva de g\u00e9nero en el transporte sea el reconocimiento de una voz que se toma en cuenta en las decisiones y en la planificaci\u00f3n de la movilidad urbana requiere acciones estrat\u00e9gicas como elevar la calidad de servicio en el transporte p\u00fablico, mejorar los est\u00e1ndares de calidad y cobertura del conocido como Transporte Rosa, difundir la cultura de la no violencia y promover la equidad, entre otros\u201d, asegur\u00f3.<\/p>\n<p>El l\u00edder de la empresa de Autotransportes Santa Mar\u00eda Astahuac\u00e1n, Arturo Garc\u00eda Villalba, indic\u00f3 que la asociaci\u00f3n de transportistas \u201cG7\u201d, moviliza dentro de la entidad y hacia la Ciudad de M\u00e9xico a m\u00e1s de 400 mil usuarios diariamente, ante esto, dijo, el sector debe trabajar de la mano con el gobierno para crear estrategias en las empresas y eficientar el servicio, mediante el pacto de colaboraci\u00f3n institucional con el Colegio Nacional de Educaci\u00f3n Profesional T\u00e9cnica, que permitir\u00e1 formar conductores capacitados en el trato digno a los usuarios.<\/p>\n<p>Afirm\u00f3 que est\u00e1n comprometidos en buscar la soluci\u00f3n a la problem\u00e1tica de movilidad, a trav\u00e9s de la concientizaci\u00f3n y socializaci\u00f3n de los proyectos, con enfoques de pol\u00edticas p\u00fablicas incluyentes y con una mayor participaci\u00f3n ciudadana, para que se mejore la calidad de vida, lograr una entidad justa, creativa y ecol\u00f3gica.<\/p>\n","protected":false},"excerpt":{"rendered":"<p><span style=\"color: #005497;\">Jos\u00e9 Luis Monta\u00f1ez<\/span><br \/>\n<br \/>\nDurante el banderazo de salida de 400 unidades de transporte p\u00fablico con kit de seguridad de la Asociaci\u00f3n de Transportistas G7, el gobernador Alfredo Del Mazo Maza inform\u00f3 que hasta el momento se han renovado cerca de 30 mil veh\u00edculos de transporte p\u00fablico que ten\u00edan m\u00e1s de 10 a\u00f1os de servicio.<\/p>\n","protected":false},"author":5,"featured_media":405264,"comment_status":"open","ping_status":"open","sticky":false,"template":"","format":"standard","meta":{"_monsterinsights_skip_tracking":false,"_monsterinsights_sitenote_active":false,"_monsterinsights_sitenote_note":"","_monsterinsights_sitenote_category":0,"footnotes":""},"categories":[5],"tags":[80600,80601,2505,541,43675,80602],"class_list":["post-405263","post","type-post","status-publish","format-standard","has-post-thumbnail","hentry","category-estado-de-mexico","tag-30-mil-unidades-de-transporte-publico","tag-400-unidades-con-sistema-de-seguridad","tag-alfredo-del-mazo-maza","tag-chalco","tag-estado-de-mexico","tag-transportistas-g7"],"_links":{"self":[{"href":"https:\/\/www.diarioimagen.net\/index.php?rest_route=\/wp\/v2\/posts\/405263","targetHints":{"allow":["GET"]}}],"collection":[{"href":"https:\/\/www.diarioimagen.net\/index.php?rest_route=\/wp\/v2\/posts"}],"about":[{"href":"https:\/\/www.diarioimagen.net\/index.php?rest_route=\/wp\/v2\/types\/post"}],"author":[{"embeddable":true,"href":"https:\/\/www.diarioimagen.net\/index.php?rest_route=\/wp\/v2\/users\/5"}],"replies":[{"embeddable":true,"href":"https:\/\/www.diarioimagen.net\/index.php?rest_route=%2Fwp%2Fv2%2Fcomments&post=405263"}],"version-history":[{"count":0,"href":"https:\/\/www.diarioimagen.net\/index.php?rest_route=\/wp\/v2\/posts\/405263\/revisions"}],"wp:featuredmedia":[{"embeddable":true,"href":"https:\/\/www.diarioimagen.net\/index.php?rest_route=\/wp\/v2\/media\/405264"}],"wp:attachment":[{"href":"https:\/\/www.diarioimagen.net\/index.php?rest_route=%2Fwp%2Fv2%2Fmedia&parent=405263"}],"wp:term":[{"taxonomy":"category","embeddable":true,"href":"https:\/\/www.diarioimagen.net\/index.php?rest_route=%2Fwp%2Fv2%2Fcategories&post=405263"},{"taxonomy":"post_tag","embeddable":true,"href":"https:\/\/www.diarioimagen.net\/index.php?rest_route=%2Fwp%2Fv2%2Ftags&post=405263"}],"curies":[{"name":"wp","href":"https:\/\/api.w.org\/{rel}","templated":true}]}}