{"id":405314,"date":"2018-11-29T00:11:23","date_gmt":"2018-11-29T06:11:23","guid":{"rendered":"https:\/\/www.diarioimagen.net\/?p=405314"},"modified":"2018-11-29T07:41:02","modified_gmt":"2018-11-29T13:41:02","slug":"manana-se-firma-tratado-entre-mexico-eu-y-canada","status":"publish","type":"post","link":"https:\/\/www.diarioimagen.net\/?p=405314","title":{"rendered":"Ma\u00f1ana se firma tratado entre M\u00e9xico, EU y Canad\u00e1"},"content":{"rendered":"<ul>\n<li><strong><em>En Argentina<\/em><\/strong><\/li>\n<\/ul>\n<p>&nbsp;<\/p>\n<p><a href=\"https:\/\/www.diarioimagen.net\/?attachment_id=405417\" rel=\"attachment wp-att-405417\"><img loading=\"lazy\" decoding=\"async\" class=\"aligncenter size-large wp-image-405417\" src=\"https:\/\/www.diarioimagen.net\/wp-content\/uploads\/2018\/11\/TRATADO29-460x259.jpg\" alt=\"\" width=\"460\" height=\"259\" srcset=\"https:\/\/www.diarioimagen.net\/wp-content\/uploads\/2018\/11\/TRATADO29-460x259.jpg 460w, https:\/\/www.diarioimagen.net\/wp-content\/uploads\/2018\/11\/TRATADO29-240x135.jpg 240w, https:\/\/www.diarioimagen.net\/wp-content\/uploads\/2018\/11\/TRATADO29-235x132.jpg 235w, https:\/\/www.diarioimagen.net\/wp-content\/uploads\/2018\/11\/TRATADO29-202x114.jpg 202w, https:\/\/www.diarioimagen.net\/wp-content\/uploads\/2018\/11\/TRATADO29-350x196.jpg 350w, https:\/\/www.diarioimagen.net\/wp-content\/uploads\/2018\/11\/TRATADO29-220x123.jpg 220w, https:\/\/www.diarioimagen.net\/wp-content\/uploads\/2018\/11\/TRATADO29-237x132.jpg 237w, https:\/\/www.diarioimagen.net\/wp-content\/uploads\/2018\/11\/TRATADO29.jpg 480w\" sizes=\"auto, (max-width: 460px) 100vw, 460px\" \/><\/a><\/p>\n<p>&nbsp;<\/p>\n<p>Ma\u00f1ana viernes a las 6:00 horas tiempo de M\u00e9xico, el presidente Pe\u00f1a Nieto, Donald Trump\u00a0 y Justin Trudeau firmar\u00e1n en Argentina, en el marco de la cumbre del G-20, el nuevo tratado comercial de Am\u00e9rica del Norte denominado T-MEC.<\/p>\n<p>\u201cLa firma del nuevo Tratado entre M\u00e9xico, Estados Unidos y Canad\u00e1 (T-MEC) est\u00e1 programada para el\u00a0 viernes a las 9:00 de la ma\u00f1ana de Buenos Aires, que ser\u00e1n las 6:00 de la ma\u00f1ana hora de M\u00e9xico, a esa hora se estar\u00e1 firmando el tratado\u201d, explic\u00f3 el secretario de Relaciones Exteriores, Luis Videgaray.<\/p>\n<p>En tanto, el sector empresarial mexicano se alista para cabildear la aprobaci\u00f3n del Tratado entre M\u00e9xico, Estados Unidos y Canad\u00e1 (T-MEC) en los respectivos congresos, revel\u00f3 Juan Pablo Casta\u00f1\u00f3n, presidente del Consejo Consultivo Estrat\u00e9gico de Negociaciones Internacionales (CCENI).<\/p>\n<p style=\"text-align: center;\"><strong>Videgaray defiende <\/strong><strong>entrega de \u00c1guila Azteca <\/strong><\/p>\n<p>Las cr\u00edticas por la entrega de la Orden Mexicana del \u00c1guila Azteca que har\u00e1 el gobierno federal a Jared Jushner, obedece a que se conoce poco de la contribuci\u00f3n del asesor senior de la Casa Blanca en la negociaci\u00f3n del nuevo Tratado entre M\u00e9xico, Estados Unidos y Canad\u00e1 (T-MEC), afirm\u00f3 el canciller.<\/p>\n<p>\u201cMucho de lo que hizo (Jared Kushner), lo hizo lejos de los reflectores y eso le dio mayor efectividad, una tarea que no se pod\u00eda hacer a la luz p\u00fablica, y por lo tanto fue una tarea discreta, pero de alt\u00edsimo impacto\u201d, asegur\u00f3 el titular de la Secretar\u00eda de Relaciones Exteriores.<\/p>\n<p>En entrevista televisiva, destac\u00f3 la contribuci\u00f3n del tambi\u00e9n yerno del presidente de Estados Unidos, Donald Trump, en la renegociaci\u00f3n del Tratado de Libre Comercio de Am\u00e9rica del Norte (TLCAN), al evitar una salida unilateral de dicho pa\u00eds del convenio.<\/p>\n<p>Afirm\u00f3 que la intervenci\u00f3n, incluso antes de las negociaciones, fue determinante para lograr el T-MEC, que sustituir\u00e1 al TLCAN en caso de ser aprobado por el Senado mexicano y que representa un elemento de estabilidad para la econom\u00eda nacional y de certidumbre para los trabajadores mexicanos, cuyo empleo depende de las exportaciones de bienes y servicios de M\u00e9xico a Estados Unidos y Canad\u00e1.<\/p>\n<p>\u201cEs una intervenci\u00f3n clara, es un hecho contundente que sin su participaci\u00f3n no tendr\u00edamos hoy el escenario que tenemos hacia adelante\u201d, reiter\u00f3 el funcionario.<\/p>\n<p>Videgaray Caso dijo que el hecho de que tenga una relaci\u00f3n de trabajo y familiar con el presidente Trump no es un motivo v\u00e1lido para cuestionar el otorgamiento de la condecoraci\u00f3n.<\/p>\n<p>Respecto a la propuesta del mandatario estadunidense sobre la construcci\u00f3n de un muro en la zona fronteriza entre ambas naciones, Videgaray Caso reiter\u00f3 que el tema no es parte de la relaci\u00f3n bilateral, pues \u201cal final, cada pa\u00eds es soberano y tiene la facultad de c\u00f3mo resguardar su frontera, con qu\u00e9 pol\u00edticas e instrumentos\u201d.<\/p>\n<p>Indic\u00f3 que M\u00e9xico nunca contribuir\u00e1 a establecer barreras entre un pa\u00eds y otro, y reiter\u00f3 el apoyo que se ha brindado a la caravana de migrantes que se encuentra en Tijuana, Baja California, a cuyo estado, dijo, se ha ayudado para dar atenci\u00f3n alimenticia y de salud a los centroamericanos.<\/p>\n<p>\u201cDebemos trabajar, ambos pa\u00edses, en encontrar una soluci\u00f3n estructural al problema de la migraci\u00f3n centroamericana, no solo en un enfoque con tono policiaco, hay una situaci\u00f3n inminente urgente con los migrantes que est\u00e1n ah\u00ed en la frontera, sobre todo en Tijuana, pero el cierre de la frontera es la peor opci\u00f3n para las dos naciones\u201d, consider\u00f3.<\/p>\n<p>Subray\u00f3 que es probable que muchos migrantes sean rechazados para ingresar a Estados Unidos, por lo que ayer m\u00e1s de 600 integrantes de la caravana que est\u00e1 en Tijuana se registraron para pedir empleo en M\u00e9xico.<\/p>\n<p>Tras rechazar que M\u00e9xico pueda firmar un acuerdo para ser un tercer pa\u00eds seguro, Luis Videgaray dijo que ello invalidar\u00eda cualquier proceso de asilo en Estados Unidos que hayan hecho los migrantes.<\/p>\n<p>Enfatiz\u00f3 que pese a los esfuerzos del gobierno estatal, Tijuana no tiene la capacidad suficiente para cubrir las necesidades de un grupo de ese tama\u00f1o, por lo que la autoridad federal mantendr\u00e1 su apoyo para atender las principales de la caravana.<\/p>\n","protected":false},"excerpt":{"rendered":"<p>Ma\u00f1ana viernes a las 6:00 horas tiempo de M\u00e9xico, el presidente Pe\u00f1a Nieto, Donald Trump  y Justin Trudeau firmar\u00e1n en Argentina, en el marco de la cumbre del G-20, el nuevo tratado comercial de Am\u00e9rica del Norte denominado T-MEC.<\/p>\n","protected":false},"author":3,"featured_media":405417,"comment_status":"open","ping_status":"open","sticky":false,"template":"","format":"standard","meta":{"_monsterinsights_skip_tracking":false,"_monsterinsights_sitenote_active":false,"_monsterinsights_sitenote_note":"","_monsterinsights_sitenote_category":0,"footnotes":""},"categories":[8],"tags":[431,177,44,43673],"class_list":["post-405314","post","type-post","status-publish","format-standard","has-post-thumbnail","hentry","category-finanzas","tag-canada","tag-estados-unidos","tag-mexico","tag-nacional"],"_links":{"self":[{"href":"https:\/\/www.diarioimagen.net\/index.php?rest_route=\/wp\/v2\/posts\/405314","targetHints":{"allow":["GET"]}}],"collection":[{"href":"https:\/\/www.diarioimagen.net\/index.php?rest_route=\/wp\/v2\/posts"}],"about":[{"href":"https:\/\/www.diarioimagen.net\/index.php?rest_route=\/wp\/v2\/types\/post"}],"author":[{"embeddable":true,"href":"https:\/\/www.diarioimagen.net\/index.php?rest_route=\/wp\/v2\/users\/3"}],"replies":[{"embeddable":true,"href":"https:\/\/www.diarioimagen.net\/index.php?rest_route=%2Fwp%2Fv2%2Fcomments&post=405314"}],"version-history":[{"count":0,"href":"https:\/\/www.diarioimagen.net\/index.php?rest_route=\/wp\/v2\/posts\/405314\/revisions"}],"wp:featuredmedia":[{"embeddable":true,"href":"https:\/\/www.diarioimagen.net\/index.php?rest_route=\/wp\/v2\/media\/405417"}],"wp:attachment":[{"href":"https:\/\/www.diarioimagen.net\/index.php?rest_route=%2Fwp%2Fv2%2Fmedia&parent=405314"}],"wp:term":[{"taxonomy":"category","embeddable":true,"href":"https:\/\/www.diarioimagen.net\/index.php?rest_route=%2Fwp%2Fv2%2Fcategories&post=405314"},{"taxonomy":"post_tag","embeddable":true,"href":"https:\/\/www.diarioimagen.net\/index.php?rest_route=%2Fwp%2Fv2%2Ftags&post=405314"}],"curies":[{"name":"wp","href":"https:\/\/api.w.org\/{rel}","templated":true}]}}