{"id":405326,"date":"2018-11-29T00:08:08","date_gmt":"2018-11-29T06:08:08","guid":{"rendered":"https:\/\/www.diarioimagen.net\/?p=405326"},"modified":"2018-11-29T07:29:17","modified_gmt":"2018-11-29T13:29:17","slug":"refrenda-dif-metepec-apoyo-para-adultos-mayores-y-familias-vulnerables","status":"publish","type":"post","link":"https:\/\/www.diarioimagen.net\/?p=405326","title":{"rendered":"Refrenda DIF Metepec apoyo para adultos mayores y familias vulnerables"},"content":{"rendered":"<ul>\n<li><strong><em>Entregan apoyos en especie, sillas de ruedas y bastones<\/em><\/strong><\/li>\n<\/ul>\n<p>&nbsp;<\/p>\n<div id=\"attachment_405400\" style=\"width: 470px\" class=\"wp-caption aligncenter\"><a href=\"https:\/\/www.diarioimagen.net\/?attachment_id=405400\" rel=\"attachment wp-att-405400\"><img loading=\"lazy\" decoding=\"async\" aria-describedby=\"caption-attachment-405400\" class=\"size-large wp-image-405400\" src=\"https:\/\/www.diarioimagen.net\/wp-content\/uploads\/2018\/11\/METEPEC-29-460x259.jpg\" alt=\"\" width=\"460\" height=\"259\" srcset=\"https:\/\/www.diarioimagen.net\/wp-content\/uploads\/2018\/11\/METEPEC-29-460x259.jpg 460w, https:\/\/www.diarioimagen.net\/wp-content\/uploads\/2018\/11\/METEPEC-29-240x135.jpg 240w, https:\/\/www.diarioimagen.net\/wp-content\/uploads\/2018\/11\/METEPEC-29-235x132.jpg 235w, https:\/\/www.diarioimagen.net\/wp-content\/uploads\/2018\/11\/METEPEC-29-202x114.jpg 202w, https:\/\/www.diarioimagen.net\/wp-content\/uploads\/2018\/11\/METEPEC-29-350x196.jpg 350w, https:\/\/www.diarioimagen.net\/wp-content\/uploads\/2018\/11\/METEPEC-29-220x123.jpg 220w, https:\/\/www.diarioimagen.net\/wp-content\/uploads\/2018\/11\/METEPEC-29-237x132.jpg 237w, https:\/\/www.diarioimagen.net\/wp-content\/uploads\/2018\/11\/METEPEC-29.jpg 480w\" sizes=\"auto, (max-width: 460px) 100vw, 460px\" \/><\/a><p id=\"caption-attachment-405400\" class=\"wp-caption-text\">El DIF municipal ha beneficiado con m\u00e1s de 2 mil 600 consultas m\u00e9dicas gratuitas a personas de la tercera edad.<\/p><\/div>\n<p>&nbsp;<\/p>\n<p><strong>Metepec, Estado de M\u00e9xico<\/strong>.- A fin de generar condiciones para que las personas de la tercera edad y\u00a0con dif\u00edcil situaci\u00f3n econ\u00f3mica que radican en la demarcaci\u00f3n cuenten con una mejor calidad de vida, el DIF de Metepec y el Sistema para el Desarrollo Integral de la Familia del Estado de M\u00e9xico (DIFEM), entregaron diversos tipos de apoyos en el marco del programa Familias Fuertes Creciendo Contigo.<\/p>\n<p>En total, se apoy\u00f3 con 5 sillas de ruedas y 38 bastones a igual n\u00famero de abuelitos,\u00a0as\u00ed como con 534 despensas y tres mil pesos a\u00a089 familias\u00a0que se dieron citan en el Centro Social de la colonia Las Marinas.<\/p>\n<p>Acompa\u00f1ada por representantes del gobierno del Estado de M\u00e9xico, integrantes del DIF municipal, y vecinos, la titular del organismo asistencial de la demarcaci\u00f3n, Gabriela Bringas Abarca, explic\u00f3 que el\u00a0programa Familias Fuertes Creciendo Contigo, contribuye en gran medida a que los beneficiados cuenten con solidez econ\u00f3mica para cubrir sus gastos y agradeci\u00f3 el apoyo del DIFEM en los \u00faltimos tres a\u00f1os.<\/p>\n<p>Destacar que en la presente administraci\u00f3n municipal, el DIF ha apoyado a adultos mayores con m\u00e1s de 2 mil 600 consultas m\u00e9dicas gratuitas y ha brindado diferentes servicios mediante la Unidad de Rehabilitaci\u00f3n e Integraci\u00f3n Social (URIS).<\/p>\n","protected":false},"excerpt":{"rendered":"<p>A fin de generar condiciones para que las personas de la tercera edad y con dif\u00edcil situaci\u00f3n econ\u00f3mica que radican en la demarcaci\u00f3n cuenten con una mejor calidad de vida, el DIF de Metepec y el Sistema para el Desarrollo Integral de la Familia del Estado de M\u00e9xico (DIFEM), entregaron diversos tipos de apoyos en el marco del programa Familias Fuertes Creciendo Contigo.<\/p>\n","protected":false},"author":3,"featured_media":405400,"comment_status":"open","ping_status":"open","sticky":false,"template":"","format":"standard","meta":{"_monsterinsights_skip_tracking":false,"_monsterinsights_sitenote_active":false,"_monsterinsights_sitenote_note":"","_monsterinsights_sitenote_category":0,"footnotes":""},"categories":[35155],"tags":[2954,43675,876,962],"class_list":["post-405326","post","type-post","status-publish","format-standard","has-post-thumbnail","hentry","category-estado-de-mexico-estado-de-mexico","tag-dif","tag-estado-de-mexico","tag-metepec","tag-sistema-para-el-desarrollo-integral-de-la-familia-del-estado-de-mexico"],"_links":{"self":[{"href":"https:\/\/www.diarioimagen.net\/index.php?rest_route=\/wp\/v2\/posts\/405326","targetHints":{"allow":["GET"]}}],"collection":[{"href":"https:\/\/www.diarioimagen.net\/index.php?rest_route=\/wp\/v2\/posts"}],"about":[{"href":"https:\/\/www.diarioimagen.net\/index.php?rest_route=\/wp\/v2\/types\/post"}],"author":[{"embeddable":true,"href":"https:\/\/www.diarioimagen.net\/index.php?rest_route=\/wp\/v2\/users\/3"}],"replies":[{"embeddable":true,"href":"https:\/\/www.diarioimagen.net\/index.php?rest_route=%2Fwp%2Fv2%2Fcomments&post=405326"}],"version-history":[{"count":0,"href":"https:\/\/www.diarioimagen.net\/index.php?rest_route=\/wp\/v2\/posts\/405326\/revisions"}],"wp:featuredmedia":[{"embeddable":true,"href":"https:\/\/www.diarioimagen.net\/index.php?rest_route=\/wp\/v2\/media\/405400"}],"wp:attachment":[{"href":"https:\/\/www.diarioimagen.net\/index.php?rest_route=%2Fwp%2Fv2%2Fmedia&parent=405326"}],"wp:term":[{"taxonomy":"category","embeddable":true,"href":"https:\/\/www.diarioimagen.net\/index.php?rest_route=%2Fwp%2Fv2%2Fcategories&post=405326"},{"taxonomy":"post_tag","embeddable":true,"href":"https:\/\/www.diarioimagen.net\/index.php?rest_route=%2Fwp%2Fv2%2Ftags&post=405326"}],"curies":[{"name":"wp","href":"https:\/\/api.w.org\/{rel}","templated":true}]}}