{"id":405330,"date":"2018-11-29T00:06:29","date_gmt":"2018-11-29T06:06:29","guid":{"rendered":"https:\/\/www.diarioimagen.net\/?p=405330"},"modified":"2018-11-29T07:36:39","modified_gmt":"2018-11-29T13:36:39","slug":"inaugura-pavimentacion-en-la-calle-fresno-en-ampliacion-san-marcos-en-tultitlan","status":"publish","type":"post","link":"https:\/\/www.diarioimagen.net\/?p=405330","title":{"rendered":"Inaugura pavimentaci\u00f3n en la calle Fresno, en Ampliaci\u00f3n San Marcos, en Tultitl\u00e1n"},"content":{"rendered":"<p><a href=\"https:\/\/www.diarioimagen.net\/?attachment_id=405406\" rel=\"attachment wp-att-405406\"><img loading=\"lazy\" decoding=\"async\" class=\"aligncenter size-large wp-image-405406\" src=\"https:\/\/www.diarioimagen.net\/wp-content\/uploads\/2018\/11\/TULTITLAN-29-460x259.jpg\" alt=\"\" width=\"460\" height=\"259\" srcset=\"https:\/\/www.diarioimagen.net\/wp-content\/uploads\/2018\/11\/TULTITLAN-29-460x259.jpg 460w, https:\/\/www.diarioimagen.net\/wp-content\/uploads\/2018\/11\/TULTITLAN-29-240x135.jpg 240w, https:\/\/www.diarioimagen.net\/wp-content\/uploads\/2018\/11\/TULTITLAN-29-235x132.jpg 235w, https:\/\/www.diarioimagen.net\/wp-content\/uploads\/2018\/11\/TULTITLAN-29-202x114.jpg 202w, https:\/\/www.diarioimagen.net\/wp-content\/uploads\/2018\/11\/TULTITLAN-29-350x196.jpg 350w, https:\/\/www.diarioimagen.net\/wp-content\/uploads\/2018\/11\/TULTITLAN-29-220x123.jpg 220w, https:\/\/www.diarioimagen.net\/wp-content\/uploads\/2018\/11\/TULTITLAN-29-237x132.jpg 237w, https:\/\/www.diarioimagen.net\/wp-content\/uploads\/2018\/11\/TULTITLAN-29.jpg 480w\" sizes=\"auto, (max-width: 460px) 100vw, 460px\" \/><\/a><\/p>\n<p>&nbsp;<\/p>\n<p><strong>Tultitl\u00e1n, Estado de M\u00e9xico<\/strong><strong>.- <\/strong>El gobierno del alcalde Ad\u00e1n Barr\u00f3n inaugur\u00f3 una obra m\u00e1s con pavimentaci\u00f3n con concreto hidr\u00e1ulico en la calle Fresno, en Ampliaci\u00f3n San Marcos, donde beneficiar\u00e1 a m\u00e1s de\u00a0 500 colonos de la zona sur del municipio.<\/p>\n<p>En representaci\u00f3n del edil, asisti\u00f3 la directora del Instituto Tultitlense de la Juventud, Alline P\u00e9rez Hern\u00e1ndez, quien asegur\u00f3 que el objetivo del gobierno que encabeza el presidente Ad\u00e1n Barr\u00f3n, tiene claro el prop\u00f3sito de procuparce por el bienestar com\u00fan y el mayor avance posible en infraestructura hidr\u00e1ulica para generar con ello un municipio con mejor imagen urbana.<\/p>\n","protected":false},"excerpt":{"rendered":"<p>El gobierno del alcalde Ad\u00e1n Barr\u00f3n inaugur\u00f3 una obra m\u00e1s con pavimentaci\u00f3n con concreto hidr\u00e1ulico en la calle Fresno, en Ampliaci\u00f3n San Marcos, donde beneficiar\u00e1 a m\u00e1s de  500 colonos de la zona sur del municipio.<\/p>\n","protected":false},"author":3,"featured_media":405406,"comment_status":"open","ping_status":"open","sticky":false,"template":"","format":"standard","meta":{"_monsterinsights_skip_tracking":false,"_monsterinsights_sitenote_active":false,"_monsterinsights_sitenote_note":"","_monsterinsights_sitenote_category":0,"footnotes":""},"categories":[35155],"tags":[43675,26038,5935,578],"class_list":["post-405330","post","type-post","status-publish","format-standard","has-post-thumbnail","hentry","category-estado-de-mexico-estado-de-mexico","tag-estado-de-mexico","tag-pavimentacion","tag-san-marcos","tag-tultitlan"],"_links":{"self":[{"href":"https:\/\/www.diarioimagen.net\/index.php?rest_route=\/wp\/v2\/posts\/405330","targetHints":{"allow":["GET"]}}],"collection":[{"href":"https:\/\/www.diarioimagen.net\/index.php?rest_route=\/wp\/v2\/posts"}],"about":[{"href":"https:\/\/www.diarioimagen.net\/index.php?rest_route=\/wp\/v2\/types\/post"}],"author":[{"embeddable":true,"href":"https:\/\/www.diarioimagen.net\/index.php?rest_route=\/wp\/v2\/users\/3"}],"replies":[{"embeddable":true,"href":"https:\/\/www.diarioimagen.net\/index.php?rest_route=%2Fwp%2Fv2%2Fcomments&post=405330"}],"version-history":[{"count":0,"href":"https:\/\/www.diarioimagen.net\/index.php?rest_route=\/wp\/v2\/posts\/405330\/revisions"}],"wp:featuredmedia":[{"embeddable":true,"href":"https:\/\/www.diarioimagen.net\/index.php?rest_route=\/wp\/v2\/media\/405406"}],"wp:attachment":[{"href":"https:\/\/www.diarioimagen.net\/index.php?rest_route=%2Fwp%2Fv2%2Fmedia&parent=405330"}],"wp:term":[{"taxonomy":"category","embeddable":true,"href":"https:\/\/www.diarioimagen.net\/index.php?rest_route=%2Fwp%2Fv2%2Fcategories&post=405330"},{"taxonomy":"post_tag","embeddable":true,"href":"https:\/\/www.diarioimagen.net\/index.php?rest_route=%2Fwp%2Fv2%2Ftags&post=405330"}],"curies":[{"name":"wp","href":"https:\/\/api.w.org\/{rel}","templated":true}]}}