{"id":405363,"date":"2018-11-29T00:01:52","date_gmt":"2018-11-29T06:01:52","guid":{"rendered":"https:\/\/www.diarioimagen.net\/?p=405363"},"modified":"2018-11-29T02:57:12","modified_gmt":"2018-11-29T08:57:12","slug":"auditaran-irregularidades-financieras-en-el-gobierno-de-cristina-torres-gomez","status":"publish","type":"post","link":"https:\/\/www.diarioimagen.net\/?p=405363","title":{"rendered":"Auditar\u00e1n irregularidades financieras en el gobierno de Cristina Torres G\u00f3mez"},"content":{"rendered":"<h2>Derecho de r\u00e9plica<\/h2>\n<p>&nbsp;<\/p>\n<p>Como que parec\u00eda que nada iba a pasar y que todo quedar\u00eda en promesas de campa\u00f1a, pero, como a toda capillita le llega su fiestecita, la presidenta municipal de Solidaridad, Laura Beristain Navarrete, pidi\u00f3 una auditor\u00eda externa para el ayuntamiento, ya que los nuevos funcionarios encontraron varias irregularidades en la administraci\u00f3n p\u00fablica, encabezada por su antecesora, Cristina Torres G\u00f3mez.<\/p>\n<p>\u201cSe han detectado en diferentes direcciones inconsistencias que, por la cantidad e importancia de \u00e9stas, me veo en la necesidad de solicitar una auditor\u00eda externa para que de forma justa e imparcial, se determine mediante la sustentaci\u00f3n t\u00e9cnica y legal, todas las responsabilidades pertinentes y se ejerzan las medidas que corresponden\u201d, fue el anuncio de la edil y que seg\u00fan los tiempos legales, se est\u00e1 en tiempo para fincar responsabilidades a la anterior administraci\u00f3n municipal.<\/p>\n<p>Las irregularidades financieras, patrimoniales y legales ser\u00e1n verificadas por una empresa externa, por lo que ser\u00e1 personal especializado y ajeno al ayuntamiento de Playa del Carmen quien confirme si existen responsabilidades.<\/p>\n<p style=\"text-align: center;\"><strong>El que nada teme\u2026<\/strong><\/p>\n<p>El proceso de entrega-recepci\u00f3n en Solidaridad, entre los gobiernos entrante de Morena, a cargo de Laura Beristain y el saliente multicolor, del PAN-PRD, de la ex pri\u00edsta Cristina Torres G\u00f3mez, fue el pen\u00faltimo de los once ayuntamientos en realizarse, s\u00f3lo unas horas antes que en Cozumel, pues Torres G\u00f3mez no permiti\u00f3, hasta el \u00faltimo d\u00eda estipulado por la ley, que ning\u00fan funcionario de la administraci\u00f3n entrante metiera la nariz en ninguna de las direcciones antes, lo que impidi\u00f3 que se hiciera un enlace aceptable.<\/p>\n<p>Ante el anuncio de que su administraci\u00f3n ser\u00e1 auditada de pe a pa, Cristina Torres, se siente segura de haber entregado las arcas municipales en orden, hasta certificadas y asegur\u00f3 que nada debe y nada teme.<\/p>\n<p>Aquellos recibos cancelados en la Direcci\u00f3n de Ingresos, por cantidades millonarias de impuestos que circularon en internet antes de terminar su mandato, son s\u00f3lo la punta de la hebra que puede llevar a un asunto m\u00e1s escabroso, pues como dice el vejo y conocido refr\u00e1n: \u201clos matarifes de hoy ser\u00e1n las reses del ma\u00f1ana\u201d, y ser\u00eda ir\u00f3nico que, despu\u00e9s de haber acusado a su antecesor, Mauricio G\u00f3ngora (ahora en la c\u00e1rcel) de desv\u00edos de recursos, el destino de Torres G\u00f3mez fuera el mismo, irse al matadero.<\/p>\n<p style=\"text-align: center;\"><strong>\u00bfPor error?<\/strong><\/p>\n<p>A otra que hasta el az\u00facar se le baj\u00f3 fue a la Fiscal Especializada para la Atenci\u00f3n de Delitos Contra la Mujer y actual candidata a fiscal general del estado, Guadalupe Reyes Pinz\u00f3n, pues junto con sus escoltas y a bordo de una camioneta blindada fue perseguida por elementos federales para detenerla.<\/p>\n<p>Reyes Pinz\u00f3n asegura que fue un error, que la confundieron con un polic\u00eda ministerial, igualito a ella\u2026.jijijijiji\u2026.y que todo es para empa\u00f1ar su imparable candidatura a la Fiscal\u00eda General\u2026otra vez perm\u00edtame, jijijiijiji\u2026\u00a1Que no Mouse Mickey!, otra que nada debe.<\/p>\n<p>El asunto se puso r\u00edspido, pues los federales no s\u00f3lo la persiguieron por las calles de Chetumal, si no que, despu\u00e9s de que Lupita Reyes logr\u00f3 llegar hasta dentro de la Fiscal\u00eda, a esas instalaciones entraron los elementos para arrestarla, pero ante los gritos de auxilio de la fiscal, los polic\u00edas ministeriales impidieron que se la llevaran\u2026dicen\u2026.todo fue un error\u2026..seeeeee\u2026..como no.<\/p>\n<p style=\"text-align: center;\"><strong>Promueven organismo empresarial y asociaciones civiles cabildo abierto<\/strong><\/p>\n<p>El pr\u00f3ximo 5 de diciembre se llevar\u00e1 a cabo un foro para promover un Cabildo abierto. Se contar\u00e1 la experiencia vivida tras aplicar esta iniciativa en Ciudad Ju\u00e1rez, Chihuahua, promovida por organismos civiles y empresariales, como Coparmex, CCE, Ciudadanos por la Transparencia y Wikipol\u00edtica, aglutinados en la iniciativa Regidor 16.<\/p>\n<p>Adri\u00e1n L\u00f3pez S\u00e1nchez, presidente de la Coparmex, dijo que el objetivo de Regidor 16 es que la informaci\u00f3n est\u00e9 disponible para todos y que haya un n\u00famero de ciudadanos que se presenten en cada una de las sesiones de Cabildo.<\/p>\n<p>Es decir, que el Cabildo tenga la obligaci\u00f3n de darles lugares a ciudadanos que se hayan registrado previamente.<\/p>\n<p>Lo que buscan es la participaci\u00f3n cada vez mayor de los sectores sociales en la toma de decisiones, d\u00e1ndoles voz en el Cabildo.<\/p>\n<p>Sin embargo, para lograr esto, hace falta que la informaci\u00f3n est\u00e9 disponible sobre las distintas reuniones de las comisiones y los temas a ser tratados, para que un ciudadano pueda registrarse previamente, acudir a la reuni\u00f3n y externar su opini\u00f3n.<\/p>\n<p style=\"text-align: center;\"><strong>Habr\u00e1 cl\u00ednica del IMSS en Chemuyil<\/strong><\/p>\n<p>Despu\u00e9s de varios a\u00f1os de carecer de servicios m\u00e9dicos eficientes, por fin los habitantes de Chemuyil, municipio de Tulum, tendr\u00e1n una nueva Unidad M\u00e9dica Familiar del Seguro Social, con capacidad de atenci\u00f3n para m\u00e1s de 30 mil derechohabientes.<\/p>\n<p>El gobernador Carlos Joaqu\u00edn entreg\u00f3 al IMSS el t\u00edtulo de propiedad de un lote de 5 mil metros cuadrados para la construcci\u00f3n de la cl\u00ednica.<\/p>\n<p>Con la certeza de la propiedad del terreno, la delegaci\u00f3n del IMSS tramitar\u00e1 ante las \u00e1reas normativas correspondientes que se inicien las gestiones ante la Secretar\u00eda de Hacienda y Cr\u00e9dito P\u00fablico para obtener el registro en cartera y, posteriormente, contar con el presupuesto que permita llevar a cabo la licitaci\u00f3n p\u00fablica del proyecto ejecutivo y posteriormente de la obra, en apego a los tiempos establecidos por la Ley de Obra P\u00fablica.<\/p>\n<p>La nueva Unidad M\u00e9dica Familiar ser\u00e1 de seis consultorios con atenci\u00f3n continua para dar a las personas servicios de atenci\u00f3n cercana, que los derechohabientes ven\u00edan demandando en a\u00f1os anteriores, sin resultado alguno.<\/p>\n<p>Las familias de Chemuyil y de las poblaciones aleda\u00f1as ya no tendr\u00e1n que viajar a Playa del Carmen o Canc\u00fan a recibir atenci\u00f3n m\u00e9dica, lo que contribuye a disminuir la desigualdad al tener una nueva y moderna Unidad M\u00e9dica Familiar en su comunidad.<\/p>\n<p>Esta unidad, que tendr\u00e1 una capacidad de atenci\u00f3n de m\u00e1s de 30 mil derechohabientes, ser\u00e1 edificada en la Riviera Maya, que presenta un gran dinamismo en el sector tur\u00edstico y ser\u00e1 de beneficio directo a los habitantes de Tulum, Chemuyil, Akumal y Puerto Aventuras.<\/p>\n","protected":false},"excerpt":{"rendered":"<p><span style=\"color: #005497;\"><strong>Derecho de r\u00e9plica<\/strong><\/span><\/p>\n","protected":false},"author":3,"featured_media":0,"comment_status":"open","ping_status":"open","sticky":false,"template":"","format":"standard","meta":{"_monsterinsights_skip_tracking":false,"_monsterinsights_sitenote_active":false,"_monsterinsights_sitenote_note":"","_monsterinsights_sitenote_category":0,"footnotes":""},"categories":[62907],"tags":[47840,43674],"class_list":["post-405363","post","type-post","status-publish","format-standard","hentry","category-derecho-de-replica","tag-derecho-de-replica","tag-opinion"],"_links":{"self":[{"href":"https:\/\/www.diarioimagen.net\/index.php?rest_route=\/wp\/v2\/posts\/405363","targetHints":{"allow":["GET"]}}],"collection":[{"href":"https:\/\/www.diarioimagen.net\/index.php?rest_route=\/wp\/v2\/posts"}],"about":[{"href":"https:\/\/www.diarioimagen.net\/index.php?rest_route=\/wp\/v2\/types\/post"}],"author":[{"embeddable":true,"href":"https:\/\/www.diarioimagen.net\/index.php?rest_route=\/wp\/v2\/users\/3"}],"replies":[{"embeddable":true,"href":"https:\/\/www.diarioimagen.net\/index.php?rest_route=%2Fwp%2Fv2%2Fcomments&post=405363"}],"version-history":[{"count":0,"href":"https:\/\/www.diarioimagen.net\/index.php?rest_route=\/wp\/v2\/posts\/405363\/revisions"}],"wp:attachment":[{"href":"https:\/\/www.diarioimagen.net\/index.php?rest_route=%2Fwp%2Fv2%2Fmedia&parent=405363"}],"wp:term":[{"taxonomy":"category","embeddable":true,"href":"https:\/\/www.diarioimagen.net\/index.php?rest_route=%2Fwp%2Fv2%2Fcategories&post=405363"},{"taxonomy":"post_tag","embeddable":true,"href":"https:\/\/www.diarioimagen.net\/index.php?rest_route=%2Fwp%2Fv2%2Ftags&post=405363"}],"curies":[{"name":"wp","href":"https:\/\/api.w.org\/{rel}","templated":true}]}}