{"id":405441,"date":"2018-11-30T00:11:56","date_gmt":"2018-11-30T06:11:56","guid":{"rendered":"https:\/\/www.diarioimagen.net\/?p=405441"},"modified":"2018-11-30T06:29:15","modified_gmt":"2018-11-30T12:29:15","slug":"refuerzan-gem-y-tlalnepantla-tareas-de-reaccion-contra-violencia-de-genero","status":"publish","type":"post","link":"https:\/\/www.diarioimagen.net\/?p=405441","title":{"rendered":"Refuerzan reacci\u00f3n contra la violencia de g\u00e9nero"},"content":{"rendered":"<h2>Arco Norte<\/h2>\n<h5>Jos\u00e9 Luis Monta\u00f1ez Aguilar<\/h5>\n<p>&nbsp;<\/p>\n<div id=\"attachment_405442\" style=\"width: 470px\" class=\"wp-caption aligncenter\"><img loading=\"lazy\" decoding=\"async\" aria-describedby=\"caption-attachment-405442\" class=\"size-large wp-image-405442\" src=\"https:\/\/www.diarioimagen.net\/wp-content\/uploads\/2018\/11\/REACCION30-PORTAL-460x268.jpg\" alt=\"\" width=\"460\" height=\"268\" srcset=\"https:\/\/www.diarioimagen.net\/wp-content\/uploads\/2018\/11\/REACCION30-PORTAL-460x268.jpg 460w, https:\/\/www.diarioimagen.net\/wp-content\/uploads\/2018\/11\/REACCION30-PORTAL-240x140.jpg 240w, https:\/\/www.diarioimagen.net\/wp-content\/uploads\/2018\/11\/REACCION30-PORTAL.jpg 480w\" sizes=\"auto, (max-width: 460px) 100vw, 460px\" \/><p id=\"caption-attachment-405442\" class=\"wp-caption-text\">En la C\u00e9lula de Reacci\u00f3n Inmediata Tlalnepantla participan polic\u00edas estatales y municipales, as\u00ed como agentes del ministerio p\u00fablico, entre otros.<\/p><\/div>\n<p>&nbsp;<\/p>\n<p>Los gobiernos del Estado de M\u00e9xico y de Tlalnepantla mantienen un trabajo coordinado con las \u00e1reas de seguridad y de desarrollo integral, a fin de ejecutar medidas transversales para garantizar la protecci\u00f3n de ni\u00f1as, adolescentes y mujeres.<\/p>\n<p>Para dar seguimiento a pol\u00edticas p\u00fablicas en materias de reacci\u00f3n y prevenci\u00f3n se han fortalecido los canales de comunicaci\u00f3n entre las \u00e1reas de primer contacto a mujeres, como la C\u00e9lula de Reacci\u00f3n Inmediata Tlalnepantla, donde participan polic\u00edas estatales y municipales, as\u00ed como agentes del ministerio p\u00fablico, entre otros.<\/p>\n<p>En atenci\u00f3n a la Declaratoria de Alerta de G\u00e9nero por Violencia contra las Mujeres, se conformaron diversos mecanismos como la C\u00e9lula de B\u00fasqueda de Personas, integrada por 10 elementos capacitados y sensibilizados, que en los \u00faltimos tres a\u00f1os ha logrado la localizaci\u00f3n de 240 personas.<\/p>\n<p>Es el caso de Ver\u00f3nica, quien desapareci\u00f3 en julio pasado al salir de su trabajo.<\/p>\n<p>Su familia acudi\u00f3 con la autoridad local y luego de cuatro horas de trabajo de investigaci\u00f3n, la joven, fue reintegrada a su n\u00facleo.<\/p>\n<p>Para Jes\u00fas Ram\u00edrez, padre de la joven, la reacci\u00f3n de la C\u00e9lula fue clave para encontrarla, \u201cse portaron mucho muy amables, yo ten\u00eda otro concepto de ellos por \u201cx\u201d motivo.De acuerdo con Eduardo Aroche, responsable de esta c\u00e9lula, el motivo m\u00e1s recurrente de ausencias son problemas familiares, y el rango de edades es de entre 14 y 17 a\u00f1os de edad.<\/p>\n<p>De manera sistem\u00e1tica realizan conferencias en escuelas para evitar que la problem\u00e1tica contin\u00fae present\u00e1ndose.<\/p>\n<p>Otro mecanismo previsto es la operaci\u00f3n de la Polic\u00eda de G\u00e9nero que realiza, entre otras acciones, medidas de protecci\u00f3n, patrullajes y acompa\u00f1amientos, como el brindado a \u201cM\u00eda\u201d, quien fue v\u00edctima de violaci\u00f3n y actualmente es atendida con terapias psicol\u00f3gicas y atenci\u00f3n m\u00e9dica, ambas gratuitas.<\/p>\n<p>\u201cDigamos que es cosa del pasado, aunque sigue estando ah\u00ed.<\/p>\n<p>Sigo estando nerviosa, pero ya estoy m\u00e1s libre.<\/p>\n<p>Han sido estrictos por el medicamento que estuve tomando, pero ya ahorita son los estudios de sangre y las terapias.<\/p>\n<p>Ella me hizo que me sintiera m\u00e1s confiada.<\/p>\n<p>Le dije todo lo que sent\u00eda al respecto si iba regresar a la escuela y s\u00ed me convenci\u00f3\u201d, expres\u00f3.<\/p>\n<p>En territorio mexiquense se mantienen trabajos conjuntos entre el Instituto de la Defensor\u00eda P\u00fablica, \u00f3rgano desconcentrado de la Secretar\u00eda de Justicia y Derechos Humanos, y las Polic\u00edas de G\u00e9nero, como lo explica Alejandro Vega, \u201cmuchas veces llegan las usuarias con ellos -Instituto de la Mujer-, les hacen la entrevista, son atendidas psicol\u00f3gicamente y ya para su acompa\u00f1amiento nos hablan a nosotros y las trasladamos al ministerio p\u00fablico o a la defensor\u00eda p\u00fablica, porque muchas veces vienen con el fin, no de denunciar penalmente, sino es por la v\u00eda civil, quieren pelear la guardia custodia, pensi\u00f3n alimenticia, hasta el divorcio\u201d.<\/p>\n<p>En los \u00faltimos meses se han instalado m\u00e1s de 6 mil 177 nuevas luminarias tipo led, en colonias de mayor \u00edndice delictivo como Benito Ju\u00e1rez, San Rafael, San Juan Ixhuatepec y Tepeolulco, entre otras, para disminuir el riesgo de violencia contra las mujeres.<\/p>\n<p>De 2016 a septiembre de 2018, se han otorgado 6 mil 789 asesor\u00edas jur\u00eddicas y terapias psicol\u00f3gicas de las cuales mil 576, fueron por violencia de g\u00e9nero.<\/p>\n<p>Ante este escenario se sigue apostando por la prevenci\u00f3n, por lo que se conformaron 18 redes comunitarias integradas por m\u00e1s de 800 mujeres, donde se difunde informaci\u00f3n sobre violencia, talleres y ferias de empleo, para empoderar a ese sector.<\/p>\n<p>El Gobierno del Estado de M\u00e9xico, a trav\u00e9s de la Secretar\u00eda de Justicia y Derechos Humanos (SJyDH), trabaja para brindar a las ni\u00f1as, adolescentes y mujeres oportunidades y seguridad, por lo que ser\u00e1 perseverante en el combate a la violencia de g\u00e9nero.<\/p>\n<p><em><a href=\"mailto:montanezaguilar@gmail.com\" target=\"_blank\" rel=\"noopener\">montanezaguilar@gmail.com<\/a><\/em><\/p>\n","protected":false},"excerpt":{"rendered":"<p><span style=\"color: #005497;\">Jos\u00e9 Luis Monta\u00f1ez Aguilar<\/span><br \/>\n<br \/>\nLos gobiernos del Estado de M\u00e9xico y de Tlalnepantla mantienen un trabajo coordinado con las \u00e1reas de seguridad y de desarrollo integral, a fin de ejecutar medidas transversales &#8230;<\/p>\n","protected":false},"author":5,"featured_media":405442,"comment_status":"open","ping_status":"open","sticky":false,"template":"","format":"standard","meta":{"_monsterinsights_skip_tracking":false,"_monsterinsights_sitenote_active":false,"_monsterinsights_sitenote_note":"","_monsterinsights_sitenote_category":0,"footnotes":""},"categories":[5],"tags":[80622,80621,16164,14425],"class_list":["post-405441","post","type-post","status-publish","format-standard","has-post-thumbnail","hentry","category-estado-de-mexico","tag-adolescentes-y-mujeres","tag-gem-y-tlalnepantla","tag-ninas","tag-violencia-de-genero"],"_links":{"self":[{"href":"https:\/\/www.diarioimagen.net\/index.php?rest_route=\/wp\/v2\/posts\/405441","targetHints":{"allow":["GET"]}}],"collection":[{"href":"https:\/\/www.diarioimagen.net\/index.php?rest_route=\/wp\/v2\/posts"}],"about":[{"href":"https:\/\/www.diarioimagen.net\/index.php?rest_route=\/wp\/v2\/types\/post"}],"author":[{"embeddable":true,"href":"https:\/\/www.diarioimagen.net\/index.php?rest_route=\/wp\/v2\/users\/5"}],"replies":[{"embeddable":true,"href":"https:\/\/www.diarioimagen.net\/index.php?rest_route=%2Fwp%2Fv2%2Fcomments&post=405441"}],"version-history":[{"count":0,"href":"https:\/\/www.diarioimagen.net\/index.php?rest_route=\/wp\/v2\/posts\/405441\/revisions"}],"wp:featuredmedia":[{"embeddable":true,"href":"https:\/\/www.diarioimagen.net\/index.php?rest_route=\/wp\/v2\/media\/405442"}],"wp:attachment":[{"href":"https:\/\/www.diarioimagen.net\/index.php?rest_route=%2Fwp%2Fv2%2Fmedia&parent=405441"}],"wp:term":[{"taxonomy":"category","embeddable":true,"href":"https:\/\/www.diarioimagen.net\/index.php?rest_route=%2Fwp%2Fv2%2Fcategories&post=405441"},{"taxonomy":"post_tag","embeddable":true,"href":"https:\/\/www.diarioimagen.net\/index.php?rest_route=%2Fwp%2Fv2%2Ftags&post=405441"}],"curies":[{"name":"wp","href":"https:\/\/api.w.org\/{rel}","templated":true}]}}