{"id":405515,"date":"2018-11-30T00:07:11","date_gmt":"2018-11-30T06:07:11","guid":{"rendered":"https:\/\/www.diarioimagen.net\/?p=405515"},"modified":"2018-11-30T04:57:19","modified_gmt":"2018-11-30T10:57:19","slug":"piden-elevar-a-direccion-la-unidad-para-atender-la-violencia-de-genero","status":"publish","type":"post","link":"https:\/\/www.diarioimagen.net\/?p=405515","title":{"rendered":"Piden elevar a Direcci\u00f3n la unidad para atender la violencia de g\u00e9nero"},"content":{"rendered":"<ul>\n<li><strong><em>En Cuautitl\u00e1n Izcalli<\/em><\/strong><\/li>\n<\/ul>\n<p>&nbsp;<\/p>\n<div id=\"attachment_405603\" style=\"width: 470px\" class=\"wp-caption aligncenter\"><a href=\"https:\/\/www.diarioimagen.net\/?attachment_id=405603\" rel=\"attachment wp-att-405603\"><img loading=\"lazy\" decoding=\"async\" aria-describedby=\"caption-attachment-405603\" class=\"size-large wp-image-405603\" src=\"https:\/\/www.diarioimagen.net\/wp-content\/uploads\/2018\/11\/CUAUTITLAN-30-460x259.jpg\" alt=\"\" width=\"460\" height=\"259\" srcset=\"https:\/\/www.diarioimagen.net\/wp-content\/uploads\/2018\/11\/CUAUTITLAN-30-460x259.jpg 460w, https:\/\/www.diarioimagen.net\/wp-content\/uploads\/2018\/11\/CUAUTITLAN-30-240x135.jpg 240w, https:\/\/www.diarioimagen.net\/wp-content\/uploads\/2018\/11\/CUAUTITLAN-30-235x132.jpg 235w, https:\/\/www.diarioimagen.net\/wp-content\/uploads\/2018\/11\/CUAUTITLAN-30-202x114.jpg 202w, https:\/\/www.diarioimagen.net\/wp-content\/uploads\/2018\/11\/CUAUTITLAN-30-350x196.jpg 350w, https:\/\/www.diarioimagen.net\/wp-content\/uploads\/2018\/11\/CUAUTITLAN-30-220x123.jpg 220w, https:\/\/www.diarioimagen.net\/wp-content\/uploads\/2018\/11\/CUAUTITLAN-30-237x132.jpg 237w, https:\/\/www.diarioimagen.net\/wp-content\/uploads\/2018\/11\/CUAUTITLAN-30.jpg 480w\" sizes=\"auto, (max-width: 460px) 100vw, 460px\" \/><\/a><p id=\"caption-attachment-405603\" class=\"wp-caption-text\">Morales Franco precis\u00f3 que, de prosperar la iniciativa, la Direcci\u00f3n General de Atenci\u00f3n a la Violencia Familiar y de G\u00e9nero se fortalecer\u00e1, ya que recibir\u00eda \u201cun presupuesto s\u00f3lido.<\/p><\/div>\n<p>&nbsp;<\/p>\n<p><strong>Cuautitl\u00e1n Izcalli, Estado de M\u00e9xico<\/strong>.- En el marco de la 166 Sesi\u00f3n de cabildo, la Comisi\u00f3n de Atenci\u00f3n a la Violencia en Contra de las Mujeres propuso elevar a nivel de Direcci\u00f3n General del gobierno municipal la Unidad Especializada de Atenci\u00f3n a la Violencia Familiar y de G\u00e9nero, adscrita a la Comisar\u00eda de Seguridad P\u00fablica y Tr\u00e1nsito del Ayuntamiento de Cuautitl\u00e1n Izcalli.<\/p>\n<p>Ante la presencia de los ciudadanos que participaron, en la sesi\u00f3n de Cabildo Abierto, se turn\u00f3 a las Comisiones Unidas de Revisi\u00f3n y Actualizaci\u00f3n de la Reglamentaci\u00f3n Municipal y de Hacienda el asunto que fue bien recibido por el cuerpo edilicio del ayuntamiento y por el propio alcalde, V\u00edctor Estrada Garibay.<\/p>\n<p>Al respecto, la presidenta de dicha Comisi\u00f3n, la tercera regidora, Mar\u00eda Isabel Morales Franco, record\u00f3 que en la presente administraci\u00f3n de Cuautitl\u00e1n Izcalli \u201chemos atendido de manera puntual este tema, y hoy quien encabeza este ayuntamiento ha sido muy sensible y responsable con la encomienda de los izcallenses\u201d.<\/p>\n<p>Morales Franco precis\u00f3 que, de prosperar la iniciativa, la Direcci\u00f3n General de Atenci\u00f3n a la Violencia Familiar y de G\u00e9nero se fortalecer\u00e1, ya que recibir\u00eda \u201cun presupuesto s\u00f3lido para atender, vigilar y difundir todos las instancias y programas con que cuenta el gobierno municipal en apoyo a ni\u00f1as y mujeres\u201d.<\/p>\n<p>En ese sentido, la presidenta de la Comisi\u00f3n aplaudi\u00f3 el trabajo que ha realizado hasta ahora la Unidad Especializada. \u201cHan atendido puntualmente a las mujeres, a las ni\u00f1as desaparecidas y la atenci\u00f3n, la capacitaci\u00f3n que se ha dado ha sido profesional\u201d.<\/p>\n<p>La Regidora subray\u00f3 que es de vanguardia el trabajo que realiza Cuautitl\u00e1n Izcalli para atender la alerta de g\u00e9nero. \u201cUna vez m\u00e1s vamos por delante del Gobierno estatal; lo que ellos est\u00e1n proponiendo, nosotros lo estamos atendiendo de tiempo atr\u00e1s\u201d.<\/p>\n<p>Cabe comentar que pocos meses despu\u00e9s de iniciada su gesti\u00f3n, Estrada Garibay cre\u00f3 la Polic\u00eda de G\u00e9nero.<\/p>\n<p>Por su lado, el vocal de la Comisi\u00f3n que da seguimiento al tema, el Cuarto Regidor Aquilino Mois\u00e9s Salgado Monroy, mencion\u00f3 que en la mayor\u00eda de los programas o acciones que ha llevado a cabo la administraci\u00f3n de V\u00edctor Estrada, siempre existe un v\u00ednculo con la Perspectiva de G\u00e9nero.<\/p>\n<p>Mencion\u00f3, como ejemplo, el tema de las luminarias. \u201cCuando se habl\u00f3 de mejorar el alumbrado p\u00fablico, que se ha venido atendiendo hasta la fecha, se pens\u00f3 tambi\u00e9n en mejorar las condiciones para que las mujeres que vienen de sus trabajos puedan llegar sanas y salvas a su casa\u201d.<\/p>\n<p>Expuso que la propuesta de elevar la Unidad a nivel de Direcci\u00f3n, es para dotarla de m\u00e1s facultades y hacer que llegue a todos los rincones del municipio.<strong>\u00a0<\/strong><\/p>\n","protected":false},"excerpt":{"rendered":"<p>En el marco de la 166 Sesi\u00f3n de cabildo, la Comisi\u00f3n de Atenci\u00f3n a la Violencia en Contra de las Mujeres propuso elevar a nivel de Direcci\u00f3n General del gobierno municipal la Unidad Especializada de Atenci\u00f3n a la Violencia Familiar y de G\u00e9nero, adscrita a la Comisar\u00eda de Seguridad P\u00fablica y Tr\u00e1nsito del Ayuntamiento de Cuautitl\u00e1n Izcalli.<\/p>\n","protected":false},"author":3,"featured_media":405603,"comment_status":"open","ping_status":"open","sticky":false,"template":"","format":"standard","meta":{"_monsterinsights_skip_tracking":false,"_monsterinsights_sitenote_active":false,"_monsterinsights_sitenote_note":"","_monsterinsights_sitenote_category":0,"footnotes":""},"categories":[35155],"tags":[971,43675,14425],"class_list":["post-405515","post","type-post","status-publish","format-standard","has-post-thumbnail","hentry","category-estado-de-mexico-estado-de-mexico","tag-cuautitlan-izcalli","tag-estado-de-mexico","tag-violencia-de-genero"],"_links":{"self":[{"href":"https:\/\/www.diarioimagen.net\/index.php?rest_route=\/wp\/v2\/posts\/405515","targetHints":{"allow":["GET"]}}],"collection":[{"href":"https:\/\/www.diarioimagen.net\/index.php?rest_route=\/wp\/v2\/posts"}],"about":[{"href":"https:\/\/www.diarioimagen.net\/index.php?rest_route=\/wp\/v2\/types\/post"}],"author":[{"embeddable":true,"href":"https:\/\/www.diarioimagen.net\/index.php?rest_route=\/wp\/v2\/users\/3"}],"replies":[{"embeddable":true,"href":"https:\/\/www.diarioimagen.net\/index.php?rest_route=%2Fwp%2Fv2%2Fcomments&post=405515"}],"version-history":[{"count":0,"href":"https:\/\/www.diarioimagen.net\/index.php?rest_route=\/wp\/v2\/posts\/405515\/revisions"}],"wp:featuredmedia":[{"embeddable":true,"href":"https:\/\/www.diarioimagen.net\/index.php?rest_route=\/wp\/v2\/media\/405603"}],"wp:attachment":[{"href":"https:\/\/www.diarioimagen.net\/index.php?rest_route=%2Fwp%2Fv2%2Fmedia&parent=405515"}],"wp:term":[{"taxonomy":"category","embeddable":true,"href":"https:\/\/www.diarioimagen.net\/index.php?rest_route=%2Fwp%2Fv2%2Fcategories&post=405515"},{"taxonomy":"post_tag","embeddable":true,"href":"https:\/\/www.diarioimagen.net\/index.php?rest_route=%2Fwp%2Fv2%2Ftags&post=405515"}],"curies":[{"name":"wp","href":"https:\/\/api.w.org\/{rel}","templated":true}]}}