{"id":405517,"date":"2018-11-30T00:06:38","date_gmt":"2018-11-30T06:06:38","guid":{"rendered":"https:\/\/www.diarioimagen.net\/?p=405517"},"modified":"2018-11-30T06:21:59","modified_gmt":"2018-11-30T12:21:59","slug":"mas-de-11-mil-asistentes-en-los-jueves-ciudadanos-de-huixquilucan","status":"publish","type":"post","link":"https:\/\/www.diarioimagen.net\/?p=405517","title":{"rendered":"M\u00e1s de 11 mil asistentes en los Jueves Ciudadanos de Huixquilucan"},"content":{"rendered":"<p><strong><a href=\"https:\/\/www.diarioimagen.net\/?attachment_id=405613\" rel=\"attachment wp-att-405613\"><img loading=\"lazy\" decoding=\"async\" class=\"aligncenter size-large wp-image-405613\" src=\"https:\/\/www.diarioimagen.net\/wp-content\/uploads\/2018\/11\/HUIXQUILUCAN-30-460x307.jpg\" alt=\"\" width=\"460\" height=\"307\" srcset=\"https:\/\/www.diarioimagen.net\/wp-content\/uploads\/2018\/11\/HUIXQUILUCAN-30-460x307.jpg 460w, https:\/\/www.diarioimagen.net\/wp-content\/uploads\/2018\/11\/HUIXQUILUCAN-30-240x160.jpg 240w, https:\/\/www.diarioimagen.net\/wp-content\/uploads\/2018\/11\/HUIXQUILUCAN-30.jpg 700w\" sizes=\"auto, (max-width: 460px) 100vw, 460px\" \/><\/a>\u00a0<\/strong><\/p>\n<p>&nbsp;<\/p>\n<p><strong>Huixquilucan, Estado de M\u00e9xico<\/strong><strong>.- <\/strong>Al realizar el \u00faltimo Jueves Ciudadano correspondiente a la administraci\u00f3n 2016-2018, el presidente de Huixquilucan, Enrique Vargas del Villar, recibi\u00f3 por parte de los Consejos Participaci\u00f3n Ciudadana y Delegados, un reconocimiento por su destacada labor al frente del municipio.<\/p>\n<p>A nombre de las autoridades auxiliares, Juan Antonio Garrido Maya, delegado de la comunidad de Constituyentes de 1917, reconoci\u00f3 que el alcalde es un gobernante cercano a la poblaci\u00f3n, con quienes ha logrado crear un v\u00ednculo muy especial.<\/p>\n","protected":false},"excerpt":{"rendered":"<p>Al realizar el \u00faltimo Jueves Ciudadano correspondiente a la administraci\u00f3n 2016-2018, el presidente de Huixquilucan, Enrique Vargas del Villar, recibi\u00f3 por parte de los Consejos Participaci\u00f3n Ciudadana y Delegados, un reconocimiento por su destacada labor al frente del municipio.<\/p>\n","protected":false},"author":3,"featured_media":405613,"comment_status":"open","ping_status":"open","sticky":false,"template":"","format":"standard","meta":{"_monsterinsights_skip_tracking":false,"_monsterinsights_sitenote_active":false,"_monsterinsights_sitenote_note":"","_monsterinsights_sitenote_category":0,"footnotes":""},"categories":[35155],"tags":[43675,1097,80661],"class_list":["post-405517","post","type-post","status-publish","format-standard","has-post-thumbnail","hentry","category-estado-de-mexico-estado-de-mexico","tag-estado-de-mexico","tag-huixquilucan","tag-juan-antonio-garrido-maya"],"_links":{"self":[{"href":"https:\/\/www.diarioimagen.net\/index.php?rest_route=\/wp\/v2\/posts\/405517","targetHints":{"allow":["GET"]}}],"collection":[{"href":"https:\/\/www.diarioimagen.net\/index.php?rest_route=\/wp\/v2\/posts"}],"about":[{"href":"https:\/\/www.diarioimagen.net\/index.php?rest_route=\/wp\/v2\/types\/post"}],"author":[{"embeddable":true,"href":"https:\/\/www.diarioimagen.net\/index.php?rest_route=\/wp\/v2\/users\/3"}],"replies":[{"embeddable":true,"href":"https:\/\/www.diarioimagen.net\/index.php?rest_route=%2Fwp%2Fv2%2Fcomments&post=405517"}],"version-history":[{"count":0,"href":"https:\/\/www.diarioimagen.net\/index.php?rest_route=\/wp\/v2\/posts\/405517\/revisions"}],"wp:featuredmedia":[{"embeddable":true,"href":"https:\/\/www.diarioimagen.net\/index.php?rest_route=\/wp\/v2\/media\/405613"}],"wp:attachment":[{"href":"https:\/\/www.diarioimagen.net\/index.php?rest_route=%2Fwp%2Fv2%2Fmedia&parent=405517"}],"wp:term":[{"taxonomy":"category","embeddable":true,"href":"https:\/\/www.diarioimagen.net\/index.php?rest_route=%2Fwp%2Fv2%2Fcategories&post=405517"},{"taxonomy":"post_tag","embeddable":true,"href":"https:\/\/www.diarioimagen.net\/index.php?rest_route=%2Fwp%2Fv2%2Ftags&post=405517"}],"curies":[{"name":"wp","href":"https:\/\/api.w.org\/{rel}","templated":true}]}}