{"id":405520,"date":"2018-11-30T00:05:33","date_gmt":"2018-11-30T06:05:33","guid":{"rendered":"https:\/\/www.diarioimagen.net\/?p=405520"},"modified":"2018-11-30T05:02:09","modified_gmt":"2018-11-30T11:02:09","slug":"inauguran-desayunador-restaurado-en-primaria-afectada-de-tultepec","status":"publish","type":"post","link":"https:\/\/www.diarioimagen.net\/?p=405520","title":{"rendered":"Inauguran desayunador restaurado en primaria afectada de Tultepec"},"content":{"rendered":"<ul>\n<li><strong><em>Por el temblor de septiembre de 2017\u00ad<\/em><\/strong><\/li>\n<\/ul>\n<p>&nbsp;<\/p>\n<div id=\"attachment_405605\" style=\"width: 470px\" class=\"wp-caption aligncenter\"><a href=\"https:\/\/www.diarioimagen.net\/?attachment_id=405605\" rel=\"attachment wp-att-405605\"><img loading=\"lazy\" decoding=\"async\" aria-describedby=\"caption-attachment-405605\" class=\"size-large wp-image-405605\" src=\"https:\/\/www.diarioimagen.net\/wp-content\/uploads\/2018\/11\/TULTEPEC-30-460x259.jpg\" alt=\"\" width=\"460\" height=\"259\" srcset=\"https:\/\/www.diarioimagen.net\/wp-content\/uploads\/2018\/11\/TULTEPEC-30-460x259.jpg 460w, https:\/\/www.diarioimagen.net\/wp-content\/uploads\/2018\/11\/TULTEPEC-30-240x135.jpg 240w, https:\/\/www.diarioimagen.net\/wp-content\/uploads\/2018\/11\/TULTEPEC-30-235x132.jpg 235w, https:\/\/www.diarioimagen.net\/wp-content\/uploads\/2018\/11\/TULTEPEC-30-202x114.jpg 202w, https:\/\/www.diarioimagen.net\/wp-content\/uploads\/2018\/11\/TULTEPEC-30-350x196.jpg 350w, https:\/\/www.diarioimagen.net\/wp-content\/uploads\/2018\/11\/TULTEPEC-30-220x123.jpg 220w, https:\/\/www.diarioimagen.net\/wp-content\/uploads\/2018\/11\/TULTEPEC-30-237x132.jpg 237w, https:\/\/www.diarioimagen.net\/wp-content\/uploads\/2018\/11\/TULTEPEC-30.jpg 480w\" sizes=\"auto, (max-width: 460px) 100vw, 460px\" \/><\/a><p id=\"caption-attachment-405605\" class=\"wp-caption-text\">Morales Franco precis\u00f3 que, de prosperar la iniciativa, la Direcci\u00f3n General de Atenci\u00f3n a la Violencia Familiar y de G\u00e9nero se fortalecer\u00e1, ya que recibir\u00eda \u201cun presupuesto s\u00f3lido.<\/p><\/div>\n<p>&nbsp;<\/p>\n<p><strong>Tultepec, Estado de M\u00e9xico<\/strong>.- Aunque las escuelas son responsabilidad del estado, este gobierno siempre ha trabajado para dignificar las condiciones en los planteles educativos en todos los niveles y esta obra es s\u00f3lo un bot\u00f3n de muestra, afirm\u00f3 el alcalde Armando Cervantes Punzo, al hacer entrega de un nuevo desayunador en la escuela primaria Emiliano Zapata, ubicado en la delegaci\u00f3n de San Antonio Xahuento.<\/p>\n<p>Ante el director del plantel del turno matutino, Baltazar Rodr\u00edguez Lara, record\u00f3 que, luego de las afectaciones que sufri\u00f3 el desayunador y dos salones m\u00e1s de este plantel tras los sismos de septiembre de 2017, a s\u00f3lo tres d\u00edas de realizada la petici\u00f3n de demolici\u00f3n y reconstrucci\u00f3n en la presidencia municipal, se iniciaron las obras. Dijo que esta obra fue un compromiso del entonces presidente municipal y ahora alcalde electo Armando Portuguez Fuentes, \u201cpero los compromisos que hace este gobierno siempre se cumplen, y gracias a la continuidad en el proyecto de gobierno, en la pr\u00f3xima administraci\u00f3n tambi\u00e9n continuar\u00e1 el trabajo, siempre en favor de la ciudadan\u00eda\u201d.<\/p>\n<p>Acompa\u00f1ado por integrantes del Cabildo, directores y Jefes de \u00e1rea de la administraci\u00f3n municipal en ceremonia c\u00edvica celebrada en el plantel, el presidente municipal inform\u00f3 que entre los trabajos realizados se demoli\u00f3 el anterior inmueble en mal estado, as\u00ed como dos aulas m\u00e1s y parte de la barda perimetral.<\/p>\n<p>Oscar Ram\u00edrez Peralta, director de Obras P\u00fablicas, explic\u00f3 que en el lugar se construy\u00f3 una cimentaci\u00f3n de 160 metros cuadrados para brindar una mayor estabilidad al nuevo desayunador, el cual cuenta con dos bodegas de alimentos, una por turno y una cocineta, la reconstrucci\u00f3n de andadores y la rehabilitaci\u00f3n de m\u00f3dulos sanitarios contiguos al inmueble.<\/p>\n<p>Precis\u00f3 tambi\u00e9n que en un trabajo coordinado entre las direcciones de Obras P\u00fablicas, Imagen Urbana y Servicios P\u00fablicos; se llevaron a cabo labores de demolici\u00f3n y retiro de escombros, poda de pasto y \u00e1rboles, as\u00ed como limpieza general en toda la escuela.<\/p>\n<p>En la obra se invirtieron alrededor de 900 mil pesos del Fondo de Infraestructura Social Municipal (FIS), y de recursos propios. Finalmente, el presidente municipal comprometi\u00f3 el apoyo con utensilios de cocina y otros enseres para brindar un mejor servicio en favor de los alumnos.<\/p>\n<p>###<\/p>\n<p><strong>El desayunador y dos salones<\/strong> m\u00e1s sufrieron afectaciones por el temblor de septiembre y a s\u00f3lo tres d\u00edas de realizada la petici\u00f3n de demolici\u00f3n y reconstrucci\u00f3n, se iniciaron las obras.<\/p>\n","protected":false},"excerpt":{"rendered":"<p>Aunque las escuelas son responsabilidad del estado, este gobierno siempre ha trabajado para dignificar las condiciones en los planteles educativos en todos los niveles y esta obra es s\u00f3lo un bot\u00f3n de muestra, afirm\u00f3 el alcalde Armando Cervantes Punzo, al hacer entrega de un nuevo desayunador en la escuela primaria Emiliano Zapata, ubicado en la delegaci\u00f3n de San Antonio Xahuento.<\/p>\n","protected":false},"author":3,"featured_media":405605,"comment_status":"open","ping_status":"open","sticky":false,"template":"","format":"standard","meta":{"_monsterinsights_skip_tracking":false,"_monsterinsights_sitenote_active":false,"_monsterinsights_sitenote_note":"","_monsterinsights_sitenote_category":0,"footnotes":""},"categories":[35155],"tags":[80662,43675,19653,3802],"class_list":["post-405520","post","type-post","status-publish","format-standard","has-post-thumbnail","hentry","category-estado-de-mexico-estado-de-mexico","tag-afecgtada","tag-estado-de-mexico","tag-primaria","tag-tultepec"],"_links":{"self":[{"href":"https:\/\/www.diarioimagen.net\/index.php?rest_route=\/wp\/v2\/posts\/405520","targetHints":{"allow":["GET"]}}],"collection":[{"href":"https:\/\/www.diarioimagen.net\/index.php?rest_route=\/wp\/v2\/posts"}],"about":[{"href":"https:\/\/www.diarioimagen.net\/index.php?rest_route=\/wp\/v2\/types\/post"}],"author":[{"embeddable":true,"href":"https:\/\/www.diarioimagen.net\/index.php?rest_route=\/wp\/v2\/users\/3"}],"replies":[{"embeddable":true,"href":"https:\/\/www.diarioimagen.net\/index.php?rest_route=%2Fwp%2Fv2%2Fcomments&post=405520"}],"version-history":[{"count":0,"href":"https:\/\/www.diarioimagen.net\/index.php?rest_route=\/wp\/v2\/posts\/405520\/revisions"}],"wp:featuredmedia":[{"embeddable":true,"href":"https:\/\/www.diarioimagen.net\/index.php?rest_route=\/wp\/v2\/media\/405605"}],"wp:attachment":[{"href":"https:\/\/www.diarioimagen.net\/index.php?rest_route=%2Fwp%2Fv2%2Fmedia&parent=405520"}],"wp:term":[{"taxonomy":"category","embeddable":true,"href":"https:\/\/www.diarioimagen.net\/index.php?rest_route=%2Fwp%2Fv2%2Fcategories&post=405520"},{"taxonomy":"post_tag","embeddable":true,"href":"https:\/\/www.diarioimagen.net\/index.php?rest_route=%2Fwp%2Fv2%2Ftags&post=405520"}],"curies":[{"name":"wp","href":"https:\/\/api.w.org\/{rel}","templated":true}]}}